{"id":13420,"date":"2026-04-27T10:28:23","date_gmt":"2026-04-27T10:28:23","guid":{"rendered":"https:\/\/busondakika.com.tr\/?p=13420"},"modified":"2026-04-27T10:28:24","modified_gmt":"2026-04-27T10:28:24","slug":"narlidere-belediyesi-cocuk-senfoni-orkestrasindan-aassmde-buyuleyici-23-nisan-konseri","status":"publish","type":"post","link":"https:\/\/busondakika.com.tr\/?p=13420","title":{"rendered":"Narl\u0131dere Belediyesi \u00c7ocuk Senfoni Orkestras\u0131\u2019ndan AASSM\u2019de B\u00fcy\u00fcleyici 23 Nisan Konseri"},"content":{"rendered":"<p> <b><i>Narl\u0131dere Belediyesi \u00c7ocuk Senfoni Orkestras\u0131, 23 Nisan Ulusal Egemenlik ve \u00c7ocuk Bayram\u0131\u2019nda yine muhte\u015fem bir konsere imza att\u0131. Orkestra, Ahmed Adnan Saygun Sanat Merkezi\u2019nde verdi\u011fi ve yakla\u015f\u0131k 2 saat s\u00fcren konserle, \u0130zmirli vatanda\u015flara m\u00fczik ziyafeti sundu<\/i><\/b><b><i>\u00a0<\/i><\/b><\/p>\n<p>Narl\u0131dere Belediyesi \u00c7ocuk Senfoni Orkestras\u0131, 23 Ulusal Egemenlik ve \u00c7ocuk Bayram\u0131m\u0131z ile milli egemenli\u011fimizin simgesi TBMM\u2019nin a\u00e7\u0131l\u0131\u015f\u0131n\u0131n 106\u2019nc\u0131 y\u0131l\u0131 kapsam\u0131nda, Ahmed Adnan Saygun Sanat Merkezi\u2019nde (AASSM) muhte\u015fem bir konsere imza att\u0131. Klasik bat\u0131 m\u00fczi\u011finden se\u00e7ki eserlerin yan\u0131 s\u0131ra, film m\u00fczikleri ve mar\u015flar\u0131 sanatseverlerle bulu\u015fturan Orkestra, seslendirdikleri mar\u015flarla, \u0130zmirli vatanda\u015flara 23 Nisan co\u015fkusunu doyas\u0131ya ya\u015fatt\u0131. Orkestra \u015fefi Tolga Ak\u0131n y\u00f6netiminde, 80 ki\u015filik dev kadrosuyla, \u0130zmirli sanatseverlere b\u00fcy\u00fcl\u00fc anlar ya\u015fatan \u00c7ocuk Senfoni Orkestras\u0131, uzun s\u00fcre ayakta alk\u0131\u015fland\u0131.<\/p>\n<p>Konserde solo performanslar\u0131n\u0131 da sergileyen \u00e7ocuklar, Cumhuriyetimizin kurucusu Gazi Mustafa Kemal Atat\u00fcrk\u2019e ba\u011f\u0131ms\u0131zl\u0131k m\u00fccadelemizin kahramanlar\u0131na sayg\u0131lar\u0131n\u0131 sanat\u0131n g\u00fcc\u00fcyle g\u00f6sterdi.<\/p>\n<p><b>NARLIDERE BELED\u0130YES\u0130 \u00d6RNEK OLUYOR<\/b><\/p>\n<p>Orkestra \u015eefi Tolga Ak\u0131n, Narl\u0131dere Belediyesi\u2019nin \u00c7ocuk Senfoni Orkestras\u0131 ile \u00e7ok \u00f6nemli bir i\u015fe imza att\u0131\u011f\u0131n\u0131 belirterek, \u201cBu birlikte \u00fc\u00e7\u00fcnc\u00fc konserimiz. 2025 y\u0131l\u0131n\u0131n eyl\u00fcl ay\u0131nda, 33 \u00f6\u011frenciyle teslim ald\u0131\u011f\u0131m orkestray\u0131 bug\u00fcn sahneye 80 ki\u015fiye \u00e7\u0131kartm\u0131\u015f olmak ve \u00e7ocuklar\u0131m\u0131n hepsinin geli\u015fimine tan\u0131kl\u0131k etmek benim i\u00e7in b\u00fcy\u00fck bir sevin\u00e7 kayna\u011f\u0131 oldu. Her biri birbirinden yetenekli \u00e7ocuklar\u0131m\u0131z\u0131 kutluyorum. Narl\u0131dere Belediyemize \u00e7ocuklara verdi\u011fi destek i\u00e7in te\u015fekk\u00fcr ediyorum. Bu orkestralar\u0131n \u00e7o\u011falmas\u0131 i\u00e7in di\u011fer t\u00fcm kurumlar\u0131n da Narl\u0131dere Belediyesi\u2019ni \u00f6rnek almas\u0131 gerekti\u011fini d\u00fc\u015f\u00fcn\u00fcyorum. Bayram\u0131m\u0131z kutlu olsun\u201d dedi.<\/p>\n<p>Narl\u0131dere Belediye Ba\u015fkan Yard\u0131mc\u0131s\u0131 \u00c7a\u011fr\u0131 Sofu ise, \u201cSizlere \u00f6ncelikle, Narl\u0131dere Belediye Ba\u015fkan\u0131m\u0131z Say\u0131n Erman Uzun\u2019un selam ve sayg\u0131lar\u0131n\u0131 iletiyorum. Kendisi, Ankara program\u0131 oldu\u011fu i\u00e7in aram\u0131zda olamad\u0131. Burada, hep birlikte uluslararas\u0131 bir i\u015f yapt\u0131\u011f\u0131m\u0131z\u0131 d\u00fc\u015f\u00fcn\u00fcyoruz. Ailelerimize, \u00e7ocuklar\u0131m\u0131za te\u015fekk\u00fcr ediyoruz. 23 Nisan Ulusal Egemenlik ve \u00c7ocuk Bayram\u0131m\u0131z kutlu olsun\u201d diye konu\u015ftu.\u00a0<\/p>\n<p>\u00a0<\/p>\n<p>\u00a0<\/p>\n<p>Kaynak: (BYZHA) Beyaz Haber Ajans\u0131<\/p>\n","protected":false},"excerpt":{"rendered":"<p>Narl\u0131dere Belediyesi \u00c7ocuk Senfoni Orkestras\u0131, 23 Nisan Ulusal Egemenlik ve \u00c7ocuk Bayram\u0131\u2019nda yine muhte\u015fem bir konsere imza att\u0131.<\/p>\n","protected":false},"author":1,"featured_media":13421,"comment_status":"open","ping_status":"open","sticky":false,"template":"","format":"standard","meta":{"footnotes":""},"categories":[20],"tags":[],"class_list":["post-13420","post","type-post","status-publish","format-standard","has-post-thumbnail","hentry","category-kultur-sanat"],"_links":{"self":[{"href":"https:\/\/busondakika.com.tr\/index.php?rest_route=\/wp\/v2\/posts\/13420","targetHints":{"allow":["GET"]}}],"collection":[{"href":"https:\/\/busondakika.com.tr\/index.php?rest_route=\/wp\/v2\/posts"}],"about":[{"href":"https:\/\/busondakika.com.tr\/index.php?rest_route=\/wp\/v2\/types\/post"}],"author":[{"embeddable":true,"href":"https:\/\/busondakika.com.tr\/index.php?rest_route=\/wp\/v2\/users\/1"}],"replies":[{"embeddable":true,"href":"https:\/\/busondakika.com.tr\/index.php?rest_route=%2Fwp%2Fv2%2Fcomments&post=13420"}],"version-history":[{"count":1,"href":"https:\/\/busondakika.com.tr\/index.php?rest_route=\/wp\/v2\/posts\/13420\/revisions"}],"predecessor-version":[{"id":13422,"href":"https:\/\/busondakika.com.tr\/index.php?rest_route=\/wp\/v2\/posts\/13420\/revisions\/13422"}],"wp:featuredmedia":[{"embeddable":true,"href":"https:\/\/busondakika.com.tr\/index.php?rest_route=\/wp\/v2\/media\/13421"}],"wp:attachment":[{"href":"https:\/\/busondakika.com.tr\/index.php?rest_route=%2Fwp%2Fv2%2Fmedia&parent=13420"}],"wp:term":[{"taxonomy":"category","embeddable":true,"href":"https:\/\/busondakika.com.tr\/index.php?rest_route=%2Fwp%2Fv2%2Fcategories&post=13420"},{"taxonomy":"post_tag","embeddable":true,"href":"https:\/\/busondakika.com.tr\/index.php?rest_route=%2Fwp%2Fv2%2Ftags&post=13420"}],"curies":[{"name":"wp","href":"https:\/\/api.w.org\/{rel}","templated":true}]}}