{"id":13438,"date":"2026-04-27T10:38:21","date_gmt":"2026-04-27T10:38:21","guid":{"rendered":"https:\/\/busondakika.com.tr\/?p=13438"},"modified":"2026-04-27T10:38:22","modified_gmt":"2026-04-27T10:38:22","slug":"yapay-zeka-yildizlarinda-yeni-hedef-100-bin-ogrenciye-ulasmak","status":"publish","type":"post","link":"https:\/\/busondakika.com.tr\/?p=13438","title":{"rendered":"\u201cYapay Zek\u00e2 Y\u0131ld\u0131zlar\u0131\u201dnda Yeni Hedef: 100 Bin \u00d6\u011frenciye Ula\u015fmak"},"content":{"rendered":"<p> Toplumsal de\u011fi\u015fim ve geli\u015fimin \u00f6nc\u00fcs\u00fc olma hedefiyle faaliyetlerini s\u00fcrd\u00fcren\u00a0<strong>Vodafone Vakf\u0131,<\/strong>\u00a0gen\u00e7 nesilleri dijital gelece\u011fe haz\u0131rlamaya devam ediyor. Vak\u0131f, 2 y\u0131l \u00f6nce Habitat Derne\u011fi i\u015fbirli\u011fiyle hayata ge\u00e7irdi\u011fi\u00a0<strong>\u201cYapay Zek\u00e2 Y\u0131ld\u0131zlar\u0131\u201d\u00a0<\/strong>dijital e\u011fitim projesiyle,\u00a0ortaokul ve lise \u00f6\u011frencilerini yapay zek\u00e2 ile bulu\u015fturuyor. \u00d6\u011frenciler, yapay zek\u00e2 konusunda \u00e7e\u015fitli ara\u00e7larla i\u00e7erik \u00fcretirken, yapay zek\u00e2y\u0131 kapsaml\u0131 bir \u015fekilde \u00f6\u011freniyor ve kendi projelerini geli\u015ftiriyor. Bug\u00fcne kadar\u00a0<strong>81 ilde\u00a0118 bin<\/strong>\u00a0\u00f6\u011frenciye ula\u015f\u0131lan\u00a0projenin yeni d\u00f6neminde\u00a0<strong>100 bin<\/strong>\u00a0\u00f6\u011frenciye daha ula\u015f\u0131lmas\u0131 hedefleniyor.\u00a0<\/p>\n<p>\u201cYapay Zek\u00e2 Y\u0131ld\u0131zlar\u0131\u201d projesinin yeni d\u00f6nem hedefleri,\u00a0<strong>T\u00fcrkiye Vodafone Vakf\u0131 Ba\u015fkan\u0131 Hasan S\u00fcel<\/strong>\u00a0ve\u00a0<strong>Habitat Derne\u011fi \u0130cra Kurulu Ba\u015fkan\u0131 Bora Caldu\u2019nun\u00a0<\/strong>kat\u0131l\u0131m\u0131yla d\u00fczenlenen toplant\u0131da payla\u015f\u0131ld\u0131.<\/p>\n<p><strong>T\u00fcrkiye Vodafone Vakf\u0131 Ba\u015fkan\u0131 Hasan S\u00fcel,\u00a0<\/strong>\u015funlar\u0131 s\u00f6yledi:<\/p>\n<p>\u201cHer teknolojide oldu\u011fu gibi yapay zek\u00e2n\u0131n da pozitif d\u00f6n\u00fc\u015ft\u00fcr\u00fcc\u00fc g\u00fcc\u00fcne inan\u0131yoruz. Neredeyse her alanda kullanmaya ba\u015flad\u0131\u011f\u0131m\u0131z yapay zek\u00e2 teknolojileri hemen her alanda \u00fcretimi etkiliyor ve bu haliyle \u00f6nemli bir katma de\u011fer yaratma potansiyeline sahip. Yak\u0131n gelece\u011fimizi \u015fekillendirmede b\u00fcy\u00fck bir etkisi olaca\u011f\u0131na inand\u0131\u011f\u0131m\u0131z yapay zek\u00e2 konusunda \u00fclkemizdeki fark\u0131ndal\u0131k ve becerilerin artmas\u0131 gerekti\u011fine inan\u0131yoruz. \u00d6zellikle gen\u00e7lerimizin bu konuda e\u011fitim almas\u0131n\u0131 \u00f6nemsiyoruz. Bu inan\u00e7la, 2 y\u0131l \u00f6nce Habitat Derne\u011fi ile gen\u00e7lere y\u00f6nelik yapay zek\u00e2 e\u011fitimlerine ba\u015flad\u0131k. \u2018Yapay Zek\u00e2 Y\u0131ld\u0131zlar\u0131\u2019 projesiyle, \u00fclkemizde yapay zek\u00e2 alan\u0131ndaki at\u0131l\u0131m ve e\u011fitim yayg\u0131nla\u015ft\u0131rma s\u00fcrecine \u00f6nc\u00fcl\u00fck ediyoruz. Amac\u0131m\u0131z, gen\u00e7 nesillerin teknolojik bak\u0131mdan donan\u0131ml\u0131 olmalar\u0131n\u0131 sa\u011flamak, g\u00fcn\u00fcm\u00fczde her alanda g\u00f6rd\u00fc\u011f\u00fcm\u00fcz yapay zek\u00e2 teknolojisini \u00f6\u011frenip kullanarak yarat\u0131c\u0131 fikirlerini yeni teknolojilerle birle\u015ftirmelerini m\u00fcmk\u00fcn k\u0131lmak. Bug\u00fcne kadar toplam 118 bin \u00f6\u011frenciye ula\u015ft\u0131k.\u00a0Yeni d\u00f6nemde hedefimiz 100 bin \u00f6\u011frenciye daha ula\u015fmak. S\u00fcregelen \u00e7al\u0131\u015fmalar\u0131m\u0131z\u0131n yan\u0131nda\u00a0yeni olu\u015fumlara da imza ataca\u011f\u0131z.\u00a0Vodafone Vakf\u0131 olarak, gen\u00e7 nesillerin gelece\u011fi i\u00e7in \u00e7al\u0131\u015fmaya devam edece\u011fiz.\u201d<\/p>\n<p><strong>Habitat Derne\u011fi \u0130cra Kurulu Ba\u015fkan\u0131 Bora Caldu\u00a0<\/strong>ise<strong>\u00a0<\/strong>\u015f\u00f6yle konu\u015ftu:<\/p>\n<p>\u201cYapay zek\u00e2y\u0131 yaln\u0131zca bir teknoloji olarak de\u011fil, gen\u00e7lerin kendilerini ifade edebilecekleri yeni bir dil olarak g\u00f6r\u00fcyoruz. \u2018Yapay Zek\u00e2 Y\u0131ld\u0131zlar\u0131\u2019 ile T\u00fcrkiye\u2019nin d\u00f6rt bir yan\u0131ndaki \u00e7ocuklar\u0131n bu dille \u00fcretmesini \u00f6nemsiyoruz. Bu do\u011frultuda, ortaokul ve lise d\u00fczeyindeki \u00f6\u011frencilerimize kapsaml\u0131 bir yapay zek\u00e2 e\u011fitimi sunuyoruz. Bu e\u011fitimlerde; \u00fcretken yapay zek\u00e2 ara\u00e7lar\u0131ndan veri okuryazarl\u0131\u011f\u0131na, prompt geli\u015ftirmeden makine \u00f6\u011frenmesine, yapay zek\u00e2 g\u00fcvenli\u011finden b\u00fcy\u00fck dil modellerine kadar geni\u015f bir i\u00e7erik sunuyoruz. Amac\u0131m\u0131z, yaln\u0131zca teknik bilgi kazand\u0131rmak de\u011fil; ayn\u0131 zamanda gen\u00e7lerimizin ele\u015ftirel d\u00fc\u015f\u00fcnme, problem \u00e7\u00f6zme ve etik fark\u0131ndal\u0131k becerlerini geli\u015ftirmek. \u00d6\u011frencilerimiz, \u00f6\u011frendikleri bilgileri ger\u00e7ek hayat problemlerine uygulayarak etki odakl\u0131 \u00e7\u00f6z\u00fcmler \u00fcretiyor. Bu sayede yaln\u0131zca teknolojiyi kullanan de\u011fil; onu anlayan, sorgulayan, \u00fcreten ve toplumsal fayda i\u00e7in d\u00f6n\u00fc\u015ft\u00fcren bir neslin yeti\u015fmesine katk\u0131 sa\u011fl\u0131yoruz.\u201d<\/p>\n<p><strong>\u201cAI Startup Studio\u201d program\u0131 devam edecek<\/strong><\/p>\n<p>\u201cYapay Zek\u00e2 Y\u0131ld\u0131zlar\u0131\u201d projesi kapsam\u0131nda, global i\u00e7erik ve etkinliklerle gen\u00e7ler i\u00e7in farkl\u0131 geli\u015fim alanlar\u0131 da sunuluyor. Proje kapsam\u0131nda ba\u015flat\u0131lan \u201cAI Startup Studio\u201d program\u0131 yeni d\u00f6nemde de devam edecek. Fiziksel ve \u00e7evrim i\u00e7i olarak y\u00fcr\u00fct\u00fclecek program\u0131n e\u011fitim a\u015famas\u0131nda, toplam 20 giri\u015fim yapay zek\u00e2 odakl\u0131 fikir geli\u015ftirme, teknik beceriler, yal\u0131n kanvas ve \u00fcr\u00fcn geli\u015ftirme s\u00fcre\u00e7lerine ili\u015fkin e\u011fitim alacak. E\u011fitim a\u015famas\u0131n\u0131 ba\u015far\u0131yla tamamlayan 10 giri\u015fimin yat\u0131r\u0131m, finans ve giri\u015fimcilik destekleri alanlar\u0131nda e\u011fitim almalar\u0131, ayr\u0131ca Vodafone G\u00f6n\u00fcll\u00fcleri, akademisyenler ve giri\u015fimcilerden olu\u015fan bir mentor havuzundan yararlanmalar\u0131 sa\u011flanacak. Bu h\u0131zland\u0131r\u0131c\u0131 program\u0131 ba\u015far\u0131yla tamamlayan 5 giri\u015fim ise j\u00fcri kar\u015f\u0131s\u0131nda fikirlerini sunacak.\u00a0\u201cAI Startup Studio\u201d program\u0131, \u00f6\u011frencilerin yapay zek\u00e2 alan\u0131nda yenilik\u00e7i \u00e7\u00f6z\u00fcmler geli\u015ftirmelerini te\u015fvik ederken, k\u00fcresel yapay zek\u00e2 etkinlikleriyle de desteklenecek.<\/p>\n<p><strong>Yapay zek\u00e2 tabanl\u0131 iki yeni etkinlik<\/strong><\/p>\n<p>\u201cYapay Zek\u00e2 Y\u0131ld\u0131zlar\u0131\u201d projesinde \u201cAI For Planet\u201d ve \u201cAI Champs Yar\u0131\u015fmas\u0131\u201d ad\u0131yla iki yeni etkinlik de d\u00fczenlenecek. \u201cAI For Planet\u201d kapsam\u0131nda, k\u0131rsal b\u00f6lgelerde yer alan 4 ilde Vodafone ve proje g\u00f6n\u00fcll\u00fclerinin katk\u0131lar\u0131yla bir g\u00fcnl\u00fck etkile\u015fimli etkinlikler d\u00fczenlenecek. Bu etkinliklerde yapay zek\u00e2, iklim ve s\u00fcrd\u00fcr\u00fclebilirlik temalar\u0131na odaklanan i\u00e7erikler kat\u0131l\u0131mc\u0131larla bulu\u015fturulacak. S\u00f6z konusu faaliyetler, hedef ya\u015f grubundaki \u00e7ocuklar\u0131n bu alanlarda fark\u0131ndal\u0131k kazanmalar\u0131n\u0131 ve temel bilgileri edinmelerini desteklemeyi ama\u00e7l\u0131yor.<\/p>\n<p>\u201cAI Champs Yar\u0131\u015fmas\u0131\u201d ise \u00e7ocuk ve gen\u00e7lerin yapay zek\u00e2 okuryazarl\u0131\u011f\u0131n\u0131 geli\u015ftirmeye y\u00f6nelik bir yar\u0131\u015fma s\u00fcreci y\u00fcr\u00fct\u00fclmesini kaps\u0131yor. Bu s\u00fcre\u00e7te kat\u0131l\u0131mc\u0131lar\u0131n, \u00f6zellikle yapay zek\u00e2 odakl\u0131 toplumsal fayda sa\u011flayan projeler geli\u015ftirmeleri te\u015fvik edilecek. Yar\u0131\u015fma kapsam\u0131nda ortaya \u00e7\u0131kan fikirlerin somut projelere d\u00f6n\u00fc\u015ft\u00fcr\u00fclmesi ve ulusal \u00f6l\u00e7ekte yenilik\u00e7i \u00e7\u00f6z\u00fcmler \u00fcretilmesi hedefleniyor. Bu do\u011frultuda, ortaokul \u00f6\u011frencilerinden, \u201cyapay zek\u00e2 ile video \u00fcretme\u201d, \u201cyapay zek\u00e2 ile m\u00fczik \u00fcretme\u201d, \u201cyapay zek\u00e2 ile resim \u00fcretme\u201d, \u201cyapay zek\u00e2 odakl\u0131 blok tabanl\u0131 oyun\/uygulama geli\u015ftirme\u201d ba\u015fl\u0131klar\u0131 \u00fczerinden proje geli\u015ftirmeleri istenecek.\u00a0<\/p>\n<p><strong>Toplam 210 g\u00f6n\u00fcll\u00fc e\u011fitmen yeti\u015ftirilecek<\/strong><\/p>\n<p>\u201cYapay Zek\u00e2 Y\u0131ld\u0131zlar\u0131\u201d projesi\u00a0kapsam\u0131nda e\u011fitmen e\u011fitimleri de devam edecek. T\u00fcm i\u00e7erikler i\u00e7in 210 g\u00f6n\u00fcll\u00fc e\u011fitmen yeti\u015ftirilecek. 110 g\u00f6n\u00fcll\u00fc e\u011fitmen hibrit olarak 5 g\u00fcnl\u00fck, 100 g\u00f6n\u00fcll\u00fc e\u011fitmen ise y\u00fcz y\u00fcze olarak 3 g\u00fcnl\u00fck e\u011fitim alacak. A\u011f\u0131rl\u0131kl\u0131 olarak okullardaki \u00f6\u011fretmenlerin bu e\u011fitimi almalar\u0131 hedefleniyor. E\u011fitmen kadrosu, Habitat Derne\u011fi ve Vodafone g\u00f6n\u00fcll\u00fclerinin de dahil olaca\u011f\u0131 kontenjanlara sahip olacak.<\/p>\n<p><strong>Afet b\u00f6lgesindeki faaliyetler s\u00fcrecek<\/strong><\/p>\n<p>\u201cYapay Zek\u00e2 Y\u0131ld\u0131zlar\u0131\u201d projesi\u00a0kapsam\u0131nda gezici \u00e7ad\u0131rda proje kapsam\u0131nda yer alan i\u00e7erikler yayg\u0131nla\u015ft\u0131r\u0131lacak ve e\u011fitim materyalleri gezici \u00e7ad\u0131rla afet b\u00f6lgesindeki \u015fehirlere ta\u015f\u0131nacak. Kahramanmara\u015f ve Hatay\u2019da halihaz\u0131rda faaliyetlerine devam eden konteyner teknoloji s\u0131n\u0131flar\u0131nda e\u011fitimlerin yayg\u0131nla\u015ft\u0131r\u0131lmas\u0131na devam edilecek.<\/p>\n<p><s>\u00a0<\/s><\/p>\n<p>\u00a0<\/p>\n<p>Kaynak: (BYZHA) Beyaz Haber Ajans\u0131<\/p>\n","protected":false},"excerpt":{"rendered":"<p>Toplumsal de\u011fi\u015fim ve geli\u015fimin \u00f6nc\u00fcs\u00fc olma hedefiyle faaliyetlerini s\u00fcrd\u00fcren\u00a0Vodafone Vakf\u0131,\u00a0gen\u00e7 nesilleri dijital gelece\u011fe haz\u0131rlamaya devam ediyor.<\/p>\n","protected":false},"author":1,"featured_media":13439,"comment_status":"open","ping_status":"open","sticky":false,"template":"","format":"standard","meta":{"footnotes":""},"categories":[25],"tags":[],"class_list":["post-13438","post","type-post","status-publish","format-standard","has-post-thumbnail","hentry","category-teknoloji"],"_links":{"self":[{"href":"https:\/\/busondakika.com.tr\/index.php?rest_route=\/wp\/v2\/posts\/13438","targetHints":{"allow":["GET"]}}],"collection":[{"href":"https:\/\/busondakika.com.tr\/index.php?rest_route=\/wp\/v2\/posts"}],"about":[{"href":"https:\/\/busondakika.com.tr\/index.php?rest_route=\/wp\/v2\/types\/post"}],"author":[{"embeddable":true,"href":"https:\/\/busondakika.com.tr\/index.php?rest_route=\/wp\/v2\/users\/1"}],"replies":[{"embeddable":true,"href":"https:\/\/busondakika.com.tr\/index.php?rest_route=%2Fwp%2Fv2%2Fcomments&post=13438"}],"version-history":[{"count":1,"href":"https:\/\/busondakika.com.tr\/index.php?rest_route=\/wp\/v2\/posts\/13438\/revisions"}],"predecessor-version":[{"id":13440,"href":"https:\/\/busondakika.com.tr\/index.php?rest_route=\/wp\/v2\/posts\/13438\/revisions\/13440"}],"wp:featuredmedia":[{"embeddable":true,"href":"https:\/\/busondakika.com.tr\/index.php?rest_route=\/wp\/v2\/media\/13439"}],"wp:attachment":[{"href":"https:\/\/busondakika.com.tr\/index.php?rest_route=%2Fwp%2Fv2%2Fmedia&parent=13438"}],"wp:term":[{"taxonomy":"category","embeddable":true,"href":"https:\/\/busondakika.com.tr\/index.php?rest_route=%2Fwp%2Fv2%2Fcategories&post=13438"},{"taxonomy":"post_tag","embeddable":true,"href":"https:\/\/busondakika.com.tr\/index.php?rest_route=%2Fwp%2Fv2%2Ftags&post=13438"}],"curies":[{"name":"wp","href":"https:\/\/api.w.org\/{rel}","templated":true}]}}