{"id":13441,"date":"2026-04-27T10:52:51","date_gmt":"2026-04-27T10:52:51","guid":{"rendered":"https:\/\/busondakika.com.tr\/?p=13441"},"modified":"2026-04-27T10:52:52","modified_gmt":"2026-04-27T10:52:52","slug":"buyukakin-onemli-olan-insanlarin-dezavantajli-hale-gelmesini-onlemek","status":"publish","type":"post","link":"https:\/\/busondakika.com.tr\/?p=13441","title":{"rendered":"B\u00fcy\u00fckak\u0131n: &#8220;\u00d6nemli olan insanlar\u0131n dezavantajl\u0131 hale gelmesini \u00f6nlemek&#8221;"},"content":{"rendered":"<p> Kocaeli B\u00fcy\u00fck\u015fehir Belediye Ba\u015fkan\u0131 Tahir B\u00fcy\u00fckak\u0131n, USKAF Dezavantajl\u0131 Gruplarda Sa\u011fl\u0131k Hizmetlerinin Kalitesi \u015e\u00fbras\u0131\u2019nda konu\u015ftu. \u201c\u0130nsanlar\u0131n dezavantajl\u0131 hale gelmesini \u00f6nleyecek politikalar geli\u015ftirmeliyiz\u201d diyen Ba\u015fkan B\u00fcy\u00fckak\u0131n bu yakla\u015f\u0131m\u0131n sa\u011flayaca\u011f\u0131 toplumsal ve ekonomik faydalara dikkat \u00e7ekti.<\/p>\n<p>Kocaeli B\u00fcy\u00fck\u015fehir Belediyesi\u2019nin payda\u015flar\u0131 aras\u0131nda yer ald\u0131\u011f\u0131, Kocaeli \u00dcniversitesi, Kocaeli Valili\u011fi ile Sa\u011fl\u0131kta Kalite \u0130\u00e7in \u0130novasyon Derne\u011fi i\u015f birli\u011fiyle d\u00fczenlenen Ulusal Sa\u011fl\u0131kta Kalite Forumu(USKAF) Dezavantajl\u0131 Gruplarda Sa\u011fl\u0131k Hizmetlerinin Kalitesi \u015e\u00fbras\u0131, Kocaeli Kongre Merkezi\u2019nde ba\u015flad\u0131. \u0130ki g\u00fcn s\u00fcrecek \u015f\u00fbran\u0131n a\u00e7\u0131l\u0131\u015f\u0131na AK Parti Kocaeli Milletvekili Prof.Dr. Sadettin H\u00fclag\u00fc, AK Parti \u0130stanbul Milletvekili Serkan Bayram, Kocaeli B\u00fcy\u00fck\u015fehir Belediye Ba\u015fkan\u0131 Tahir B\u00fcy\u00fckak\u0131n, KO\u00dc Rekt\u00f6r\u00fc Prof.Dr. Nuh Zafer Cant\u00fcrk, AK Parti Kocaeli \u0130l Ba\u015fkan\u0131 \u015eahin Talus, MHP Kocaeli \u0130l Ba\u015fkan\u0131 Kamil Ak\u0131n, Kartepe Belediye Ba\u015fkan\u0131 Mustafa Kocaman, akademisyenler ve kadar sa\u011fl\u0131k sekt\u00f6r\u00fcnden \u00e7ok say\u0131da isim kat\u0131ld\u0131.<\/p>\n<p><b>B\u00dcY\u00dcKAKIN: GEN\u0130\u015e B\u0130R KAVRAM<\/b><\/p>\n<p>D\u00fcnya Kromozom Karde\u015fli\u011fi Derne\u011fi horon ekibinin g\u00f6sterisi ile ba\u015flayan \u015f\u00fbrada konu\u015fan Ba\u015fkan B\u00fcy\u00fckak\u0131n dikkat \u00e7ekici ifadeler kulland\u0131. \u201cDezavantajl\u0131 gruplar\u201d kavram\u0131n\u0131n yaln\u0131zca \u00f6zel bireylerle s\u0131n\u0131rl\u0131 ele al\u0131nmas\u0131n\u0131n eksik bir yakla\u015f\u0131m oldu\u011funu vurgulayan Ba\u015fkan B\u00fcy\u00fckak\u0131n, \u00e7ok daha geni\u015f bir toplumsal \u00e7er\u00e7eveye i\u015faret etti. B\u00fcy\u00fckak\u0131n, par\u00e7alanm\u0131\u015f ailelerin \u00e7ocuklar\u0131, yaln\u0131z ya\u015fayan ya\u015fl\u0131lar ve sosyal olarak k\u0131r\u0131lgan bireylerin de bu kapsamda de\u011ferlendirilmesi gerekti\u011fini vurgulad\u0131.<\/p>\n<p><b>\u201cPAR\u00c7AYA DE\u011e\u0130L B\u00dcT\u00dcNE BAKMALIYIZ\u201d<\/b><\/p>\n<p>Modern bilim anlay\u0131\u015f\u0131n\u0131n uzmanla\u015fmay\u0131 art\u0131rd\u0131\u011f\u0131n\u0131 ancak b\u00fct\u00fcnc\u00fcl bak\u0131\u015f\u0131 zay\u0131flatt\u0131\u011f\u0131n\u0131 ifade eden Ba\u015fkan B\u00fcy\u00fckak\u0131n, sa\u011fl\u0131k politikalar\u0131n\u0131n yaln\u0131zca m\u00fcdahale an\u0131na de\u011fil, \u00f6ncesine ve sonras\u0131na da odaklanmas\u0131 gerekti\u011fini s\u00f6yledi. B\u00fcy\u00fckak\u0131n \u015fu mesajlar\u0131 verdi: \u201cEn kritik nokta, hastal\u0131k ortaya \u00e7\u0131kmadan \u00f6nce al\u0131nacak \u00f6nlemler. Bu yakla\u015f\u0131m hem sa\u011fl\u0131k maliyetlerini hem de toplumsal maliyetleri d\u00fc\u015f\u00fcrecektir. \u00d6te yandan, yaln\u0131zca dezavantajl\u0131 gruplara hizmet \u00fcretmek yeterli de\u011fil. \u0130nsanlar\u0131n dezavantajl\u0131 hale gelmesini \u00f6nleyecek politikalar geli\u015ftirmeliyiz.\u201d<\/p>\n<p><b>\u201cEN G\u00dcZEL \u00d6RNEK: ANNE S\u00dcT PROJES\u0130\u201d<\/b><\/p>\n<p>\u201cSon d\u00f6nemde geli\u015fen yapay zek\u00e2, \u00f6zellikle engelli bireylerin ya\u015fam\u0131n\u0131 kolayla\u015ft\u0131racak yeni imk\u00e2nlar sunuyor, engelsiz ya\u015fam i\u00e7in \u00f6nemli f\u0131rsatlar olu\u015fturuyor\u201d diyen Ba\u015fkan B\u00fcy\u00fckak\u0131n, \u201cDisiplinleraras\u0131 \u00e7al\u0131\u015fman\u0131n \u00f6nemine de dikkat \u00e7ekti. B\u00fcy\u00fckak\u0131n, farkl\u0131 alanlar\u0131n bir araya gelmesiyle daha etkili \u00e7\u00f6z\u00fcmler \u00fcretilebilece\u011fini ifade ederek ortak \u00e7al\u0131\u015fma k\u00fclt\u00fcr\u00fcn\u00fcn g\u00fc\u00e7lendirilmesi gerekti\u011fini s\u00f6yledi. Kocaeli B\u00fcy\u00fck\u015fehir Belediyesi\u2019nin \u201cAnnelere S\u00fct Projesi\u201dni \u00f6rnek g\u00f6steren B\u00fcy\u00fckak\u0131n, hamilelikten do\u011fum sonras\u0131 d\u00f6neme kadar anne ve bebeklerin d\u00fczenli takip edildi\u011fini ve bu modelin hem sa\u011fl\u0131k hem de sosyal fayda \u00fcretti\u011fini hat\u0131rlatt\u0131.<\/p>\n<p><b>H\u00dcLAG\u00dc: BU KONGRE B\u0130ZE YOL G\u00d6STERECEK<\/b><\/p>\n<p>Milletvekili Prof. Dr. Sadettin H\u00fclag\u00fc a\u00e7\u0131l\u0131\u015fta yapt\u0131\u011f\u0131 konu\u015fmada, birlikte hareket etmenin \u00f6nemine de\u011findi. Prof. Dr. H\u00fclag\u00fc, \u201cBirlikte yapaca\u011f\u0131m\u0131z \u00e7ok \u015fey var. Toplumun t\u00fcm kesimlerine adil ve e\u015fit hizmet vermek gerekti\u011fini d\u00fc\u015f\u00fcn\u00fcyorum. Tabii ki dezavantajl\u0131 bireylerin sorunlar\u0131n\u0131 tek bir kongrede \u00e7\u00f6zmek m\u00fcmk\u00fcn de\u011fil. Ama bu kongreler de \u00e7\u00f6z\u00fcm i\u00e7in bize yol g\u00f6sterici olacakt\u0131r. Buradan \u00e7\u0131kacak sonu\u00e7lar\u0131n \u00f6nemli oldu\u011funu d\u00fc\u015f\u00fcn\u00fcyorum\u201d dedi. Rekt\u00f6r Prof.Dr. Nuh Zafer Cant\u00fcrk, \u201cToplumdaki en k\u0131r\u0131lgan bireyleri koruyam\u0131yorsak asl\u0131nda kimseyi koruyam\u0131yoruz demektir. Bug\u00fcnk\u00fc \u015furan\u0131n bu a\u00e7\u0131dan \u00e7ok \u00f6nemli oldu\u011funa inan\u0131yorum\u201d ifadesini kulland\u0131. USKAF D\u00fczenleme Kurulu Ba\u015fkan\u0131 Turgay \u015eim\u015fek de \u00e7ok \u00f6nemli bir konuyu masaya yat\u0131rd\u0131klar\u0131n\u0131 vurgulayarak, kat\u0131l\u0131mc\u0131lara te\u015fekk\u00fcr etti. A\u00e7\u0131l\u0131\u015f konu\u015fmalar\u0131n\u0131n ard\u0131ndan \u015f\u00fbra, paneller ile devam etti.<\/p>\n<p>\u00a0<\/p>\n<p>Kaynak: (BYZHA) Beyaz Haber Ajans\u0131<\/p>\n","protected":false},"excerpt":{"rendered":"<p>Kocaeli B\u00fcy\u00fck\u015fehir Belediye Ba\u015fkan\u0131 Tahir B\u00fcy\u00fckak\u0131n, USKAF Dezavantajl\u0131 Gruplarda Sa\u011fl\u0131k Hizmetlerinin Kalitesi \u015e\u00fbras\u0131\u2019nda konu\u015ftu.<\/p>\n","protected":false},"author":1,"featured_media":13442,"comment_status":"open","ping_status":"open","sticky":false,"template":"","format":"standard","meta":{"footnotes":""},"categories":[21],"tags":[],"class_list":["post-13441","post","type-post","status-publish","format-standard","has-post-thumbnail","hentry","category-gundem"],"_links":{"self":[{"href":"https:\/\/busondakika.com.tr\/index.php?rest_route=\/wp\/v2\/posts\/13441","targetHints":{"allow":["GET"]}}],"collection":[{"href":"https:\/\/busondakika.com.tr\/index.php?rest_route=\/wp\/v2\/posts"}],"about":[{"href":"https:\/\/busondakika.com.tr\/index.php?rest_route=\/wp\/v2\/types\/post"}],"author":[{"embeddable":true,"href":"https:\/\/busondakika.com.tr\/index.php?rest_route=\/wp\/v2\/users\/1"}],"replies":[{"embeddable":true,"href":"https:\/\/busondakika.com.tr\/index.php?rest_route=%2Fwp%2Fv2%2Fcomments&post=13441"}],"version-history":[{"count":1,"href":"https:\/\/busondakika.com.tr\/index.php?rest_route=\/wp\/v2\/posts\/13441\/revisions"}],"predecessor-version":[{"id":13443,"href":"https:\/\/busondakika.com.tr\/index.php?rest_route=\/wp\/v2\/posts\/13441\/revisions\/13443"}],"wp:featuredmedia":[{"embeddable":true,"href":"https:\/\/busondakika.com.tr\/index.php?rest_route=\/wp\/v2\/media\/13442"}],"wp:attachment":[{"href":"https:\/\/busondakika.com.tr\/index.php?rest_route=%2Fwp%2Fv2%2Fmedia&parent=13441"}],"wp:term":[{"taxonomy":"category","embeddable":true,"href":"https:\/\/busondakika.com.tr\/index.php?rest_route=%2Fwp%2Fv2%2Fcategories&post=13441"},{"taxonomy":"post_tag","embeddable":true,"href":"https:\/\/busondakika.com.tr\/index.php?rest_route=%2Fwp%2Fv2%2Ftags&post=13441"}],"curies":[{"name":"wp","href":"https:\/\/api.w.org\/{rel}","templated":true}]}}