{"id":13453,"date":"2026-04-27T10:53:09","date_gmt":"2026-04-27T10:53:09","guid":{"rendered":"https:\/\/busondakika.com.tr\/?p=13453"},"modified":"2026-04-27T10:53:10","modified_gmt":"2026-04-27T10:53:10","slug":"23-nisan-satranc-turnuvasi-kadikoyde-gerceklesti","status":"publish","type":"post","link":"https:\/\/busondakika.com.tr\/?p=13453","title":{"rendered":"23 Nisan Satran\u00e7 Turnuvas\u0131 Kad\u0131k\u00f6y\u2019de Ger\u00e7ekle\u015fti"},"content":{"rendered":"<p> <b>Kad\u0131k\u00f6y Belediyesi ile T\u00fcrkiye Satran\u00e7 Federasyonu i\u015f birli\u011fiyle 23 Nisan Ulusal Egemenlik ve \u00c7ocuk Bayram\u0131 kapsam\u0131nda d\u00fczenlenen satran\u00e7 turnuvas\u0131na 7-14 ya\u015f aral\u0131\u011f\u0131ndaki yakla\u015f\u0131k 500 sporcu kat\u0131ld\u0131.<\/b><br \/>Kad\u0131k\u00f6y Belediyesi ile T\u00fcrkiye Satran\u00e7 Federasyonu i\u015f birli\u011fiyle d\u00fczenlenen \u201cKad\u0131k\u00f6y Belediyesi 23 Nisan Satran\u00e7 Turnuvas\u0131\u201dn\u0131n ikincisi, 25-26 Nisan tarihlerinde Cafera\u011fa Spor Salonu\u2019nda ger\u00e7ekle\u015ftirildi.<br \/>7-14 ya\u015f aral\u0131\u011f\u0131ndaki yakla\u015f\u0131k 500 sporcunun yer ald\u0131\u011f\u0131 turnuvada, sporcular sekiz farkl\u0131 kategoride k\u0131yas\u0131ya m\u00fccadele etti. \u0130ki g\u00fcn s\u00fcren organizasyona Kad\u0131k\u00f6y Belediye Ba\u015fkan\u0131 Mesut K\u00f6seda\u011f\u0131, T\u00fcrkiye Satran\u00e7 Federasyonu Asba\u015fkan\u0131 Se\u00e7kin Serpil, Kad\u0131k\u00f6y Belediyesi ba\u015fkan yard\u0131mc\u0131lar\u0131 Soydan Alkan ve Rasim Emre F\u0131r\u0131nc\u0131, Kad\u0131k\u00f6y Belediyesi Gen\u00e7lik ve Spor Hizmetleri M\u00fcd\u00fcr\u00fc Erhan Karaaslan ile \u0130stanbul Satran\u00e7 \u0130l Temsilcisi Hakan Polat da kat\u0131ld\u0131.<br \/>Turnuva, 26 Nisan Pazar g\u00fcn\u00fc d\u00fczenlenen kapan\u0131\u015f ve \u00f6d\u00fcl t\u00f6reniyle sona erdi. T\u00f6rende Kad\u0131k\u00f6y Belediye Ba\u015fkan\u0131 Mesut K\u00f6seda\u011f\u0131, her kategoride ilk \u00fc\u00e7e giren sporculara kupalar\u0131n\u0131 takdim etti. T\u00fcm kat\u0131l\u0131mc\u0131lara an\u0131 madalyas\u0131 ve kat\u0131l\u0131m sertifikas\u0131 verilirken, her ya\u015f kategorisinde en ba\u015far\u0131l\u0131 k\u0131z sporcular da ayr\u0131ca kupa ile \u00f6d\u00fcllendirildi.<br \/>Kad\u0131k\u00f6y Belediyesi ve T\u00fcrkiye Satran\u00e7 Federasyonu taraf\u0131ndan hayata ge\u00e7irilen organizasyon, hem \u00e7ocuklara hem ailelerine unutulmaz anlar ya\u015fatt\u0131.<\/p>\n<p>\u00a0<\/p>\n<p>\u00a0<\/p>\n<p>Kaynak: (BYZHA) Beyaz Haber Ajans\u0131<\/p>\n","protected":false},"excerpt":{"rendered":"<p>Kad\u0131k\u00f6y Belediyesi ile T\u00fcrkiye Satran\u00e7 Federasyonu i\u015f birli\u011fiyle 23 Nisan Ulusal Egemenlik ve \u00c7ocuk Bayram\u0131 kapsam\u0131nda d\u00fczenlenen satran\u00e7 turnuvas\u0131na 7-14 ya\u015f aral\u0131\u011f\u0131ndaki yakla\u015f\u0131k 500 sporcu kat\u0131ld\u0131.<\/p>\n","protected":false},"author":1,"featured_media":13454,"comment_status":"open","ping_status":"open","sticky":false,"template":"","format":"standard","meta":{"footnotes":""},"categories":[24],"tags":[],"class_list":["post-13453","post","type-post","status-publish","format-standard","has-post-thumbnail","hentry","category-spor"],"_links":{"self":[{"href":"https:\/\/busondakika.com.tr\/index.php?rest_route=\/wp\/v2\/posts\/13453","targetHints":{"allow":["GET"]}}],"collection":[{"href":"https:\/\/busondakika.com.tr\/index.php?rest_route=\/wp\/v2\/posts"}],"about":[{"href":"https:\/\/busondakika.com.tr\/index.php?rest_route=\/wp\/v2\/types\/post"}],"author":[{"embeddable":true,"href":"https:\/\/busondakika.com.tr\/index.php?rest_route=\/wp\/v2\/users\/1"}],"replies":[{"embeddable":true,"href":"https:\/\/busondakika.com.tr\/index.php?rest_route=%2Fwp%2Fv2%2Fcomments&post=13453"}],"version-history":[{"count":1,"href":"https:\/\/busondakika.com.tr\/index.php?rest_route=\/wp\/v2\/posts\/13453\/revisions"}],"predecessor-version":[{"id":13455,"href":"https:\/\/busondakika.com.tr\/index.php?rest_route=\/wp\/v2\/posts\/13453\/revisions\/13455"}],"wp:featuredmedia":[{"embeddable":true,"href":"https:\/\/busondakika.com.tr\/index.php?rest_route=\/wp\/v2\/media\/13454"}],"wp:attachment":[{"href":"https:\/\/busondakika.com.tr\/index.php?rest_route=%2Fwp%2Fv2%2Fmedia&parent=13453"}],"wp:term":[{"taxonomy":"category","embeddable":true,"href":"https:\/\/busondakika.com.tr\/index.php?rest_route=%2Fwp%2Fv2%2Fcategories&post=13453"},{"taxonomy":"post_tag","embeddable":true,"href":"https:\/\/busondakika.com.tr\/index.php?rest_route=%2Fwp%2Fv2%2Ftags&post=13453"}],"curies":[{"name":"wp","href":"https:\/\/api.w.org\/{rel}","templated":true}]}}