{"id":13459,"date":"2026-04-27T11:43:59","date_gmt":"2026-04-27T11:43:59","guid":{"rendered":"https:\/\/busondakika.com.tr\/?p=13459"},"modified":"2026-04-27T11:44:00","modified_gmt":"2026-04-27T11:44:00","slug":"13-bin-699-hasta-guvenle-tasindi","status":"publish","type":"post","link":"https:\/\/busondakika.com.tr\/?p=13459","title":{"rendered":"13 bin 699 hasta g\u00fcvenle ta\u015f\u0131nd\u0131"},"content":{"rendered":"<p> Kocaeli B\u00fcy\u00fck\u015fehir Belediyesi\u2019nin yatalak ve y\u00fcr\u00fcyemeyecek durumdaki hastalar i\u00e7in sundu\u011fu Hasta Nakil Ambulans Hizmeti, 2026 y\u0131l\u0131n\u0131n ilk \u00fc\u00e7 ay\u0131nda 13 bin 699 vatanda\u015fa ula\u015ft\u0131.<\/p>\n<p><b>B\u0130R TELEFON KADAR YAKIN H\u0130ZMET<\/b><\/p>\n<p>Kocaeli B\u00fcy\u00fck\u015fehir Belediyesi, ihtiya\u00e7 sahibi vatanda\u015flar\u0131n yan\u0131nda olmaya devam ediyor. Sa\u011fl\u0131k ve Sosyal Hizmetler Dairesi Ba\u015fkanl\u0131\u011f\u0131\u2019na ba\u011fl\u0131 Sa\u011fl\u0131k \u0130\u015fleri \u015eube M\u00fcd\u00fcrl\u00fc\u011f\u00fc taraf\u0131ndan y\u00fcr\u00fct\u00fclen hizmet, kent genelinde \u00f6nemli bir ihtiyac\u0131 kar\u015f\u0131l\u0131yor. Hizmetten yararlanmak isteyen vatanda\u015flar\u0131n, en az 24 saat \u00f6nceden 153 \u00c7a\u011fr\u0131 Merkezi\u2019ne ba\u015fvurmalar\u0131 yeterli oluyor. Komuta merkezinde de\u011ferlendirilen talepler do\u011frultusunda y\u00f6nlendirilen ambulanslar, k\u0131sa s\u00fcrede hastalar\u0131n adreslerine ula\u015f\u0131yor.<\/p>\n<p><b>\u0130LK \u00c7EYREKTE YO\u011eUN TALEP<\/b><\/p>\n<p>2026 y\u0131l\u0131n\u0131n ilk \u00fc\u00e7 ay\u0131nda hizmetten yo\u011fun \u015fekilde yararlan\u0131ld\u0131. Bu d\u00f6nemde toplam 13 bin 699 hasta, sa\u011fl\u0131k kurulu\u015flar\u0131na g\u00fcvenli \u015fekilde ula\u015ft\u0131r\u0131ld\u0131. Tedavileri tamamlanan hastalar ise evlerine geri nakledildi. Hizmet, vatanda\u015flar ve hasta yak\u0131nlar\u0131 taraf\u0131ndan memnuniyetle kar\u015f\u0131land\u0131.<\/p>\n<p><b>\u0130L DI\u015eI NAK\u0130LLER DE S\u00dcR\u00dcYOR<\/b><\/p>\n<p>B\u00fcy\u00fck\u015fehir Belediyesi, il i\u00e7i nakillerin yan\u0131 s\u0131ra il d\u0131\u015f\u0131 hasta nakillerini de s\u00fcrd\u00fcr\u00fcyor. \u0130l s\u0131n\u0131rlar\u0131 i\u00e7indeki nakiller \u00fccretsiz olarak ger\u00e7ekle\u015ftirilirken, il d\u0131\u015f\u0131 nakiller belirlenen tarifeye g\u00f6re yap\u0131l\u0131yor. 2026\u2019n\u0131n ilk \u00e7eyre\u011finde 268 hasta, il d\u0131\u015f\u0131ndaki sa\u011fl\u0131k kurulu\u015flar\u0131na g\u00fcvenli \u015fekilde ula\u015ft\u0131r\u0131ld\u0131.<\/p>\n<p><b>7\/24 KES\u0130NT\u0130S\u0130Z H\u0130ZMET<\/b><\/p>\n<p>Haftan\u0131n 7 g\u00fcn\u00fc, 24 saat hizmet veren Hasta Nakil Ambulans Birimi\u2019nden yararlanmak isteyen vatanda\u015flar\u0131n, hastane randevular\u0131n\u0131 gidi\u015f ve d\u00f6n\u00fc\u015f olacak \u015fekilde en az 24 saat \u00f6nceden 153 hatt\u0131na bildirmesi yeterli oluyor. B\u00fcy\u00fck\u015fehir Belediyesi, sa\u011fl\u0131k alan\u0131nda vatanda\u015flara kesintisiz destek sa\u011flamay\u0131 s\u00fcrd\u00fcr\u00fcyor.<\/p>\n<p>\u00a0<\/p>\n<p>Kaynak: (BYZHA) Beyaz Haber Ajans\u0131<\/p>\n","protected":false},"excerpt":{"rendered":"<p>Kocaeli B\u00fcy\u00fck\u015fehir Belediyesi\u2019nin yatalak ve y\u00fcr\u00fcyemeyecek durumdaki hastalar i\u00e7in sundu\u011fu Hasta Nakil Ambulans Hizmeti, 2026 y\u0131l\u0131n\u0131n ilk \u00fc\u00e7 ay\u0131nda 13 bin 699 vatanda\u015fa ula\u015ft\u0131.<\/p>\n","protected":false},"author":1,"featured_media":13460,"comment_status":"open","ping_status":"open","sticky":false,"template":"","format":"standard","meta":{"footnotes":""},"categories":[21],"tags":[],"class_list":["post-13459","post","type-post","status-publish","format-standard","has-post-thumbnail","hentry","category-gundem"],"_links":{"self":[{"href":"https:\/\/busondakika.com.tr\/index.php?rest_route=\/wp\/v2\/posts\/13459","targetHints":{"allow":["GET"]}}],"collection":[{"href":"https:\/\/busondakika.com.tr\/index.php?rest_route=\/wp\/v2\/posts"}],"about":[{"href":"https:\/\/busondakika.com.tr\/index.php?rest_route=\/wp\/v2\/types\/post"}],"author":[{"embeddable":true,"href":"https:\/\/busondakika.com.tr\/index.php?rest_route=\/wp\/v2\/users\/1"}],"replies":[{"embeddable":true,"href":"https:\/\/busondakika.com.tr\/index.php?rest_route=%2Fwp%2Fv2%2Fcomments&post=13459"}],"version-history":[{"count":1,"href":"https:\/\/busondakika.com.tr\/index.php?rest_route=\/wp\/v2\/posts\/13459\/revisions"}],"predecessor-version":[{"id":13461,"href":"https:\/\/busondakika.com.tr\/index.php?rest_route=\/wp\/v2\/posts\/13459\/revisions\/13461"}],"wp:featuredmedia":[{"embeddable":true,"href":"https:\/\/busondakika.com.tr\/index.php?rest_route=\/wp\/v2\/media\/13460"}],"wp:attachment":[{"href":"https:\/\/busondakika.com.tr\/index.php?rest_route=%2Fwp%2Fv2%2Fmedia&parent=13459"}],"wp:term":[{"taxonomy":"category","embeddable":true,"href":"https:\/\/busondakika.com.tr\/index.php?rest_route=%2Fwp%2Fv2%2Fcategories&post=13459"},{"taxonomy":"post_tag","embeddable":true,"href":"https:\/\/busondakika.com.tr\/index.php?rest_route=%2Fwp%2Fv2%2Ftags&post=13459"}],"curies":[{"name":"wp","href":"https:\/\/api.w.org\/{rel}","templated":true}]}}