{"id":13462,"date":"2026-04-27T11:44:01","date_gmt":"2026-04-27T11:44:01","guid":{"rendered":"https:\/\/busondakika.com.tr\/?p=13462"},"modified":"2026-04-27T11:44:02","modified_gmt":"2026-04-27T11:44:02","slug":"odemis-belediyesi-yagisli-mevsim-sonrasi-ayni-anda-7-bolgede-sahada","status":"publish","type":"post","link":"https:\/\/busondakika.com.tr\/?p=13462","title":{"rendered":"\u00d6demi\u015f Belediyesi ya\u011f\u0131\u015fl\u0131 mevsim sonras\u0131 ayn\u0131 anda 7 b\u00f6lgede sahada"},"content":{"rendered":"<p> \u00d6demi\u015f Belediyesi, son y\u0131llar\u0131n en ya\u011f\u0131\u015fl\u0131 k\u0131\u015f mevsimini ya\u015fayan il\u00e7ede ya\u011f\u0131\u015flarla birlikte onlarca noktada meydana gelen heyelan ve ta\u015fk\u0131nlar\u0131n izlerini silmek i\u00e7in Bozda\u011flar\u2019dan Ayd\u0131n Da\u011flar\u0131\u2019na kadar geni\u015f kapsaml\u0131 \u00e7al\u0131\u015fma y\u00fcr\u00fct\u00fcyor. \u00d6demi\u015f Belediyesi ekipleri her g\u00fcn 7 farkl\u0131 b\u00f6lgede i\u015f makineleriyle zorlu arazi \u015fartlar\u0131na meydan okuyor.<\/p>\n<p>Meteoroloji Genel M\u00fcd\u00fcrl\u00fc\u011f\u00fc verilerine g\u00f6re \u0130zmir genelinde 2026 y\u0131l\u0131n\u0131n ilk aylar\u0131 son 88 y\u0131l\u0131n en ya\u011f\u0131\u015fl\u0131 k\u0131\u015f mevsimi olarak kay\u0131tlara ge\u00e7ti. K\u00fc\u00e7\u00fck Menderes havzas\u0131 uzun zamand\u0131r hasret kald\u0131\u011f\u0131 ya\u011f\u0131\u015flara kavu\u015furken barajlar doldu, yeralt\u0131 sular\u0131 beslendi. Bununla birlikte \u00f6zellikle Ocak ve \u015eubat aylar\u0131nda uzun y\u0131llar ortalamalar\u0131n\u0131 a\u015fan miktarda ya\u011f\u0131\u015f alan \u00d6demi\u015f\u2019te a\u015f\u0131r\u0131 ya\u011f\u0131\u015flar\u0131n etkisiyle ovada ve yaylalarda heyelanlar ve ta\u015fk\u0131nlar da meydana geldi. 99 mahalleden olu\u015fan 1082 kilometrekarelik hizmet alan\u0131nda 48 ayr\u0131 mahallede ya\u015fanan bu durumlar\u0131n can ve mal g\u00fcvenli\u011fini etkilememesi i\u00e7in ekiplerini h\u0131zla seferber eden ve sahada gece-g\u00fcnd\u00fcz \u00e7al\u0131\u015fmalar y\u00fcr\u00fcten \u00d6demi\u015f Belediyesi, yo\u011fun ya\u011f\u0131\u015fl\u0131 mevsimin geride kalmas\u0131 ile birlikte \u00f6zellikle ba\u011flant\u0131 ve \u00fcretim yollar\u0131ndaki rehabilitasyon \u00e7al\u0131\u015fmalar\u0131na h\u0131z verdi. Her g\u00fcn 7 ayr\u0131 ekiple \u00e7al\u0131\u015fma yap\u0131l\u0131yor.<\/p>\n<p>\u00d6demi\u015f Belediyesi\u2019ne ait i\u015f makineleriyle Bozda\u011flar ve Ayd\u0131n Da\u011flar\u0131 \u00fczerindeki 48 ayr\u0131 mahallede onlarca noktada ger\u00e7ekle\u015ftirilen \u00e7al\u0131\u015fmalarla heyelan ve toprak kaymalar\u0131ndan etkilenen yollar\u0131n yeniden g\u00fcvenli ve sa\u011fl\u0131kl\u0131 hale getirilmesi sa\u011flan\u0131yor. Kimi b\u00f6lgelerde dere yataklar\u0131nda kimi b\u00f6lgelerde sarp arazi \u015fartlar\u0131nda \u00e7al\u0131\u015fan ekipler ta\u015fk\u0131n ve heyelan olaylar\u0131n\u0131n izlerini silmek ve gerekli \u00f6nlemleri almak \u00fczere hassas bir \u00e7al\u0131\u015fma y\u00fcr\u00fct\u00fcyor.<\/p>\n<p>Son y\u0131llar\u0131n en ya\u011f\u0131\u015fl\u0131 k\u0131\u015f mevsiminin k\u0131rsal mahallelerde ula\u015f\u0131m\u0131 etkiledi\u011fi noktalarda \u0130zmir B\u00fcy\u00fck\u015fehir Belediyesi ile koordineli olarak ger\u00e7ekle\u015ftirilen \u00e7al\u0131\u015fmalarla yollara inen toprak ve kaya par\u00e7alar\u0131 temizleniyor. \u00c7\u00f6kme ya\u015fanan noktalarda dolgu \u00e7al\u0131\u015fmalar\u0131 ve menfez d\u00fczenlemeleri yap\u0131larak \u00f6nlem al\u0131n\u0131yor.<\/p>\n<p>\u00d6demi\u015f Belediye Ba\u015fkan\u0131 Mustafa Turan, \u201cTar\u0131m ve hayvanc\u0131l\u0131\u011f\u0131n merkezi konumundaki havzam\u0131z uzun zamand\u0131r hasret oldu\u011fu ya\u011f\u0131\u015f bereketine kavu\u015ftu. Barajlar\u0131 dolduran, \u00fcreticilerimizin y\u00fcz\u00fcn\u00fc g\u00fcld\u00fcren miktardaki ya\u011f\u0131\u015flar kimi b\u00f6lgelerde ise ta\u015fk\u0131nlar ve heyelan olaylar\u0131na yol a\u00e7t\u0131. Bu durumlar\u0131n hayat\u0131 en az \u015fekilde etkilemesi, kimsenin zarar g\u00f6rmemesi i\u00e7in ani m\u00fcdahalelerimiz oldu. Ekiplerimizi seferber ettik. 48 ayr\u0131 mahallemizde onlarca noktada meydana gelen bu durumlarla ilgili muhtarlar\u0131m\u0131zla beraber hasar tespitimizi yapt\u0131ktan sonra geni\u015f kapsaml\u0131 bir \u00e7al\u0131\u015fma planlad\u0131k. Her g\u00fcn Bozda\u011flar\u2019dan Ayd\u0131n Da\u011flar\u0131\u2019na kadar olan 1082 kilometrekarelik hizmet alan\u0131m\u0131zda 7 ayr\u0131 g\u00fczergahta ayn\u0131 anda i\u015f makinelerimiz \u00e7al\u0131\u015fma y\u00fcr\u00fct\u00fcyor. Zorlu ekonomik ko\u015fullarda elimizdeki k\u0131s\u0131tl\u0131 imkanlar\u0131 en verimli \u015fekilde de\u011ferlendirmek ve yerinde \u00e7\u00f6z\u00fcmler geli\u015ftirmek noktas\u0131nday\u0131z.<\/p>\n<p>Su\u00e7\u0131kt\u0131 Mahallemizde yolun tamamen g\u00f6\u00e7t\u00fc\u011f\u00fc yerler gibi, G\u00f6lc\u00fck-Subatan aras\u0131nda dev kayan\u0131n kopup yola inmesi gibi g\u00fcnlerce \u00e7al\u0131\u015fma gerektiren durumlar ya\u015fad\u0131k. \u0130zmir B\u00fcy\u00fck\u015fehir Belediyemizle de koordineli \u015fekilde heyelan ve ta\u015fk\u0131n ya\u015fanm\u0131\u015f t\u00fcm noktalarda temizlik ve d\u00fczenleme yap\u0131yoruz. Zorlu arazi \u015fartlar\u0131 hassas bir \u00e7al\u0131\u015fma gerektiriyor. \u00d6zveriyle g\u00f6rev yapan t\u00fcm ekiplerimize kolayl\u0131klar diliyorum. Bahar mevsimi boyunca heyelan temizli\u011fimiz program dahilinde s\u00fcrecek. Daha sonra \u00fcretim yollar\u0131m\u0131z\u0131n rehabilitasyonu ve d\u00fczenlenmesi i\u00e7in ekiplerimiz sahada olacak. Merkezde ve k\u0131rsalda y\u0131pranan yollar\u0131m\u0131z\u0131n yenilenmesi, onar\u0131m\u0131 ve g\u00fc\u00e7lendirilmesi i\u00e7in t\u00fcm ekiplerimizle ve imkanlar\u0131m\u0131zla h\u0131z\u0131m\u0131z\u0131 art\u0131raca\u011f\u0131z\u201d dedi.<\/p>\n<p>\u00a0<\/p>\n<p>\u00a0<\/p>\n<p>Kaynak: (BYZHA) Beyaz Haber Ajans\u0131<\/p>\n","protected":false},"excerpt":{"rendered":"<p>\u00d6demi\u015f Belediyesi, son y\u0131llar\u0131n en ya\u011f\u0131\u015fl\u0131 k\u0131\u015f mevsimini ya\u015fayan il\u00e7ede ya\u011f\u0131\u015flarla birlikte onlarca noktada meydana gelen heyelan ve ta\u015fk\u0131nlar\u0131n izlerini silmek i\u00e7in Bozda\u011flar\u2019dan Ayd\u0131n Da\u011flar\u0131\u2019na kadar geni\u015f kapsaml\u0131 \u00e7al\u0131\u015fma y\u00fcr\u00fct\u00fcyor.<\/p>\n","protected":false},"author":1,"featured_media":13463,"comment_status":"open","ping_status":"open","sticky":false,"template":"","format":"standard","meta":{"footnotes":""},"categories":[21],"tags":[],"class_list":["post-13462","post","type-post","status-publish","format-standard","has-post-thumbnail","hentry","category-gundem"],"_links":{"self":[{"href":"https:\/\/busondakika.com.tr\/index.php?rest_route=\/wp\/v2\/posts\/13462","targetHints":{"allow":["GET"]}}],"collection":[{"href":"https:\/\/busondakika.com.tr\/index.php?rest_route=\/wp\/v2\/posts"}],"about":[{"href":"https:\/\/busondakika.com.tr\/index.php?rest_route=\/wp\/v2\/types\/post"}],"author":[{"embeddable":true,"href":"https:\/\/busondakika.com.tr\/index.php?rest_route=\/wp\/v2\/users\/1"}],"replies":[{"embeddable":true,"href":"https:\/\/busondakika.com.tr\/index.php?rest_route=%2Fwp%2Fv2%2Fcomments&post=13462"}],"version-history":[{"count":1,"href":"https:\/\/busondakika.com.tr\/index.php?rest_route=\/wp\/v2\/posts\/13462\/revisions"}],"predecessor-version":[{"id":13464,"href":"https:\/\/busondakika.com.tr\/index.php?rest_route=\/wp\/v2\/posts\/13462\/revisions\/13464"}],"wp:featuredmedia":[{"embeddable":true,"href":"https:\/\/busondakika.com.tr\/index.php?rest_route=\/wp\/v2\/media\/13463"}],"wp:attachment":[{"href":"https:\/\/busondakika.com.tr\/index.php?rest_route=%2Fwp%2Fv2%2Fmedia&parent=13462"}],"wp:term":[{"taxonomy":"category","embeddable":true,"href":"https:\/\/busondakika.com.tr\/index.php?rest_route=%2Fwp%2Fv2%2Fcategories&post=13462"},{"taxonomy":"post_tag","embeddable":true,"href":"https:\/\/busondakika.com.tr\/index.php?rest_route=%2Fwp%2Fv2%2Ftags&post=13462"}],"curies":[{"name":"wp","href":"https:\/\/api.w.org\/{rel}","templated":true}]}}