{"id":13468,"date":"2026-04-27T11:44:16","date_gmt":"2026-04-27T11:44:16","guid":{"rendered":"https:\/\/busondakika.com.tr\/?p=13468"},"modified":"2026-04-27T11:44:17","modified_gmt":"2026-04-27T11:44:17","slug":"iznikte-sampiyonluk-coskusu","status":"publish","type":"post","link":"https:\/\/busondakika.com.tr\/?p=13468","title":{"rendered":"\u0130znik\u2019te \u015eampiyonluk Co\u015fkusu"},"content":{"rendered":"<p> TFF 2. Lig\u2019de \u015fampiyonlu\u011funu ilan ederek TFF 1. Lig\u2019e y\u00fckselen Bursaspor i\u00e7in \u0130znik\u2019te \u015fampiyonluk kutlamas\u0131 d\u00fczenlendi.<\/p>\n<p>\u0130znik Bursasporlular Derne\u011fi taraf\u0131ndan organize edilen kutlama program\u0131nda ye\u015fil-beyaz renklere g\u00f6n\u00fcl veren vatanda\u015flar bir araya geldi. \u0130l\u00e7ede co\u015fku ve heyecan\u0131n h\u00e2kim oldu\u011fu kutlamada Bursaspor\u2019un \u015fampiyonlu\u011fu b\u00fcy\u00fck bir gururla kutland\u0131.<\/p>\n<p>\u0130znik Belediye Ba\u015fkan\u0131 Ka\u011fan Mehmet Usta, \u015fampiyonluk kutlamas\u0131na ili\u015fkin sosyal medya hesab\u0131ndan yapt\u0131\u011f\u0131 a\u00e7\u0131klamada \u015fu ifadelere yer verdi:<\/p>\n<p><b>\u201c<\/b><strong>Buras\u0131 \u0130znik, ye\u015fil beyaz\u2019a sevdal\u0131 insanlar\u0131n kenti. \u0130znik Bursasporlular Derne\u011fimizin \u015fampiyonluk kutlamas\u0131 co\u015fku ve heyecanla ger\u00e7ekle\u015fti. \u0130lk g\u00fcnden son g\u00fcne kadar 7\u2019den 70\u2019e genciyle ya\u015fl\u0131s\u0131yla, \u0130znik olarak Bursaspor\u2019umuzun yan\u0131nda olduk. \u015eimdi s\u0131ra TFF 1. Lig\u2019de ve sonra S\u00fcper Lig\u2019de. \u015eampiyonluk bu \u015fehre \u00e7ok yak\u0131\u015f\u0131yor\u201d diye belirtti.<\/strong><\/p>\n<p>Bursaspor\u2019un sezon boyunca verdi\u011fi m\u00fccadelede \u0130znik halk\u0131n\u0131n tak\u0131ma g\u00fc\u00e7l\u00fc destek sundu\u011funu belirten Ba\u015fkan Usta, ye\u015fil-beyaz sevdan\u0131n il\u00e7ede her zaman kar\u015f\u0131l\u0131k buldu\u011funu ifade ederken \u0130znik Bursasporlular Derne\u011fi Ba\u015fkan Ustaya\u2019da destekleri sebebiyle te\u015fekk\u00fcr ettiler.<\/p>\n<p>\u0130znik Belediyesi de Bursaspor\u2019un \u00f6nemli kar\u015f\u0131la\u015fmalar\u0131n\u0131 il\u00e7e merkezinde kurulan dev ekranda yay\u0131nlayarak vatanda\u015flar\u0131n ma\u00e7 heyecan\u0131n\u0131 hep birlikte ya\u015famas\u0131na katk\u0131 sa\u011flad\u0131.<\/p>\n<p>TFF 1. Lig\u2019e y\u00fckselme ba\u015far\u0131s\u0131 g\u00f6steren Bursaspor\u2019un \u015fampiyonlu\u011fu, \u0130znik\u2019te taraftarlar\u0131n kat\u0131l\u0131m\u0131yla kutlan\u0131rken, il\u00e7e genelinde ye\u015fil-beyaz co\u015fku gece boyunca s\u00fcrd\u00fc.<\/p>\n<p>\u00a0<\/p>\n<p>\u00a0<\/p>\n<p>Kaynak: (BYZHA) Beyaz Haber Ajans\u0131<\/p>\n","protected":false},"excerpt":{"rendered":"<p>TFF 2.<\/p>\n","protected":false},"author":1,"featured_media":13469,"comment_status":"open","ping_status":"open","sticky":false,"template":"","format":"standard","meta":{"footnotes":""},"categories":[24],"tags":[],"class_list":["post-13468","post","type-post","status-publish","format-standard","has-post-thumbnail","hentry","category-spor"],"_links":{"self":[{"href":"https:\/\/busondakika.com.tr\/index.php?rest_route=\/wp\/v2\/posts\/13468","targetHints":{"allow":["GET"]}}],"collection":[{"href":"https:\/\/busondakika.com.tr\/index.php?rest_route=\/wp\/v2\/posts"}],"about":[{"href":"https:\/\/busondakika.com.tr\/index.php?rest_route=\/wp\/v2\/types\/post"}],"author":[{"embeddable":true,"href":"https:\/\/busondakika.com.tr\/index.php?rest_route=\/wp\/v2\/users\/1"}],"replies":[{"embeddable":true,"href":"https:\/\/busondakika.com.tr\/index.php?rest_route=%2Fwp%2Fv2%2Fcomments&post=13468"}],"version-history":[{"count":1,"href":"https:\/\/busondakika.com.tr\/index.php?rest_route=\/wp\/v2\/posts\/13468\/revisions"}],"predecessor-version":[{"id":13470,"href":"https:\/\/busondakika.com.tr\/index.php?rest_route=\/wp\/v2\/posts\/13468\/revisions\/13470"}],"wp:featuredmedia":[{"embeddable":true,"href":"https:\/\/busondakika.com.tr\/index.php?rest_route=\/wp\/v2\/media\/13469"}],"wp:attachment":[{"href":"https:\/\/busondakika.com.tr\/index.php?rest_route=%2Fwp%2Fv2%2Fmedia&parent=13468"}],"wp:term":[{"taxonomy":"category","embeddable":true,"href":"https:\/\/busondakika.com.tr\/index.php?rest_route=%2Fwp%2Fv2%2Fcategories&post=13468"},{"taxonomy":"post_tag","embeddable":true,"href":"https:\/\/busondakika.com.tr\/index.php?rest_route=%2Fwp%2Fv2%2Ftags&post=13468"}],"curies":[{"name":"wp","href":"https:\/\/api.w.org\/{rel}","templated":true}]}}