{"id":13477,"date":"2026-04-27T11:57:57","date_gmt":"2026-04-27T11:57:57","guid":{"rendered":"https:\/\/busondakika.com.tr\/?p=13477"},"modified":"2026-04-27T11:57:58","modified_gmt":"2026-04-27T11:57:58","slug":"kahramankazanda-gonuller-sancak-cay-bahcesinde-bir-araya-geldi","status":"publish","type":"post","link":"https:\/\/busondakika.com.tr\/?p=13477","title":{"rendered":"Kahramankazan\u2019da G\u00f6n\u00fcller Sancak \u00c7ay Bah\u00e7esi\u2019nde Bir Araya Geldi"},"content":{"rendered":"<p> <b>Kahramankazan Belediye Ba\u015fkan\u0131 Selim \u00c7\u0131rpano\u011flu, il\u00e7enin sosyal ya\u015fam merkezlerinden biri olan Sancak \u00c7ay Bah\u00e7esi\u2019nde vatanda\u015flarla bir araya geldi. Samimi bir atmosferde ger\u00e7ekle\u015fen bulu\u015fmada Ba\u015fkan \u00c7\u0131rpano\u011flu, &#8220;Bizim \u00f6nceli\u011fimiz vatanda\u015f\u0131m\u0131z\u0131n huzuru, y\u00fcz\u00fcndeki tebess\u00fcm\u00fcd\u00fcr&#8221; dedi.<\/b><\/p>\n<p>Belediye hizmetlerini &#8220;yerinde y\u00f6netim&#8221; ve &#8220;ortak ak\u0131l&#8221; prensibiyle s\u00fcrd\u00fcren Kahramankazan Belediye Ba\u015fkan\u0131 Selim \u00c7\u0131rpano\u011flu, il\u00e7edeki temaslar\u0131na ara vermeden devam ediyor. Son olarak Sancak \u00c7ay Bah\u00e7esi\u2019ni ziyaret eden Ba\u015fkan \u00c7\u0131rpano\u011flu, burada hem\u015fehrileriyle kucakla\u015farak uzun s\u00fcre sohbet etti.<\/p>\n<p>Gen\u00e7 ya\u015fl\u0131 her kesimden vatanda\u015f\u0131n yo\u011fun ilgi g\u00f6sterdi\u011fi ziyarette Ba\u015fkan \u00c7\u0131rpano\u011flu, talepleri bizzat dinleyerek notlar ald\u0131. \u00c7aylar\u0131n i\u00e7ilip dertlerin payla\u015f\u0131ld\u0131\u011f\u0131 bulu\u015fmada, il\u00e7enin gelece\u011fine dair fikir al\u0131\u015fveri\u015finde bulunuldu.<\/p>\n<p><b>&#8220;KAPIMIZ DA G\u00d6NL\u00dcM\u00dcZ DE HER ZAMAN A\u00c7IK&#8221;<\/b><\/p>\n<p>Belediyecili\u011fin sadece park yapmak, asfalt atmaktan ibaret olmad\u0131\u011f\u0131n\u0131, as\u0131l meselenin g\u00f6n\u00fcllere dokunmak oldu\u011funu vurgulayan Ba\u015fkan \u00c7\u0131rpano\u011flu ziyarette \u015fu ifadelere yer verdi:<\/p>\n<p>&#8220;Vatanda\u015flar\u0131m\u0131zla kurdu\u011fumuz g\u00f6n\u00fcl ba\u011f\u0131, bizim en b\u00fcy\u00fck motivasyon kayna\u011f\u0131m\u0131zd\u0131r. Vatanda\u015flar\u0131m\u0131z\u0131n talebi bizim talimat\u0131m\u0131zd\u0131r. Kahramankazan\u2019\u0131 birlikte y\u00f6netmek, her soka\u011f\u0131nda huzuru hakim k\u0131lmak i\u00e7in her zaman sizlerle birlikte yol almaya devam edece\u011fiz. Kap\u0131m\u0131z sizlere her zaman a\u00e7\u0131k oldu\u011fu gibi, g\u00f6nl\u00fcm\u00fcz de her daim sizinle.&#8221;<\/p>\n<p>\u00a0<\/p>\n<p>\u00a0<\/p>\n<p>Kaynak: (BYZHA) Beyaz Haber Ajans\u0131<\/p>\n","protected":false},"excerpt":{"rendered":"<p>Kahramankazan Belediye Ba\u015fkan\u0131 Selim \u00c7\u0131rpano\u011flu, il\u00e7enin sosyal ya\u015fam merkezlerinden biri olan Sancak \u00c7ay Bah\u00e7esi\u2019nde vatanda\u015flarla bir araya geldi.<\/p>\n","protected":false},"author":1,"featured_media":13478,"comment_status":"open","ping_status":"open","sticky":false,"template":"","format":"standard","meta":{"footnotes":""},"categories":[21],"tags":[],"class_list":["post-13477","post","type-post","status-publish","format-standard","has-post-thumbnail","hentry","category-gundem"],"_links":{"self":[{"href":"https:\/\/busondakika.com.tr\/index.php?rest_route=\/wp\/v2\/posts\/13477","targetHints":{"allow":["GET"]}}],"collection":[{"href":"https:\/\/busondakika.com.tr\/index.php?rest_route=\/wp\/v2\/posts"}],"about":[{"href":"https:\/\/busondakika.com.tr\/index.php?rest_route=\/wp\/v2\/types\/post"}],"author":[{"embeddable":true,"href":"https:\/\/busondakika.com.tr\/index.php?rest_route=\/wp\/v2\/users\/1"}],"replies":[{"embeddable":true,"href":"https:\/\/busondakika.com.tr\/index.php?rest_route=%2Fwp%2Fv2%2Fcomments&post=13477"}],"version-history":[{"count":1,"href":"https:\/\/busondakika.com.tr\/index.php?rest_route=\/wp\/v2\/posts\/13477\/revisions"}],"predecessor-version":[{"id":13479,"href":"https:\/\/busondakika.com.tr\/index.php?rest_route=\/wp\/v2\/posts\/13477\/revisions\/13479"}],"wp:featuredmedia":[{"embeddable":true,"href":"https:\/\/busondakika.com.tr\/index.php?rest_route=\/wp\/v2\/media\/13478"}],"wp:attachment":[{"href":"https:\/\/busondakika.com.tr\/index.php?rest_route=%2Fwp%2Fv2%2Fmedia&parent=13477"}],"wp:term":[{"taxonomy":"category","embeddable":true,"href":"https:\/\/busondakika.com.tr\/index.php?rest_route=%2Fwp%2Fv2%2Fcategories&post=13477"},{"taxonomy":"post_tag","embeddable":true,"href":"https:\/\/busondakika.com.tr\/index.php?rest_route=%2Fwp%2Fv2%2Ftags&post=13477"}],"curies":[{"name":"wp","href":"https:\/\/api.w.org\/{rel}","templated":true}]}}