{"id":13483,"date":"2026-04-27T18:13:31","date_gmt":"2026-04-27T18:13:31","guid":{"rendered":"https:\/\/busondakika.com.tr\/?p=13483"},"modified":"2026-04-27T18:13:31","modified_gmt":"2026-04-27T18:13:31","slug":"muhsin-ertugrul-kabri-basinda-aniliyor","status":"publish","type":"post","link":"https:\/\/busondakika.com.tr\/?p=13483","title":{"rendered":"Muhsin Ertu\u011frul Kabri Ba\u015f\u0131nda An\u0131l\u0131yor"},"content":{"rendered":"<p> \u0130stanbul B\u00fcy\u00fck\u015fehir Belediyesi \u015eehir Tiyatrolar\u0131, kurucusu,\u00a0y\u00f6netmen, oyuncu ve yap\u0131mc\u0131 Muhsin Ertu\u011frul\u2019u, vefat\u0131n\u0131n 47. y\u0131l d\u00f6n\u00fcm\u00fcnde kabri ba\u015f\u0131nda an\u0131yor.<\/p>\n<p>Anma t\u00f6reni<b>,\u00a0<\/b>29 Nisan 2026 \u00c7ar\u015famba g\u00fcn\u00fc saat 11.30\u2019da Zincirlikuyu Mezarl\u0131\u011f\u0131\u2019nda Muhsin Ertu\u011frul\u2019un kabri ba\u015f\u0131nda yap\u0131lacak.<\/p>\n<p>Not: Anma t\u00f6reni i\u00e7in saat 10.30\u2019da Harbiye Muhsin Ertu\u011frul Sahnesi\u2019nden servis kalkacakt\u0131r.<\/p>\n<p>\u00a0<\/p>\n<p>Kaynak: (BYZHA) Beyaz Haber Ajans\u0131<\/p>\n","protected":false},"excerpt":{"rendered":"<p>\u0130stanbul B\u00fcy\u00fck\u015fehir Belediyesi \u015eehir Tiyatrolar\u0131, kurucusu,\u00a0y\u00f6netmen, oyuncu ve yap\u0131mc\u0131 Muhsin Ertu\u011frul\u2019u, vefat\u0131n\u0131n 47.<\/p>\n","protected":false},"author":1,"featured_media":13484,"comment_status":"open","ping_status":"open","sticky":false,"template":"","format":"standard","meta":{"footnotes":""},"categories":[20],"tags":[],"class_list":["post-13483","post","type-post","status-publish","format-standard","has-post-thumbnail","hentry","category-kultur-sanat"],"_links":{"self":[{"href":"https:\/\/busondakika.com.tr\/index.php?rest_route=\/wp\/v2\/posts\/13483","targetHints":{"allow":["GET"]}}],"collection":[{"href":"https:\/\/busondakika.com.tr\/index.php?rest_route=\/wp\/v2\/posts"}],"about":[{"href":"https:\/\/busondakika.com.tr\/index.php?rest_route=\/wp\/v2\/types\/post"}],"author":[{"embeddable":true,"href":"https:\/\/busondakika.com.tr\/index.php?rest_route=\/wp\/v2\/users\/1"}],"replies":[{"embeddable":true,"href":"https:\/\/busondakika.com.tr\/index.php?rest_route=%2Fwp%2Fv2%2Fcomments&post=13483"}],"version-history":[{"count":1,"href":"https:\/\/busondakika.com.tr\/index.php?rest_route=\/wp\/v2\/posts\/13483\/revisions"}],"predecessor-version":[{"id":13485,"href":"https:\/\/busondakika.com.tr\/index.php?rest_route=\/wp\/v2\/posts\/13483\/revisions\/13485"}],"wp:featuredmedia":[{"embeddable":true,"href":"https:\/\/busondakika.com.tr\/index.php?rest_route=\/wp\/v2\/media\/13484"}],"wp:attachment":[{"href":"https:\/\/busondakika.com.tr\/index.php?rest_route=%2Fwp%2Fv2%2Fmedia&parent=13483"}],"wp:term":[{"taxonomy":"category","embeddable":true,"href":"https:\/\/busondakika.com.tr\/index.php?rest_route=%2Fwp%2Fv2%2Fcategories&post=13483"},{"taxonomy":"post_tag","embeddable":true,"href":"https:\/\/busondakika.com.tr\/index.php?rest_route=%2Fwp%2Fv2%2Ftags&post=13483"}],"curies":[{"name":"wp","href":"https:\/\/api.w.org\/{rel}","templated":true}]}}