{"id":13495,"date":"2026-04-27T18:13:36","date_gmt":"2026-04-27T18:13:36","guid":{"rendered":"https:\/\/busondakika.com.tr\/?p=13495"},"modified":"2026-04-27T18:13:37","modified_gmt":"2026-04-27T18:13:37","slug":"sentrum-un-ucuncu-duragi-goynuk-olacak-tarihi-ilcede-surdurulebilir-turizm-basliyor","status":"publish","type":"post","link":"https:\/\/busondakika.com.tr\/?p=13495","title":{"rendered":"SENTRUM \u2018un \u00dc\u00e7\u00fcnc\u00fc Dura\u011f\u0131 \u2018G\u00f6yn\u00fck\u2019 Olacak: Tarihi \u0130l\u00e7ede S\u00fcrd\u00fcr\u00fclebilir Turizm Ba\u015fl\u0131yor"},"content":{"rendered":"<p> Enerjisa Enerji ve Birle\u015fmi\u015f Milletler Kalk\u0131nma Program\u0131 (UNDP) \u00f6nc\u00fcl\u00fc\u011f\u00fcnde, T.C. K\u00fclt\u00fcr ve Turizm Bakanl\u0131\u011f\u0131 ile T\u00fcrkiye Turizm Tan\u0131t\u0131m ve Geli\u015ftirme Ajans\u0131 (TGA) destekleriyle hayata ge\u00e7irilen S\u00fcrd\u00fcr\u00fclebilir Enerji Temelli Turizm Uygulama Merkezi (SENTRUM) projesi, etkisini geni\u015fletmeye devam ediyor. Projenin \u00fc\u00e7\u00fcnc\u00fc destinasyonu olarak se\u00e7ilen Bolu\u2019nun tarihi miras\u0131yla \u00fcnl\u00fc il\u00e7esi G\u00f6yn\u00fck\u2019te s\u00fcrd\u00fcr\u00fclebilir d\u00f6n\u00fc\u015f\u00fcm\u00fc ba\u015flatacak protokol, 22 Nisan 2026 \u00c7ar\u015famba g\u00fcn\u00fc d\u00fczenlenen t\u00f6renle imzaland\u0131.<\/p>\n<p>G\u00f6yn\u00fck\u2019te d\u00fczenlenen imza t\u00f6renine;\u00a0G\u00f6yn\u00fck Kaymakam\u0131 Talha Battal, G\u00f6yn\u00fck Belediye Ba\u015fkan\u0131 Ali Oral, Enerjisa Enerji S\u00fcrd\u00fcr\u00fclebilirlik ve Kurumsal Yetkinlikler B\u00f6l\u00fcm Ba\u015fkan\u0131 Ebru Ta\u015fc\u0131o\u011flu, UNDP T\u00fcrkiye Mukim Temsilci Yard\u0131mc\u0131s\u0131 Miodrag Dragisic ve yerel protokol \u00fcyeleri ile \u00e7ok say\u0131da davetli kat\u0131ld\u0131.<\/p>\n<p>T\u00f6rende, SENTRUM modelinin G\u00f6yn\u00fck\u2019te yarataca\u011f\u0131 sosyal, \u00e7evresel ve ekonomik etkiler de\u011ferlendirilirken; enerji verimlili\u011finden kad\u0131nlar ve gen\u00e7lerin istihdam\u0131na, k\u00fclt\u00fcrel miras\u0131n korunmas\u0131ndan iklim de\u011fi\u015fikli\u011fi fark\u0131ndal\u0131\u011f\u0131na kadar pek \u00e7ok alanda y\u00fcr\u00fct\u00fclecek \u00e7al\u0131\u015fmalar\u0131n yol haritas\u0131 payla\u015f\u0131ld\u0131. SENTRUM projesinin yaratt\u0131\u011f\u0131 etkinin somut bir g\u00f6stergesi olarak, 2025 y\u0131l\u0131nda yap\u0131lan analizlerde her 1 TL\u2019lik yat\u0131r\u0131m\u0131n 2,34 TL sosyal fayda yaratt\u0131\u011f\u0131 ortaya kondu.<\/p>\n<p><strong>Ye\u015fil destinasyon modeli G\u00f6yn\u00fck\u2019\u00fcn tarihi dokusuyla bulu\u015facak<\/strong><\/p>\n<p>SENTRUM Projesi kapsam\u0131nda G\u00f6yn\u00fck\u2019te y\u00fcr\u00fct\u00fclecek \u00e7al\u0131\u015fmalar, il\u00e7enin K\u00fcresel S\u00fcrd\u00fcr\u00fclebilir Turizm Konseyi (GSTC) kriterleriyle uyumlu bir \u201cye\u015fil destinasyona\u201d d\u00f6n\u00fc\u015fmesini destekleyecek. Uygulanan model ile turizmin sadece belirli d\u00f6nemlerle s\u0131n\u0131rl\u0131 kalmay\u0131p d\u00f6rt mevsime yay\u0131lmas\u0131 ve yerel kalk\u0131nmay\u0131 geli\u015ftirecek bir ekosistem olu\u015fturulmas\u0131 hedefleniyor.<\/p>\n<p>Protokol\u00fcn imzalanmas\u0131yla birlikte; kamu binalar\u0131nda enerji et\u00fctlerinin yap\u0131lmas\u0131, yenilenebilir enerji kaynaklar\u0131n\u0131n kullan\u0131m\u0131 ve yerel payda\u015flara y\u00f6nelik s\u00fcrd\u00fcr\u00fclebilir turizm e\u011fitimleri gibi pek \u00e7ok uygulama G\u00f6yn\u00fck \u00f6zelinde hayata ge\u00e7irilecek.<\/p>\n<p><strong>\u201cSENTRUM ile G\u00f6yn\u00fck\u2019te hep birlikte yeni de\u011ferler \u00fcretece\u011fiz\u201d<\/strong><\/p>\n<p>\u0130mza t\u00f6reninde konu\u015fan<strong>\u00a0Enerjisa Enerji S\u00fcrd\u00fcr\u00fclebilirlik ve Kurumsal Yetkinlikler B\u00f6l\u00fcm Ba\u015fkan\u0131 Ebru Ta\u015fc\u0131o\u011flu,\u00a0<\/strong>\u201cEnerjisa Enerji olarak \u2018Daha \u0130yi Bir Gelecek\u2019 vizyonumuzla, enerji d\u00f6n\u00fc\u015f\u00fcm\u00fcn\u00fc sosyal sorumluluk ve yerel kalk\u0131nma ile birle\u015ftirmeye devam ediyoruz. SENTRUM Projemiz ile Ayval\u0131k K\u00fc\u00e7\u00fckk\u00f6y ve \u0130zmir Birgi\u2019de elde etti\u011fimiz somut ba\u015far\u0131lar\u0131 ve edindi\u011fimiz tecr\u00fcbeyi, \u015fimdi \u00fc\u00e7\u00fcnc\u00fc destinasyonumuz olan G\u00f6yn\u00fck\u2019e ta\u015f\u0131man\u0131n heyecan\u0131n\u0131 ya\u015f\u0131yoruz. Bug\u00fcn geldi\u011fimiz noktada, 1500\u2019den fazla kat\u0131l\u0131mc\u0131, 30\u2019dan fazla e\u011fitim ve y\u00fczlerce g\u00f6n\u00fcll\u00fcyle b\u00fcy\u00fcyen SENTRUM\u2019un yerelde somut bir d\u00f6n\u00fc\u015f\u00fcm modeline d\u00f6n\u00fc\u015ft\u00fc\u011f\u00fcn\u00fc g\u00f6r\u00fcyoruz. Bu birikimi G\u00f6yn\u00fck\u2019e ta\u015f\u0131yarak etkimizi daha da b\u00fcy\u00fctmeyi; mevcut kazan\u0131mlar\u0131m\u0131z\u0131n \u00fczerine \u00e7\u0131kmay\u0131 ve yerel payda\u015flarla birlikte s\u00fcrd\u00fcr\u00fclebilir bir gelecek in\u015fa etmeyi hedefliyoruz.\u201d<\/p>\n<p><strong>\u201cG\u00f6yn\u00fck\u2019\u00fcn g\u00fc\u00e7l\u00fc k\u00fclt\u00fcrel kimli\u011fi, zengin miras\u0131 ve yerel payda\u015flar aras\u0131ndaki yak\u0131n i\u015f birli\u011fi sayesinde, ilham verecek bir \u00f6rnek ortaya koyaca\u011f\u0131m\u0131za inan\u0131yoruz.\u201d<\/strong><\/p>\n<p><strong>UNDP T\u00fcrkiye Mukim Temsilci Yard\u0131mc\u0131s\u0131 Miodrag Dragisic\u00a0<\/strong>t\u00f6rende \u015funlar\u0131 s\u00f6yledi: \u201cG\u00f6yn\u00fck\u2019te SENTRUM Projesi\u2019nin \u00fc\u00e7\u00fcnc\u00fc destinasyonunda faaliyetlere ba\u015flamaktan b\u00fcy\u00fck memnuniyet duyuyoruz. G\u00fc\u00e7l\u00fc payda\u015fl\u0131k anlay\u0131\u015f\u0131yla; ulusal kalk\u0131nma \u00f6nceliklerini destekleyen, k\u00fcresel s\u00fcrd\u00fcr\u00fclebilir turizm g\u00fcndemi ve S\u00fcrd\u00fcr\u00fclebilir Kalk\u0131nma Ama\u00e7lar\u0131 ile uyumlu, yerel de\u011ferleri merkeze alan daha ye\u015fil ve kapsay\u0131c\u0131 bir destinasyon modelini yayg\u0131nla\u015ft\u0131rmak i\u00e7in \u00e7al\u0131\u015f\u0131yoruz. G\u00f6yn\u00fck\u2019\u00fcn g\u00fc\u00e7l\u00fc k\u00fclt\u00fcrel kimli\u011fi, zengin miras\u0131 ve yerel payda\u015flar aras\u0131ndaki yak\u0131n i\u015f birli\u011fi sayesinde, bu ortak yolculu\u011fumuzda s\u00fcrd\u00fcr\u00fclebilir destinasyon olu\u015fturma alan\u0131nda ilham verecek bir \u00f6rnek ortaya koyaca\u011f\u0131m\u0131za inan\u0131yoruz.\u201d<\/p>\n<p>\u00a0<\/p>\n<p>\u00a0<\/p>\n<p>Kaynak: (BYZHA) Beyaz Haber Ajans\u0131<\/p>\n","protected":false},"excerpt":{"rendered":"<p>Enerjisa Enerji ve Birle\u015fmi\u015f Milletler Kalk\u0131nma Program\u0131 (UNDP) \u00f6nc\u00fcl\u00fc\u011f\u00fcnde, T.<\/p>\n","protected":false},"author":1,"featured_media":13496,"comment_status":"open","ping_status":"open","sticky":false,"template":"","format":"standard","meta":{"footnotes":""},"categories":[20],"tags":[],"class_list":["post-13495","post","type-post","status-publish","format-standard","has-post-thumbnail","hentry","category-kultur-sanat"],"_links":{"self":[{"href":"https:\/\/busondakika.com.tr\/index.php?rest_route=\/wp\/v2\/posts\/13495","targetHints":{"allow":["GET"]}}],"collection":[{"href":"https:\/\/busondakika.com.tr\/index.php?rest_route=\/wp\/v2\/posts"}],"about":[{"href":"https:\/\/busondakika.com.tr\/index.php?rest_route=\/wp\/v2\/types\/post"}],"author":[{"embeddable":true,"href":"https:\/\/busondakika.com.tr\/index.php?rest_route=\/wp\/v2\/users\/1"}],"replies":[{"embeddable":true,"href":"https:\/\/busondakika.com.tr\/index.php?rest_route=%2Fwp%2Fv2%2Fcomments&post=13495"}],"version-history":[{"count":1,"href":"https:\/\/busondakika.com.tr\/index.php?rest_route=\/wp\/v2\/posts\/13495\/revisions"}],"predecessor-version":[{"id":13497,"href":"https:\/\/busondakika.com.tr\/index.php?rest_route=\/wp\/v2\/posts\/13495\/revisions\/13497"}],"wp:featuredmedia":[{"embeddable":true,"href":"https:\/\/busondakika.com.tr\/index.php?rest_route=\/wp\/v2\/media\/13496"}],"wp:attachment":[{"href":"https:\/\/busondakika.com.tr\/index.php?rest_route=%2Fwp%2Fv2%2Fmedia&parent=13495"}],"wp:term":[{"taxonomy":"category","embeddable":true,"href":"https:\/\/busondakika.com.tr\/index.php?rest_route=%2Fwp%2Fv2%2Fcategories&post=13495"},{"taxonomy":"post_tag","embeddable":true,"href":"https:\/\/busondakika.com.tr\/index.php?rest_route=%2Fwp%2Fv2%2Ftags&post=13495"}],"curies":[{"name":"wp","href":"https:\/\/api.w.org\/{rel}","templated":true}]}}