{"id":13498,"date":"2026-04-27T18:13:37","date_gmt":"2026-04-27T18:13:37","guid":{"rendered":"https:\/\/busondakika.com.tr\/?p=13498"},"modified":"2026-04-27T18:13:38","modified_gmt":"2026-04-27T18:13:38","slug":"beylikduzunde-23-nisan-coskusu-dort-gune-yayildi","status":"publish","type":"post","link":"https:\/\/busondakika.com.tr\/?p=13498","title":{"rendered":"Beylikd\u00fcz\u00fc\u2019nde 23 Nisan Co\u015fkusu D\u00f6rt G\u00fcne Yay\u0131ld\u0131"},"content":{"rendered":"<p> <span style=\"font-size:12pt\"><span style=\"background:white\"><span style=\",serif\"><b><span style=\"font-size:14.0pt\">Beylikd\u00fcz\u00fc Belediyesi, bu y\u0131l 11.sini d\u00fczenledi\u011fi \u201cBeylikd\u00fcz\u00fc 23 Nisan \u00c7ocuk \u015eenli\u011fi\u201d ile y\u00fczlerce \u00e7ocu\u011fu ve aileyi bir araya getirerek il\u00e7ede unutulmaz bir bayram co\u015fkusu ya\u015fatt\u0131. D\u00f6rt g\u00fcn s\u00fcren \u015fenlikte \u00e7ocuklar; teknoloji alanlar\u0131ndan spor etkinliklerine, yarat\u0131c\u0131 at\u00f6lyelerden sahne performanslar\u0131na kadar uzanan geni\u015f bir programla keyifli anlar ya\u015fad\u0131.<\/span><\/b><\/span><\/span><\/span><\/p>\n<p><span style=\"font-size:12pt\"><span style=\"background:white\"><span style=\",serif\">23 Nisan Ulusal Egemenlik ve \u00c7ocuk Bayram\u0131 Beylikd\u00fcz\u00fc\u2019nde d\u00f6rt g\u00fcn s\u00fcren renkli etkinliklerle kutland\u0131. Beylikd\u00fcz\u00fc Belediyesi taraf\u0131ndan d\u00fczenlenen \u201cBeylikd\u00fcz\u00fc 23 Nisan 11. \u00c7ocuk \u015eenli\u011fi\u201d, 23-26 Nisan tarihleri aras\u0131nda il\u00e7enin d\u00f6rt farkl\u0131 noktas\u0131nda ger\u00e7ekle\u015ferek \u00e7ocuklara ve ailelerine bayram sevincini doyas\u0131ya ya\u015fatt\u0131. Ya\u015fam Vadisi, Beylikd\u00fcz\u00fc Fatih Sultan Mehmet K\u00fclt\u00fcr ve Sanat Merkezi, Yakuplu Kent Orman\u0131 ve G\u00fcrp\u0131nar 100. Y\u0131l Kent Orman\u0131\u2019nda ger\u00e7ekle\u015fen at\u00f6lyeler, sahne g\u00f6sterileri ve e\u011flenceli aktiviteler b\u00fcy\u00fck ilgi g\u00f6rd\u00fc. <\/span><\/span><\/span><\/p>\n<p><span style=\"font-size:12pt\"><span style=\"background:white\"><span style=\",serif\"><b>\u00c7ocuklar\u0131n yarat\u0131c\u0131l\u0131\u011f\u0131 ve ne\u015fesi \u00f6n plana \u00e7\u0131kt\u0131<\/b><\/span><\/span><\/span><\/p>\n<p><span style=\"font-size:12pt\"><span style=\"background:white\"><span style=\",serif\">\u00c7ocuklar; teknoloji alanlar\u0131ndan spor etkinliklerine, yarat\u0131c\u0131 at\u00f6lyelerden sahne performanslar\u0131na kadar uzanan geni\u015f bir programla keyifli anlar ya\u015fad\u0131. Toplamda 200\u2019e yak\u0131n at\u00f6lye ve \u00e7ok say\u0131da etkinli\u011fin yer ald\u0131\u011f\u0131 \u015fenlikte \u00e7ocuklar\u0131n yarat\u0131c\u0131l\u0131\u011f\u0131 ve ne\u015fesi \u00f6n plana \u00e7\u0131karken, aileler de \u00e7ocuklar\u0131yla birlikte e\u011flenceli zaman ge\u00e7irme f\u0131rsat\u0131 buldu. Ayr\u0131ca, Beylikd\u00fcz\u00fc Belediyesi m\u00fcd\u00fcrl\u00fcklerinin stantlar\u0131nda da il\u00e7e halk\u0131na bilgilendirmeler yap\u0131ld\u0131. <\/span><\/span><\/span><\/p>\n<p>\u00a0<\/p>\n<p>\u00a0<\/p>\n<p>Kaynak: (BYZHA) Beyaz Haber Ajans\u0131<\/p>\n","protected":false},"excerpt":{"rendered":"<p>Beylikd\u00fcz\u00fc Belediyesi, bu y\u0131l 11.<\/p>\n","protected":false},"author":1,"featured_media":13499,"comment_status":"open","ping_status":"open","sticky":false,"template":"","format":"standard","meta":{"footnotes":""},"categories":[20],"tags":[],"class_list":["post-13498","post","type-post","status-publish","format-standard","has-post-thumbnail","hentry","category-kultur-sanat"],"_links":{"self":[{"href":"https:\/\/busondakika.com.tr\/index.php?rest_route=\/wp\/v2\/posts\/13498","targetHints":{"allow":["GET"]}}],"collection":[{"href":"https:\/\/busondakika.com.tr\/index.php?rest_route=\/wp\/v2\/posts"}],"about":[{"href":"https:\/\/busondakika.com.tr\/index.php?rest_route=\/wp\/v2\/types\/post"}],"author":[{"embeddable":true,"href":"https:\/\/busondakika.com.tr\/index.php?rest_route=\/wp\/v2\/users\/1"}],"replies":[{"embeddable":true,"href":"https:\/\/busondakika.com.tr\/index.php?rest_route=%2Fwp%2Fv2%2Fcomments&post=13498"}],"version-history":[{"count":1,"href":"https:\/\/busondakika.com.tr\/index.php?rest_route=\/wp\/v2\/posts\/13498\/revisions"}],"predecessor-version":[{"id":13500,"href":"https:\/\/busondakika.com.tr\/index.php?rest_route=\/wp\/v2\/posts\/13498\/revisions\/13500"}],"wp:featuredmedia":[{"embeddable":true,"href":"https:\/\/busondakika.com.tr\/index.php?rest_route=\/wp\/v2\/media\/13499"}],"wp:attachment":[{"href":"https:\/\/busondakika.com.tr\/index.php?rest_route=%2Fwp%2Fv2%2Fmedia&parent=13498"}],"wp:term":[{"taxonomy":"category","embeddable":true,"href":"https:\/\/busondakika.com.tr\/index.php?rest_route=%2Fwp%2Fv2%2Fcategories&post=13498"},{"taxonomy":"post_tag","embeddable":true,"href":"https:\/\/busondakika.com.tr\/index.php?rest_route=%2Fwp%2Fv2%2Ftags&post=13498"}],"curies":[{"name":"wp","href":"https:\/\/api.w.org\/{rel}","templated":true}]}}