{"id":13504,"date":"2026-04-27T18:13:47","date_gmt":"2026-04-27T18:13:47","guid":{"rendered":"https:\/\/busondakika.com.tr\/?p=13504"},"modified":"2026-04-27T18:13:48","modified_gmt":"2026-04-27T18:13:48","slug":"61-cumhurbaskanligi-turkiye-bisiklet-turu-3-etap-marmaris-kiran-kapsaminda-trafige-kapanacak-yollar","status":"publish","type":"post","link":"https:\/\/busondakika.com.tr\/?p=13504","title":{"rendered":"61. Cumhurba\u015fkanl\u0131\u011f\u0131 T\u00fcrkiye Bisiklet Turu 3. Etap (Marmaris-K\u0131ran) Kapsam\u0131nda Trafi\u011fe Kapanacak Yollar"},"content":{"rendered":"<p> T.C. Cumhurba\u015fkanl\u0131\u011f\u0131 himayelerinde, T.C. Gen\u00e7lik ve Spor Bakanl\u0131\u011f\u0131\u2019n\u0131n destekleriyle T\u00fcrkiye Bisiklet Federasyonu taraf\u0131ndan d\u00fczenlenen 61. Cumhurba\u015fkanl\u0131\u011f\u0131 T\u00fcrkiye Bisiklet Turu\u2019nun \u00fc\u00e7\u00fcnc\u00fc etab\u0131 olan Marmaris\u2013K\u0131ran parkuru, 23 tak\u0131m, 27 \u00fclkeden 161 sporcunun kat\u0131l\u0131m\u0131yla 28 Nisan 2026 Sal\u0131 g\u00fcn\u00fc ger\u00e7ekle\u015ftirilecektir.<\/p>\n<p><strong>Start<\/strong>: 12.30 \u2013 Marmaris<br \/><strong>Tahmini fini\u015f<\/strong>\u00a0: 16.06 \u2013 K\u0131ran Zirvesi<\/p>\n<p>61.Cumhurba\u015fkanl\u0131\u011f\u0131 T\u00fcrkiye Bisiklet Turu\u2019nun 3. Etab\u0131, 28.04.2026 Sal\u0131 g\u00fcn\u00fc 12.30\u2019dan itibaren Marmaris\u2019ten ba\u015flayarak K\u0131ran zirve fini\u015finde sona erecektir.<\/p>\n<p>Marmaris \u015fehir merkezinden verilecek start\u0131n ard\u0131ndan yar\u0131\u015f, k\u0131sa bir n\u00f6tral ge\u00e7i\u015f sonras\u0131 aktif hale gelecek ve Marmaris \u00e7\u0131k\u0131\u015f\u0131nda ilk b\u00f6l\u00fcmde dalgal\u0131 bir parkurla devam edecektir. G\u00fczerg\u00e2h boyunca \u0130\u00e7meler ve \u00e7evresindeki ba\u011flant\u0131 yollar\u0131 ge\u00e7ildikten sonra sporcular, Mu\u011fla yolu istikametine y\u00f6nelerek \u00c7etibeli b\u00f6lgesine do\u011fru ilerleyecektir.<\/p>\n<p>Etab\u0131n orta b\u00f6l\u00fcm\u00fcnde G\u00f6kova hatt\u0131na uzanan parkur, teknik virajlar ve k\u0131sa ini\u015f-\u00e7\u0131k\u0131\u015flarla yar\u0131\u015f\u0131n temposunu belirlerken, T\u00fcrkiye G\u00fczellikleri Sprint Kap\u0131s\u0131 bu b\u00f6l\u00fcmde ge\u00e7ilecektir. Devam\u0131nda sporcular, yeniden Marmaris y\u00f6n\u00fcne d\u00f6nerek etap\u0131n en kritik noktas\u0131 olan t\u0131rman\u0131\u015f b\u00f6l\u00fcm\u00fcne do\u011fru ilerleyecektir.<\/p>\n<p>Yakla\u015f\u0131k son 15 kilometrelik b\u00f6l\u00fcmde ba\u015flayan K\u0131ran t\u0131rman\u0131\u015f\u0131, etap\u0131n kaderini belirleyecek ana unsur olup, dik e\u011fimleriyle genel klasman m\u00fccadelesinde \u00f6nemli zaman farklar\u0131n\u0131n olu\u015fmas\u0131na sahne olacakt\u0131r. Etap, K\u0131ran zirvesinde yer alan t\u0131rman\u0131\u015f fini\u015fi (HC) ile tamamlanacakt\u0131r.<\/p>\n<p>28.04.2026 Sal\u0131 g\u00fcn\u00fc sabah saatlerinden itibaren, etap g\u00fczerg\u00e2h\u0131 boyunca yar\u0131\u015f g\u00fcvenli\u011fi kapsam\u0131nda gerekli trafik ve emniyet tedbirleri al\u0131nacak olup, yollar etap ge\u00e7i\u015finden yakla\u015f\u0131k bir saat \u00f6nce kademeli olarak trafi\u011fe kapat\u0131lacakt\u0131r. Start ve fini\u015f noktalar\u0131nda ise kapan\u0131\u015flar daha erken saatlerde ger\u00e7ekle\u015ftirilecektir.<\/p>\n<p>S\u00fcr\u00fcc\u00fclerin belirtilen saatlerde g\u00fczerg\u00e2h\u0131 kullanmamalar\u0131, alternatif yollar\u0131 tercih etmeleri ve g\u00f6revli ekiplerin y\u00f6nlendirmelerine uymalar\u0131 \u00f6nemle rica olunur. Bisiklet turunun ge\u00e7i\u015f yapaca\u011f\u0131 g\u00fczerg\u00e2h bilgisi payla\u015f\u0131lm\u0131\u015f olup, kapat\u0131lacak yollara ili\u015fkin il ve il\u00e7e emniyet m\u00fcd\u00fcrl\u00fckleri taraf\u0131ndan yap\u0131lacak duyurular\u0131n takip edilmesi gerekmektedir.<\/p>\n<p><strong>61. Cumhurba\u015fkanl\u0131\u011f\u0131 T\u00fcrkiye Bisiklet Turu\u2019nun \u00fc\u00e7\u00fcnc\u00fc etab\u0131 olan Marmaris-K\u0131ran etab\u0131 kapsam\u0131nda Mu\u011fla\u2019da kademeli bir \u015fekilde trafi\u011fe kapanacak yollar \u015fu \u015fekildedir:\u00a0<\/strong><\/p>\n<p>28.04.2026 Sal\u0131 g\u00fcn\u00fc etap kapsam\u0131nda yol kapan\u0131\u015flar\u0131 yakla\u015f\u0131k 12.00 \u2013 14.00 saatleri aras\u0131nda uygulanacakt\u0131r.<\/p>\n<p>\u2022 Marmaris \u015fehir merkezi, start alan\u0131 ve bu alana ba\u011flanan kav\u015faklar ile ara yollar,<br \/>\u00a0\u2022 Marmaris \u2013 G\u00f6kova Kav\u015fa\u011f\u0131 istikameti ve ba\u011flant\u0131 yollar\u0131,<br \/>\u00a0\u2022 G\u00f6kova Kav\u015fa\u011f\u0131 \u2013 Akyaka d\u00f6n\u00fc\u015f noktas\u0131 ve \u00e7evre yollar\u0131,<br \/>\u00a0\u2022 Akyaka \u2013 Sarn\u0131\u00e7 \u2013 G\u00f6kova hatt\u0131 ve bu g\u00fczerg\u00e2ha ba\u011flanan kav\u015faklar ile ara yollar,<br \/>\u00a0\u2022 Akyaka \u2013 Akb\u00fck \u2013 \u00d6ren g\u00fczerg\u00e2h\u0131 ve ba\u011flant\u0131 yollar\u0131,<br \/>\u00a0\u2022 \u00c7etibeli ge\u00e7i\u015fi ve Marmaris \u2013 Mu\u011fla karayolu \u00fczerindeki ilgili kesimler,<br \/>\u00a0\u2022 Marmaris d\u00f6n\u00fc\u015f\u00fc sonras\u0131 K\u0131ran t\u0131rman\u0131\u015f hatt\u0131 ve bu hatta ba\u011flanan t\u00fcm kav\u015faklar ile ara yollar,<br \/>\u00a0\u2022 K\u0131ran fini\u015f alan\u0131 ve fini\u015fe ba\u011flanan t\u00fcm yollar.<\/p>\n<p><strong>\u00d6NEML\u0130 NOT<\/strong><\/p>\n<p>Bisiklet turunun ge\u00e7i\u015f yapaca\u011f\u0131 g\u00fczerg\u00e2h bilgisi payla\u015f\u0131lm\u0131\u015f olup, kapat\u0131lacak yollara ili\u015fkin il ve il\u00e7e emniyet m\u00fcd\u00fcrl\u00fcklerinin duyurular\u0131n\u0131n takip edilmesi \u00f6nem arz etmektedir. S\u00fcr\u00fcc\u00fclerin belirtilen saatlerde g\u00fczerg\u00e2h\u0131 kullanmamalar\u0131, alternatif yollar\u0131 tercih etmeleri ve g\u00f6revli ekiplerin y\u00f6nlendirmelerine uymalar\u0131 \u00f6nemle rica olunur.<\/p>\n<p>\u00a0<\/p>\n<p>\u00a0<\/p>\n<p>Kaynak: (BYZHA) Beyaz Haber Ajans\u0131<\/p>\n","protected":false},"excerpt":{"rendered":"<p>T.<\/p>\n","protected":false},"author":1,"featured_media":13505,"comment_status":"open","ping_status":"open","sticky":false,"template":"","format":"standard","meta":{"footnotes":""},"categories":[24],"tags":[],"class_list":["post-13504","post","type-post","status-publish","format-standard","has-post-thumbnail","hentry","category-spor"],"_links":{"self":[{"href":"https:\/\/busondakika.com.tr\/index.php?rest_route=\/wp\/v2\/posts\/13504","targetHints":{"allow":["GET"]}}],"collection":[{"href":"https:\/\/busondakika.com.tr\/index.php?rest_route=\/wp\/v2\/posts"}],"about":[{"href":"https:\/\/busondakika.com.tr\/index.php?rest_route=\/wp\/v2\/types\/post"}],"author":[{"embeddable":true,"href":"https:\/\/busondakika.com.tr\/index.php?rest_route=\/wp\/v2\/users\/1"}],"replies":[{"embeddable":true,"href":"https:\/\/busondakika.com.tr\/index.php?rest_route=%2Fwp%2Fv2%2Fcomments&post=13504"}],"version-history":[{"count":1,"href":"https:\/\/busondakika.com.tr\/index.php?rest_route=\/wp\/v2\/posts\/13504\/revisions"}],"predecessor-version":[{"id":13506,"href":"https:\/\/busondakika.com.tr\/index.php?rest_route=\/wp\/v2\/posts\/13504\/revisions\/13506"}],"wp:featuredmedia":[{"embeddable":true,"href":"https:\/\/busondakika.com.tr\/index.php?rest_route=\/wp\/v2\/media\/13505"}],"wp:attachment":[{"href":"https:\/\/busondakika.com.tr\/index.php?rest_route=%2Fwp%2Fv2%2Fmedia&parent=13504"}],"wp:term":[{"taxonomy":"category","embeddable":true,"href":"https:\/\/busondakika.com.tr\/index.php?rest_route=%2Fwp%2Fv2%2Fcategories&post=13504"},{"taxonomy":"post_tag","embeddable":true,"href":"https:\/\/busondakika.com.tr\/index.php?rest_route=%2Fwp%2Fv2%2Ftags&post=13504"}],"curies":[{"name":"wp","href":"https:\/\/api.w.org\/{rel}","templated":true}]}}