{"id":13507,"date":"2026-04-27T18:18:17","date_gmt":"2026-04-27T18:18:17","guid":{"rendered":"https:\/\/busondakika.com.tr\/?p=13507"},"modified":"2026-04-27T18:18:18","modified_gmt":"2026-04-27T18:18:18","slug":"koy-cesmeleri-yenileniyor","status":"publish","type":"post","link":"https:\/\/busondakika.com.tr\/?p=13507","title":{"rendered":"K\u00f6y \u00e7e\u015fmeleri yenileniyor"},"content":{"rendered":"<p> Kocaeli B\u00fcy\u00fck\u015fehir Belediyesi, k\u0131rsal mahallelerde ortak kullan\u0131m alanlar\u0131n\u0131 iyile\u015ftirmeye y\u00f6nelik \u00e7al\u0131\u015fmalar\u0131n\u0131 s\u00fcrd\u00fcr\u00fcyor. Bu kapsamda Kand\u0131ra\u2019daki k\u00f6y \u00e7e\u015fmeleri bak\u0131m ve onar\u0131mdan ge\u00e7irilerek daha sa\u011fl\u0131kl\u0131, estetik ve kullan\u0131\u015fl\u0131 hale getiriliyor.<\/p>\n<p><b>KIRSALDA YA\u015eAM KAL\u0130TES\u0130 ARTIYOR<\/b><br \/>B\u00fcy\u00fck\u015fehir Belediyesi, sadece kent merkezinde de\u011fil k\u0131rsal mahallelerde de vatanda\u015flar\u0131n g\u00fcnl\u00fck ya\u015fam\u0131n\u0131 kolayla\u015ft\u0131ran hizmetlerini aral\u0131ks\u0131z s\u00fcrd\u00fcr\u00fcyor. Muhtarl\u0131k \u0130\u015fleri Dairesi Ba\u015fkanl\u0131\u011f\u0131 koordinasyonunda, Tesisler \u015eube M\u00fcd\u00fcrl\u00fc\u011f\u00fc ekiplerince y\u00fcr\u00fct\u00fclen \u00e7al\u0131\u015fmalar kapsam\u0131nda zamanla y\u0131pranan k\u00f6y \u00e7e\u015fmeleri yenileniyor. Yap\u0131lan kapsaml\u0131 tadilatlarla \u00e7e\u015fmelere modern g\u00f6r\u00fcn\u00fcm kazand\u0131r\u0131l\u0131yor.<\/p>\n<p><b>\u00c7ALI\u015eMALAR FARKLI MAHALLELERDE S\u00dcR\u00dcYOR<\/b><br \/>Kand\u0131ra\u2019n\u0131n U\u011fumce ve Antapl\u0131 mahallelerinde \u00e7e\u015fme yenileme \u00e7al\u0131\u015fmalar\u0131 s\u00fcrerken, Deli Veli Mahallesi\u2019ndeki \u00e7e\u015fmenin bak\u0131m ve onar\u0131m\u0131 tamamlanarak vatanda\u015flar\u0131n hizmetine sunuldu. Beylerbeyi Mahallesi mezarl\u0131k \u00e7e\u015fmesinde ise \u00e7al\u0131\u015fmalar titizlikle devam ediyor.<\/p>\n<p><b>DAHA SA\u011eLIKLI VE DAYANIKLI HALE GET\u0130R\u0130L\u0130YOR<\/b><br \/>Ekipler taraf\u0131ndan ger\u00e7ekle\u015ftirilen \u00e7al\u0131\u015fmalarda \u00e7e\u015fmelerin su ak\u0131\u015f sistemleri yenilenirken, \u00e7evre d\u00fczenlemeleri de yap\u0131l\u0131yor. G\u00fc\u00e7lendirilen yap\u0131lar ve yenilenen y\u00fczeyler sayesinde \u00e7e\u015fmeler uzun \u00f6m\u00fcrl\u00fc hale getirilirken, vatanda\u015flara daha konforlu kullan\u0131m alanlar\u0131 sunuluyor.<\/p>\n<p><b>HER NOKTADA E\u015e\u0130T H\u0130ZMET ANLAYI\u015eI<\/b><br \/>B\u00fcy\u00fck\u015fehir Belediyesi, kent genelinde oldu\u011fu gibi k\u0131rsal mahallelerde de hizmet kalitesini art\u0131rmay\u0131 s\u00fcrd\u00fcr\u00fcyor. Vatanda\u015flardan gelen talepleri h\u0131zl\u0131 \u015fekilde de\u011ferlendiren B\u00fcy\u00fck\u015fehir, ihtiya\u00e7 duyulan her noktada bak\u0131m ve onar\u0131m \u00e7al\u0131\u015fmalar\u0131na devam edecek.<\/p>\n<p>\u00a0<\/p>\n<p>\u00a0<\/p>\n<p>Kaynak: (BYZHA) Beyaz Haber Ajans\u0131<\/p>\n","protected":false},"excerpt":{"rendered":"<p>Kocaeli B\u00fcy\u00fck\u015fehir Belediyesi, k\u0131rsal mahallelerde ortak kullan\u0131m alanlar\u0131n\u0131 iyile\u015ftirmeye y\u00f6nelik \u00e7al\u0131\u015fmalar\u0131n\u0131 s\u00fcrd\u00fcr\u00fcyor.<\/p>\n","protected":false},"author":1,"featured_media":13508,"comment_status":"open","ping_status":"open","sticky":false,"template":"","format":"standard","meta":{"footnotes":""},"categories":[21],"tags":[],"class_list":["post-13507","post","type-post","status-publish","format-standard","has-post-thumbnail","hentry","category-gundem"],"_links":{"self":[{"href":"https:\/\/busondakika.com.tr\/index.php?rest_route=\/wp\/v2\/posts\/13507","targetHints":{"allow":["GET"]}}],"collection":[{"href":"https:\/\/busondakika.com.tr\/index.php?rest_route=\/wp\/v2\/posts"}],"about":[{"href":"https:\/\/busondakika.com.tr\/index.php?rest_route=\/wp\/v2\/types\/post"}],"author":[{"embeddable":true,"href":"https:\/\/busondakika.com.tr\/index.php?rest_route=\/wp\/v2\/users\/1"}],"replies":[{"embeddable":true,"href":"https:\/\/busondakika.com.tr\/index.php?rest_route=%2Fwp%2Fv2%2Fcomments&post=13507"}],"version-history":[{"count":1,"href":"https:\/\/busondakika.com.tr\/index.php?rest_route=\/wp\/v2\/posts\/13507\/revisions"}],"predecessor-version":[{"id":13509,"href":"https:\/\/busondakika.com.tr\/index.php?rest_route=\/wp\/v2\/posts\/13507\/revisions\/13509"}],"wp:featuredmedia":[{"embeddable":true,"href":"https:\/\/busondakika.com.tr\/index.php?rest_route=\/wp\/v2\/media\/13508"}],"wp:attachment":[{"href":"https:\/\/busondakika.com.tr\/index.php?rest_route=%2Fwp%2Fv2%2Fmedia&parent=13507"}],"wp:term":[{"taxonomy":"category","embeddable":true,"href":"https:\/\/busondakika.com.tr\/index.php?rest_route=%2Fwp%2Fv2%2Fcategories&post=13507"},{"taxonomy":"post_tag","embeddable":true,"href":"https:\/\/busondakika.com.tr\/index.php?rest_route=%2Fwp%2Fv2%2Ftags&post=13507"}],"curies":[{"name":"wp","href":"https:\/\/api.w.org\/{rel}","templated":true}]}}