{"id":13522,"date":"2026-04-28T07:29:56","date_gmt":"2026-04-28T07:29:56","guid":{"rendered":"https:\/\/busondakika.com.tr\/?p=13522"},"modified":"2026-04-28T07:29:57","modified_gmt":"2026-04-28T07:29:57","slug":"yesil-adim-projesiyle-11-bin-581-fidan-hayat-buldu","status":"publish","type":"post","link":"https:\/\/busondakika.com.tr\/?p=13522","title":{"rendered":"\u201cYe\u015fil Ad\u0131m\u201d Projesiyle 11 Bin 581 Fidan hayat buldu."},"content":{"rendered":"<p> <b>Uluslararas\u0131 Lions Dernekleri 118-R Y\u00f6netim \u00c7evresi Federasyonu\u2019nun Ege Orman Vakf\u0131 i\u015f birli\u011fi ile hayata ge\u00e7irdi\u011fi \u201cYe\u015fil Ad\u0131m\u201d projesi kapsam\u0131nda 11 bin 581 fidan hayat buldu.\u00a0<\/b><\/p>\n<p>Do\u011faya katk\u0131 sa\u011flamak ve \u00e7evre bilincini g\u00fc\u00e7lendirmek amac\u0131yla 30 y\u0131ld\u0131r farkl\u0131 projelerde Ege Orman Vakf\u0131 ve Lions Kul\u00fcplerini bir araya getiren; Vakf\u0131n M\u00fctevelli Heyet \u00dcyesi ve 118-R Lions Genel Y\u00f6netmen \u00c7evre Dan\u0131\u015fman\u0131 Nadide \u015eele\u2019nin haz\u0131rlay\u0131p y\u00fcr\u00fctt\u00fc\u011f\u00fc \u201cYe\u015fil Ad\u0131m\u201d projesi kapsam\u0131nda; Federasyona ba\u011fl\u0131 kul\u00fcpler ara\u00e7lar\u0131n karbon sal\u0131m\u0131n\u0131 denkle\u015ftirmek amac\u0131yla her ara\u00e7 i\u00e7in be\u015f fidan ba\u011f\u0131\u015f\u0131 ger\u00e7ekle\u015ftirdi. \u00d6zel bast\u0131r\u0131lm\u0131\u015f \u00e7\u0131kartmalarla bu konuda kamuoyunda fark\u0131ndal\u0131k yarat\u0131l\u0131rken proje sonunda Manisa-Akhisar-S\u00fcleymank\u00f6y a\u011fa\u00e7land\u0131rma sahas\u0131nda \u201cYe\u015fil Ad\u0131m Hat\u0131ra Orman\u0131\u201d olu\u015fturuldu.<\/p>\n<p>A\u011fa\u00e7land\u0131rma sahas\u0131nda Uluslararas\u0131 Lions 118-R Y\u00f6netim \u00c7evresi Federasyonu Genel Y\u00f6netmeni Arif \u00c7orap\u00e7\u0131o\u011flu, Genel Y\u00f6netmen ikinci Yard\u0131mc\u0131s\u0131 Sadi Kan, Y\u00f6netim \u00c7evresi Sekreteri G\u00f6kseli T\u00fcrko\u011flu, Ege Orman Vakf\u0131 Genel M\u00fcd\u00fcr\u00fc Perihan \u00d6zt\u00fcrk, kul\u00fcp ba\u015fkanlar\u0131 ve \u00fcyelerinin kat\u0131l\u0131m\u0131 ile fidan dikim etkinli\u011fi ger\u00e7ekle\u015ftirildi.<\/p>\n<p>118-R Y\u00f6netim \u00c7evresi Genel Y\u00f6netmeni Arif \u00c7orap\u00e7\u0131o\u011flu, Ege Orman Vakf\u0131 ile e\u011fitim ve a\u011fa\u00e7land\u0131rma konusunda farkl\u0131 projeler y\u00fcr\u00fctt\u00fcklerini belirterek; Ye\u015fil Ad\u0131m Projesi ile 11 bin 581 fidan\u0131n toprakla bulu\u015fmas\u0131n\u0131n mutlulu\u011funu ya\u015fad\u0131klar\u0131n\u0131 s\u00f6yledi. \u0130lk hizmet g\u00fcn\u00fcnde projenin hayata ge\u00e7irildi\u011fini s\u00f6yleyen \u00c7orap\u00e7\u0131o\u011flu; \u201c2 bin fidan\u0131 hedefleyerek ba\u015flad\u0131\u011f\u0131m\u0131z bu \u00e7al\u0131\u015fma, kul\u00fcplerimizin sahiplenmesiyle \u00e7ok daha b\u00fcy\u00fck bir etkiye ula\u015ft\u0131. Dikilen yeni fidanlarla gelece\u011fe umut olurken; ayn\u0131 zamanda g\u00fcnl\u00fck hayat\u0131m\u0131zdaki karbon ayak izine de dikkat \u00e7ekerek bu konuda fark\u0131ndal\u0131k yaratt\u0131k. Destek olan t\u00fcm Kul\u00fcplerimize te\u015fekk\u00fcr ediyorum. \u201cdiye konu\u015ftu.<\/p>\n<p>Ege Orman Vakf\u0131 Genel M\u00fcd\u00fcr\u00fc Perihan \u00d6zt\u00fcrk ise, Federasyon ve ba\u011fl\u0131 kul\u00fcplerin ge\u00e7mi\u015f y\u0131llardan bu yana s\u00fcrd\u00fcr\u00fclebilir olarak Ege Orman Vakf\u0131\u2019n\u0131n a\u011fa\u00e7land\u0131rma ve e\u011fitim \u00e7al\u0131\u015fmalar\u0131na destek verdiklerini s\u00f6yledi. \u00d6zt\u00fcrk; \u201cBu t\u00fcr \u00e7al\u0131\u015fmalar, sadece do\u011faya de\u011fil, toplumun \u00e7evreye bak\u0131\u015f\u0131na da yat\u0131r\u0131m niteli\u011fi ta\u015f\u0131yor. S\u00fcrd\u00fcr\u00fclebilirlik ancak bu t\u00fcr uzun soluklu ve bilin\u00e7 olu\u015fturan i\u015f birlikleriyle m\u00fcmk\u00fcn oluyor. Bu anlaml\u0131 destekleri i\u00e7in 118-R Y\u00f6netim \u00c7evresi Federasyonu\u2019na ve t\u00fcm kul\u00fcplere te\u015fekk\u00fcr ediyor, do\u011faya fayda sa\u011flayacak yeni projelerde bulu\u015fmay\u0131 diliyoruz.\u201d dedi.<\/p>\n<p>Projeye; Uluslararas\u0131 Lions Dernekleri 118 Y\u00f6netim \u00c7evresi Federasyonu 2 bin 66 fidan, Bodrum Lions Kul\u00fcpleri 2 bin fidan, \u0130zmir Teos Lions Kul\u00fcb\u00fc 2 bin 3 fidan, Merhum Avukat Beh\u00e7et Tun\u00e7ok an\u0131s\u0131na Yamanlar Lions Kul\u00fcb\u00fc 2 bin 26 fidan, Pergamon Lions Kul\u00fcb\u00fc 2 bin 25 fidan ve Bahar Lions Kul\u00fcb\u00fc 520 fidan, Federasyona ba\u011fl\u0131 di\u011fer kul\u00fcpler de m\u00fcnferit ba\u011f\u0131\u015flar\u0131yla destek verdi. Kul\u00fcp Ba\u015fkanlar\u0131na plaket ve te\u015fekk\u00fcr sertifikalar\u0131 takdim edildi.<\/p>\n<p>\u00a0<\/p>\n<p>\u00a0<\/p>\n<p>Kaynak: (BYZHA) Beyaz Haber Ajans\u0131<\/p>\n","protected":false},"excerpt":{"rendered":"<p>Uluslararas\u0131 Lions Dernekleri 118-R Y\u00f6netim \u00c7evresi Federasyonu\u2019nun Ege Orman Vakf\u0131 i\u015f birli\u011fi ile hayata ge\u00e7irdi\u011fi \u201cYe\u015fil Ad\u0131m\u201d projesi kapsam\u0131nda 11 bin 581 fidan hayat buldu.<\/p>\n","protected":false},"author":1,"featured_media":13523,"comment_status":"open","ping_status":"open","sticky":false,"template":"","format":"standard","meta":{"footnotes":""},"categories":[21],"tags":[],"class_list":["post-13522","post","type-post","status-publish","format-standard","has-post-thumbnail","hentry","category-gundem"],"_links":{"self":[{"href":"https:\/\/busondakika.com.tr\/index.php?rest_route=\/wp\/v2\/posts\/13522","targetHints":{"allow":["GET"]}}],"collection":[{"href":"https:\/\/busondakika.com.tr\/index.php?rest_route=\/wp\/v2\/posts"}],"about":[{"href":"https:\/\/busondakika.com.tr\/index.php?rest_route=\/wp\/v2\/types\/post"}],"author":[{"embeddable":true,"href":"https:\/\/busondakika.com.tr\/index.php?rest_route=\/wp\/v2\/users\/1"}],"replies":[{"embeddable":true,"href":"https:\/\/busondakika.com.tr\/index.php?rest_route=%2Fwp%2Fv2%2Fcomments&post=13522"}],"version-history":[{"count":1,"href":"https:\/\/busondakika.com.tr\/index.php?rest_route=\/wp\/v2\/posts\/13522\/revisions"}],"predecessor-version":[{"id":13524,"href":"https:\/\/busondakika.com.tr\/index.php?rest_route=\/wp\/v2\/posts\/13522\/revisions\/13524"}],"wp:featuredmedia":[{"embeddable":true,"href":"https:\/\/busondakika.com.tr\/index.php?rest_route=\/wp\/v2\/media\/13523"}],"wp:attachment":[{"href":"https:\/\/busondakika.com.tr\/index.php?rest_route=%2Fwp%2Fv2%2Fmedia&parent=13522"}],"wp:term":[{"taxonomy":"category","embeddable":true,"href":"https:\/\/busondakika.com.tr\/index.php?rest_route=%2Fwp%2Fv2%2Fcategories&post=13522"},{"taxonomy":"post_tag","embeddable":true,"href":"https:\/\/busondakika.com.tr\/index.php?rest_route=%2Fwp%2Fv2%2Ftags&post=13522"}],"curies":[{"name":"wp","href":"https:\/\/api.w.org\/{rel}","templated":true}]}}