{"id":13549,"date":"2026-04-28T07:48:07","date_gmt":"2026-04-28T07:48:07","guid":{"rendered":"https:\/\/busondakika.com.tr\/?p=13549"},"modified":"2026-04-28T07:48:08","modified_gmt":"2026-04-28T07:48:08","slug":"kent-konseyleri-ayvalikta-bulustu","status":"publish","type":"post","link":"https:\/\/busondakika.com.tr\/?p=13549","title":{"rendered":"Kent Konseyleri Ayval\u0131k\u2019ta bulu\u015ftu\u2026"},"content":{"rendered":"\n<p style=\"margin-top:8px;margin-bottom:8px\"><span style=\"font-size:11pt\"><span style=\"background:white\"><span style=\"line-height:115%\"><span style=\"font-family:Calibri,sans-serif\"><span style=\"font-size:12.0pt\"><span style=\"line-height:115%\"><span style=\",serif\"><span style=\"color:#080809\">Ayval\u0131k Belediye Ba\u015fkan\u0131 Mesut Ergin, Bal\u0131kesir genelindeki kent konseylerinin ba\u015fkan ve genel sekreterlerini Ayval\u0131k\u2019ta a\u011f\u0131rlad\u0131. Ba\u015fkan Ergin, kat\u0131l\u0131mc\u0131 demokrasiyi g\u00fc\u00e7lendiren bulu\u015fmada; ortak akl\u0131, i\u015f birli\u011fini ve deneyim payla\u015f\u0131m\u0131n\u0131 b\u00fcy\u00fctt\u00fcklerini s\u00f6yledi. <\/span><\/span><\/span><\/span><\/span><\/span><\/span><\/span><\/p>\n<p style=\"margin-top:8px;margin-bottom:8px\"><span style=\"font-size:11pt\"><span style=\"background:white\"><span style=\"line-height:115%\"><span style=\"font-family:Calibri,sans-serif\"><span style=\"font-size:12.0pt\"><span style=\"line-height:115%\"><span style=\",serif\"><span style=\"color:#080809\">Kent Konseyleriyle kurulan g\u00fc\u00e7l\u00fc dayan\u0131\u015fma sayesinde Ayval\u0131k\u2019ta yaln\u0131zca konu\u015fan de\u011fil, \u00fcreten ve sahada kar\u015f\u0131l\u0131k bulan bir yap\u0131 olu\u015fturuldu\u011funa dikkat \u00e7eken Ba\u015fkan Mesut Ergin, \u201cKentimizin gelece\u011fini birlikte planlamaya, birlikte \u00fcretmeye devam edece\u011fiz. Kat\u0131l\u0131m sa\u011flayan t\u00fcm kent konseylerimize te\u015fekk\u00fcr ediyorum\u201d dedi.<\/span><\/span><\/span><\/span><\/span><\/span><\/span><\/span><\/p>\n<p style=\"margin-top:8px;margin-bottom:8px\"><span style=\"font-size:11pt\"><span style=\"line-height:115%\"><span style=\"font-family:Calibri,sans-serif\"><span style=\"font-size:12.0pt\"><span style=\"line-height:115%\"><span style=\",serif\">Bal\u0131kesir genelinde faaliyet g\u00f6steren kent konseyleri, Ayval\u0131k\u2019ta d\u00fczenlenen bulu\u015fmada bir araya geldi. Ayval\u0131k Belediyesi\u2019nin ev sahipli\u011finde ger\u00e7ekle\u015ftirilen toplant\u0131da, kat\u0131l\u0131mc\u0131 demokrasinin g\u00fc\u00e7lendirilmesi, yerel y\u00f6netimlerde ortak ak\u0131l anlay\u0131\u015f\u0131n\u0131n yayg\u0131nla\u015ft\u0131r\u0131lmas\u0131 ve deneyim payla\u015f\u0131m\u0131n\u0131n art\u0131r\u0131lmas\u0131 ele al\u0131nd\u0131.<\/span><\/span><\/span><\/span><\/span><\/span><\/p>\n<p style=\"margin-top:8px;margin-bottom:8px\"><span style=\"font-size:11pt\"><span style=\"line-height:115%\"><span style=\"font-family:Calibri,sans-serif\"><span style=\"font-size:12.0pt\"><span style=\"line-height:115%\"><span style=\",serif\">Ayval\u0131k\u2019ta Kent Konseyi ile g\u00fc\u00e7l\u00fc bir dayan\u0131\u015fma i\u00e7erisinde \u00e7al\u0131\u015ft\u0131klar\u0131n\u0131 vurgulayan Ba\u015fkan Ergin, bu i\u015f birli\u011finin somut sonu\u00e7lar \u00fcretti\u011fini hat\u0131rlatt\u0131. Ergin, \u201cKent Konseyimizle kurdu\u011fumuz g\u00fc\u00e7l\u00fc dayan\u0131\u015fma sayesinde Ayval\u0131k\u2019ta yaln\u0131zca konu\u015fan de\u011fil, \u00fcreten ve sahada kar\u015f\u0131l\u0131k bulan bir yap\u0131 olu\u015fturuyoruz. Kentimizin gelece\u011fini birlikte planlamaya, birlikte \u00fcretmeye devam edece\u011fiz. Bu t\u00fcr bulu\u015fmalar yerel demokrasinin geli\u015fimine katk\u0131 sunuyor\u201d dedi.<\/span><\/span><\/span><\/span><\/span><\/span><\/p>\n<p style=\"margin-top:8px;margin-bottom:8px\">\u00a0<\/p>\n<p>Kaynak: (BYZHA) Beyaz Haber Ajans\u0131<\/p>\n","protected":false},"excerpt":{"rendered":"<p>Ayval\u0131k Belediye Ba\u015fkan\u0131 Mesut Ergin, Bal\u0131kesir genelindeki kent konseylerinin ba\u015fkan ve genel sekreterlerini Ayval\u0131k\u2019ta a\u011f\u0131rlad\u0131.<\/p>\n","protected":false},"author":1,"featured_media":13550,"comment_status":"open","ping_status":"open","sticky":false,"template":"","format":"standard","meta":{"footnotes":""},"categories":[21],"tags":[],"class_list":["post-13549","post","type-post","status-publish","format-standard","has-post-thumbnail","hentry","category-gundem"],"_links":{"self":[{"href":"https:\/\/busondakika.com.tr\/index.php?rest_route=\/wp\/v2\/posts\/13549","targetHints":{"allow":["GET"]}}],"collection":[{"href":"https:\/\/busondakika.com.tr\/index.php?rest_route=\/wp\/v2\/posts"}],"about":[{"href":"https:\/\/busondakika.com.tr\/index.php?rest_route=\/wp\/v2\/types\/post"}],"author":[{"embeddable":true,"href":"https:\/\/busondakika.com.tr\/index.php?rest_route=\/wp\/v2\/users\/1"}],"replies":[{"embeddable":true,"href":"https:\/\/busondakika.com.tr\/index.php?rest_route=%2Fwp%2Fv2%2Fcomments&post=13549"}],"version-history":[{"count":1,"href":"https:\/\/busondakika.com.tr\/index.php?rest_route=\/wp\/v2\/posts\/13549\/revisions"}],"predecessor-version":[{"id":13551,"href":"https:\/\/busondakika.com.tr\/index.php?rest_route=\/wp\/v2\/posts\/13549\/revisions\/13551"}],"wp:featuredmedia":[{"embeddable":true,"href":"https:\/\/busondakika.com.tr\/index.php?rest_route=\/wp\/v2\/media\/13550"}],"wp:attachment":[{"href":"https:\/\/busondakika.com.tr\/index.php?rest_route=%2Fwp%2Fv2%2Fmedia&parent=13549"}],"wp:term":[{"taxonomy":"category","embeddable":true,"href":"https:\/\/busondakika.com.tr\/index.php?rest_route=%2Fwp%2Fv2%2Fcategories&post=13549"},{"taxonomy":"post_tag","embeddable":true,"href":"https:\/\/busondakika.com.tr\/index.php?rest_route=%2Fwp%2Fv2%2Ftags&post=13549"}],"curies":[{"name":"wp","href":"https:\/\/api.w.org\/{rel}","templated":true}]}}