{"id":13555,"date":"2026-04-28T07:48:16","date_gmt":"2026-04-28T07:48:16","guid":{"rendered":"https:\/\/busondakika.com.tr\/?p=13555"},"modified":"2026-04-28T07:48:17","modified_gmt":"2026-04-28T07:48:17","slug":"karsiyakada-caz-ruzgarlari-esti","status":"publish","type":"post","link":"https:\/\/busondakika.com.tr\/?p=13555","title":{"rendered":"Kar\u015f\u0131yaka\u2019da caz r\u00fczgarlar\u0131 esti"},"content":{"rendered":"<p> <b>Kar\u015f\u0131yaka Oda Orkestras\u0131 (KODA) konserleriyle kentlileri sanatla bulu\u015fturmaya devam eden Kar\u015f\u0131yaka Belediyesi, unutulmaz bir caz ak\u015fam\u0131na ev sahipli\u011fi yapt\u0131. Arkas Holding\u2019in katk\u0131lar\u0131yla d\u00fczenlenen \u201cCaz\u0131n Esintisi\u201d konserini Arkas Holding Y\u00f6netim Kurulu Ba\u015fkan\u0131 Lucien Arkas ve Kar\u015f\u0131yaka Belediye Ba\u015fkan\u0131 Y\u0131ld\u0131z \u00dcnsal da e\u015fleriyle birlikte izledi. Ba\u015fkan \u00dcnsal \u201cM\u00fczi\u011fin birle\u015ftirici, iyile\u015ftirici ve d\u00f6n\u00fc\u015ft\u00fcr\u00fcc\u00fc g\u00fcc\u00fcyle ya\u015fama de\u011fer katmay\u0131 s\u00fcrd\u00fcrece\u011fiz\u201d dedi.<\/b><\/p>\n<p>Kar\u015f\u0131yaka Belediyesi,\u00a0Kar\u015f\u0131yaka Oda Orkestras\u0131 (KODA) konserleri kapsam\u0131nda sanatseverleri caz\u0131n b\u00fcy\u00fcleyici t\u0131n\u0131lar\u0131yla bulu\u015fturdu.<b>\u00a0<\/b>Arkas Holding\u2019in katk\u0131lar\u0131yla Kar\u015f\u0131yaka Suat Ta\u015fer Sanat Merkezi\u2019nde ger\u00e7ekle\u015ftirilen \u201cCaz\u0131n Esintisi\u201d konserine, Kar\u015f\u0131yaka Belediye Ba\u015fkan\u0131 Y\u0131ld\u0131z \u00dcnsal ve Altan \u00dcnsal ile Arkas Holding Y\u00f6netim Kurulu Ba\u015fkan\u0131 Lucien Arkas ve e\u015fi Merve Arkas da kat\u0131ld\u0131.\u00a0Vokalde Cansu Nihal Akarsu, piyanoda U\u011fur G\u00fcne\u015f, basta Yi\u011fit \u015een ve davulda Akg\u00fcn \u00c7avu\u015f\u2019un sahne ald\u0131\u011f\u0131 gecede m\u00fczi\u011fin ritmi b\u00fcy\u00fck co\u015fku yaratt\u0131. Sunduklar\u0131 sanat \u015f\u00f6leni i\u00e7in sanat\u00e7\u0131lara te\u015fekk\u00fcr eden Ba\u015fkan \u00dcnsal, konsere katk\u0131lar\u0131ndan dolay\u0131\u00a0Lucien Arkas\u2019a \u00e7i\u00e7ek takdim etti.<\/p>\n<p><b>ARKAS\u2019A ANLAMLI TE\u015eEKK\u00dcR<\/b><\/p>\n<p>Kar\u015f\u0131yaka Belediye Ba\u015fkan\u0131 Y\u0131ld\u0131z \u00dcnsal, \u201cKar\u015f\u0131yaka Oda Orkestras\u0131 bizim g\u00f6z bebe\u011fimiz. Bu gece bizlere muhte\u015fem bir konser ya\u015fatan sanat\u00e7\u0131lar\u0131m\u0131za te\u015fekk\u00fcr ediyorum. Arkas Holding\u2019e ve Say\u0131n Lucien Arkas\u2019a da\u00a0\u0130zmir\u2019in k\u00fclt\u00fcr-sanat hayat\u0131na katk\u0131lar\u0131ndan dolay\u0131 te\u015fekk\u00fcrlerimi sunuyorum.\u00a0Bug\u00fcn sanat\u00e7\u0131lar\u0131m\u0131zla bizleri kendileri bulu\u015fturdu. Bizim i\u00e7in \u00e7ok de\u011ferliydi. \u0130zmir\u2019de, Kar\u015f\u0131yaka\u2019da b\u00f6yle g\u00fczel bulu\u015fmalar\u0131n devam\u0131 i\u00e7in bu t\u00fcr katk\u0131lar \u00e7ok \u00f6nemli.\u00a0K\u00fclt\u00fcr ve sanat\u0131 daha geni\u015f kitlelere ula\u015ft\u0131rmak, nitelikli etkinliklerle ya\u015fama de\u011fer katmak i\u00e7in \u00e7al\u0131\u015fmaya devam edece\u011fiz\u201d diye konu\u015ftu.<\/p>\n<p>Arkas Holding Y\u00f6netim Kurulu Ba\u015fkan\u0131 Lucien Arkas da \u201cM\u00fczik ruhun g\u0131das\u0131d\u0131r. M\u00fcziksiz bir d\u00fcnya olmaz. Bu g\u00fczel gece i\u00e7in Say\u0131n Ba\u015fkan\u0131m\u0131za ve sanat\u00e7\u0131lar\u0131m\u0131za te\u015fekk\u00fcr ediyorum\u201d dedi.\u00a0\u00a0<\/p>\n<p>\u00a0<\/p>\n<p>\u00a0<\/p>\n<p>Kaynak: (BYZHA) Beyaz Haber Ajans\u0131<\/p>\n","protected":false},"excerpt":{"rendered":"<p>Kar\u015f\u0131yaka Oda Orkestras\u0131 (KODA) konserleriyle kentlileri sanatla bulu\u015fturmaya devam eden Kar\u015f\u0131yaka Belediyesi, unutulmaz bir caz ak\u015fam\u0131na ev sahipli\u011fi yapt\u0131.<\/p>\n","protected":false},"author":1,"featured_media":13556,"comment_status":"open","ping_status":"open","sticky":false,"template":"","format":"standard","meta":{"footnotes":""},"categories":[20],"tags":[],"class_list":["post-13555","post","type-post","status-publish","format-standard","has-post-thumbnail","hentry","category-kultur-sanat"],"_links":{"self":[{"href":"https:\/\/busondakika.com.tr\/index.php?rest_route=\/wp\/v2\/posts\/13555","targetHints":{"allow":["GET"]}}],"collection":[{"href":"https:\/\/busondakika.com.tr\/index.php?rest_route=\/wp\/v2\/posts"}],"about":[{"href":"https:\/\/busondakika.com.tr\/index.php?rest_route=\/wp\/v2\/types\/post"}],"author":[{"embeddable":true,"href":"https:\/\/busondakika.com.tr\/index.php?rest_route=\/wp\/v2\/users\/1"}],"replies":[{"embeddable":true,"href":"https:\/\/busondakika.com.tr\/index.php?rest_route=%2Fwp%2Fv2%2Fcomments&post=13555"}],"version-history":[{"count":1,"href":"https:\/\/busondakika.com.tr\/index.php?rest_route=\/wp\/v2\/posts\/13555\/revisions"}],"predecessor-version":[{"id":13557,"href":"https:\/\/busondakika.com.tr\/index.php?rest_route=\/wp\/v2\/posts\/13555\/revisions\/13557"}],"wp:featuredmedia":[{"embeddable":true,"href":"https:\/\/busondakika.com.tr\/index.php?rest_route=\/wp\/v2\/media\/13556"}],"wp:attachment":[{"href":"https:\/\/busondakika.com.tr\/index.php?rest_route=%2Fwp%2Fv2%2Fmedia&parent=13555"}],"wp:term":[{"taxonomy":"category","embeddable":true,"href":"https:\/\/busondakika.com.tr\/index.php?rest_route=%2Fwp%2Fv2%2Fcategories&post=13555"},{"taxonomy":"post_tag","embeddable":true,"href":"https:\/\/busondakika.com.tr\/index.php?rest_route=%2Fwp%2Fv2%2Ftags&post=13555"}],"curies":[{"name":"wp","href":"https:\/\/api.w.org\/{rel}","templated":true}]}}