{"id":13558,"date":"2026-04-28T07:48:25","date_gmt":"2026-04-28T07:48:25","guid":{"rendered":"https:\/\/busondakika.com.tr\/?p=13558"},"modified":"2026-04-28T07:48:26","modified_gmt":"2026-04-28T07:48:26","slug":"kecioren-belediyesinden-kadin-sagligina-yonelik-farkindalik-semineri","status":"publish","type":"post","link":"https:\/\/busondakika.com.tr\/?p=13558","title":{"rendered":"Ke\u00e7i\u00f6ren Belediyesi\u2019nden Kad\u0131n Sa\u011fl\u0131\u011f\u0131na Y\u00f6nelik Fark\u0131ndal\u0131k Semineri"},"content":{"rendered":"<p> Ke\u00e7i\u00f6ren Belediyesi Kad\u0131n ve Aile Hizmetleri M\u00fcd\u00fcrl\u00fc\u011f\u00fc taraf\u0131ndan kad\u0131n sa\u011fl\u0131\u011f\u0131 konusunda toplumsal bilin\u00e7 olu\u015fturmak ve erken tan\u0131n\u0131n \u00f6nemine dikkat \u00e7ekmek amac\u0131yla\u00a0<b>\u201cKad\u0131n Hastal\u0131klar\u0131nda Fark\u0131ndal\u0131k Semineri\u201d<\/b>\u00a0d\u00fczenlendi. Yunus Emre K\u00fclt\u00fcr Merkezi\u2019nde ger\u00e7ekle\u015ftirilen seminer kad\u0131nlardan yo\u011fun ilgi g\u00f6rd\u00fc.<\/p>\n<p><b>Alan\u0131nda uzman isimler bilgilendirme yapt\u0131<\/b><\/p>\n<p>Erken tan\u0131 ve koruyucu sa\u011fl\u0131k \u00f6nlemleri konusunda fark\u0131ndal\u0131k olu\u015fturulmas\u0131 hedefiyle d\u00fczenlenen programda kat\u0131l\u0131mc\u0131lara kendi bedenlerini tan\u0131ma ve sa\u011fl\u0131klar\u0131n\u0131 koruma konusunda \u00f6nemli bilgiler aktar\u0131ld\u0131. Alan\u0131nda uzman isimlerin yer ald\u0131\u011f\u0131 seminerde Genel Cerrah Prof. Dr. Ali Ka\u011fan G\u00f6kak\u0131n, meme ve kolon kanseri hakk\u0131nda bilgilendirme yapt\u0131. Kad\u0131n Hastal\u0131klar\u0131 ve Do\u011fum Uzman\u0131 Op. Dr. Emine G\u00fcl Savc\u0131 ise rahim a\u011fz\u0131 kanseri konusunda \u00f6nemli uyar\u0131larda bulundu. Seminerde yer alan Klinik Psikolog Bikem Zeynep Yaz\u0131c\u0131 da hastal\u0131k s\u00fcre\u00e7lerinde psikolojik dayan\u0131kl\u0131l\u0131\u011f\u0131n \u00f6nemi ve bireylerin bu s\u00fcre\u00e7leri sa\u011fl\u0131kl\u0131 \u015fekilde y\u00f6netebilmesine y\u00f6nelik de\u011ferlendirmeler yapt\u0131.<\/p>\n<p><b>Kendi kendine muayenenin p\u00fcf noktalar\u0131 aktar\u0131ld\u0131<\/b><\/p>\n<p>Seminer kapsam\u0131nda kad\u0131n hastal\u0131klar\u0131na ili\u015fkin temel bilgiler, meme sa\u011fl\u0131\u011f\u0131 ve kendi kendine muayene y\u00f6ntemleri, rahim ve yumurtal\u0131k sa\u011fl\u0131\u011f\u0131, menopoz s\u00fcreci ve hormonal de\u011fi\u015fiklikler, erken tan\u0131 ve d\u00fczenli taramalar\u0131n \u00f6nemi ile sa\u011fl\u0131kl\u0131 ya\u015fam ve beslenme konular\u0131 ele al\u0131nd\u0131. Programda ayr\u0131ca kat\u0131l\u0131mc\u0131lar\u0131n sorular\u0131 uzmanlar taraf\u0131ndan yan\u0131tland\u0131. Uygulamal\u0131 e\u011fitim b\u00f6l\u00fcm\u00fcnde kat\u0131l\u0131mc\u0131lara kendi kendine meme muayenesi ve basit egzersizler hakk\u0131nda pratik bilgiler sunuldu.<\/p>\n<p>\u00a0<\/p>\n<p>\u00a0<\/p>\n<p>Kaynak: (BYZHA) Beyaz Haber Ajans\u0131<\/p>\n","protected":false},"excerpt":{"rendered":"<p>Ke\u00e7i\u00f6ren Belediyesi Kad\u0131n ve Aile Hizmetleri M\u00fcd\u00fcrl\u00fc\u011f\u00fc taraf\u0131ndan kad\u0131n sa\u011fl\u0131\u011f\u0131 konusunda toplumsal bilin\u00e7 olu\u015fturmak ve erken tan\u0131n\u0131n \u00f6nemine dikkat \u00e7ekmek amac\u0131yla\u00a0\u201cKad\u0131n Hastal\u0131klar\u0131nda Fark\u0131ndal\u0131k Semineri\u201d\u00a0d\u00fczenlendi.<\/p>\n","protected":false},"author":1,"featured_media":13559,"comment_status":"open","ping_status":"open","sticky":false,"template":"","format":"standard","meta":{"footnotes":""},"categories":[23],"tags":[],"class_list":["post-13558","post","type-post","status-publish","format-standard","has-post-thumbnail","hentry","category-saglik"],"_links":{"self":[{"href":"https:\/\/busondakika.com.tr\/index.php?rest_route=\/wp\/v2\/posts\/13558","targetHints":{"allow":["GET"]}}],"collection":[{"href":"https:\/\/busondakika.com.tr\/index.php?rest_route=\/wp\/v2\/posts"}],"about":[{"href":"https:\/\/busondakika.com.tr\/index.php?rest_route=\/wp\/v2\/types\/post"}],"author":[{"embeddable":true,"href":"https:\/\/busondakika.com.tr\/index.php?rest_route=\/wp\/v2\/users\/1"}],"replies":[{"embeddable":true,"href":"https:\/\/busondakika.com.tr\/index.php?rest_route=%2Fwp%2Fv2%2Fcomments&post=13558"}],"version-history":[{"count":1,"href":"https:\/\/busondakika.com.tr\/index.php?rest_route=\/wp\/v2\/posts\/13558\/revisions"}],"predecessor-version":[{"id":13560,"href":"https:\/\/busondakika.com.tr\/index.php?rest_route=\/wp\/v2\/posts\/13558\/revisions\/13560"}],"wp:featuredmedia":[{"embeddable":true,"href":"https:\/\/busondakika.com.tr\/index.php?rest_route=\/wp\/v2\/media\/13559"}],"wp:attachment":[{"href":"https:\/\/busondakika.com.tr\/index.php?rest_route=%2Fwp%2Fv2%2Fmedia&parent=13558"}],"wp:term":[{"taxonomy":"category","embeddable":true,"href":"https:\/\/busondakika.com.tr\/index.php?rest_route=%2Fwp%2Fv2%2Fcategories&post=13558"},{"taxonomy":"post_tag","embeddable":true,"href":"https:\/\/busondakika.com.tr\/index.php?rest_route=%2Fwp%2Fv2%2Ftags&post=13558"}],"curies":[{"name":"wp","href":"https:\/\/api.w.org\/{rel}","templated":true}]}}