{"id":13570,"date":"2026-04-28T07:59:06","date_gmt":"2026-04-28T07:59:06","guid":{"rendered":"https:\/\/busondakika.com.tr\/?p=13570"},"modified":"2026-04-28T07:59:07","modified_gmt":"2026-04-28T07:59:07","slug":"osmangazide-kadinlardan-muhtesem-ritim-gosterisi","status":"publish","type":"post","link":"https:\/\/busondakika.com.tr\/?p=13570","title":{"rendered":"Osmangazi\u2019de Kad\u0131nlardan Muhte\u015fem Ritim G\u00f6sterisi"},"content":{"rendered":"<p> <span style=\"font-size:12pt\"><span style=\",serif\"><span style=\"font-size:11.0pt\"><span style=\",serif\">Kad\u0131nlara verdi\u011fi de\u011fer ve destekle her zaman \u00f6ne \u00e7\u0131kan Osmangazi Belediyesi, Ahenka Kad\u0131n Ritim Toplulu\u011fu ile birlikte muhte\u015fem bir g\u00f6steriye imza att\u0131.<\/span><\/span><\/span><\/span><\/p>\n<p><span style=\"font-size:12pt\"><span style=\",serif\"><span style=\"font-size:11.0pt\"><span style=\",serif\">Bursa\u2019da farkl\u0131 meslek gruplar\u0131ndan kad\u0131nlar\u0131n 2 y\u0131l \u00f6nce bir araya gelerek kurdu\u011fu ritim toplulu\u011fu, s\u0131f\u0131rdan ald\u0131klar\u0131 e\u011fitimlerle profesyonel bir seviyeye ula\u015ft\u0131. Ahenka Kad\u0131n Ritim Toplulu\u011fu \u00fcyesi kad\u0131nlar, e\u011fitim sonunda her biri usta m\u00fczisyenleri aratmayan sahne performanslar\u0131 sergilerken, Osmangazi Belediyesi ve Osmangazi Kent Konseyi ile birlikte ortak bir projeyi hayata kazand\u0131rd\u0131.<\/span><\/span><\/span><\/span><\/p>\n<p><span style=\"font-size:12pt\"><span style=\",serif\"><span style=\"font-size:11.0pt\"><span style=\",serif\">Osmangazi G\u00f6steri Merkezi\u2019nde d\u00fczenlenen konserde kad\u0131nlar, b\u00fcy\u00fcleyici darbuka performanslar\u0131yla izleyenlere unutulmaz bir gece ya\u015fatt\u0131. Atat\u00fcrk\u2019\u00fcn sevdi\u011fi \u015fark\u0131lar\u0131n seslendirilmesiyle ba\u015flayan konser, Ahenka Kad\u0131n Ritim Toplulu\u011fu\u2019nun etkileyici ritim g\u00f6sterisiyle tamamland\u0131. K\u00fclt\u00fcr ve sanat\u0131n harmanland\u0131\u011f\u0131 bu \u00f6zel geceyi ka\u00e7\u0131rmak istemeyen sanatseverler, salonu tamamen doldurarak ritimlere alk\u0131\u015flar\u0131yla kat\u0131ld\u0131.<\/span><\/span><\/span><\/span><\/p>\n<p><span style=\"font-size:12pt\"><span style=\",serif\"><b><span style=\"font-size:11.0pt\"><span style=\",serif\">\u201cHayat\u0131n Ritmini Birlikte Ya\u015famaya \u00c7al\u0131\u015f\u0131yoruz\u201d<\/span><\/span><\/b><\/span><\/span><\/p>\n<p><span style=\"font-size:12pt\"><span style=\",serif\"><span style=\"font-size:11.0pt\"><span style=\",serif\">Hayat\u0131n ritmini birlikte ya\u015famak i\u00e7in yola \u00e7\u0131kt\u0131klar\u0131n\u0131 ifade eden Ahenka Ritim Toplulu\u011fu E\u011fitmeni Nebahat Tosun, \u201cProjemiz ba\u015flad\u0131\u011f\u0131ndan bu yana grubumuzda her kesimden kad\u0131n yer al\u0131yor. \u0130ki y\u0131ld\u0131r devam eden ritim e\u011fitimlerimizle yeni gruplar da a\u00e7\u0131lacak. Bu ak\u015fam darbuka performans\u0131yla sahne ald\u0131k. Toplulu\u011fumuzdaki kad\u0131nlar\u0131n hi\u00e7birinin daha \u00f6nce m\u00fczik ge\u00e7mi\u015fi yoktu. Ancak burada ald\u0131klar\u0131 e\u011fitimlerle ritim tutmay\u0131 \u00f6\u011frendiler ve art\u0131k konserler veriyoruz. Kad\u0131nlar\u0131m\u0131z hayat\u0131n ritmini yakalamak istediklerini s\u00f6yl\u00fcyordu; \u015fimdi bunu hep birlikte ba\u015far\u0131yoruz. Konserimiz iki b\u00f6l\u00fcmden olu\u015fuyor. \u0130lk b\u00f6l\u00fcmde Atat\u00fcrk\u2019\u00fcn sevdi\u011fi \u015fark\u0131larla ba\u015flad\u0131k. Ard\u0131ndan bir zeybek g\u00f6sterisi sahnelendi ve sonras\u0131nda kad\u0131nlar\u0131m\u0131zdan olu\u015fan grubun ritim konseri yer ald\u0131\u201d \u015feklinde konu\u015ftu.<\/span><\/span><\/span><\/span><\/p>\n<p><span style=\"font-size:12pt\"><span style=\",serif\"><b><span style=\"font-size:11.0pt\"><span style=\",serif\">\u201cBurada Bir\u00e7ok Meslek Gurubundan Kad\u0131n Var\u201d<\/span><\/span><\/b><\/span><\/span><\/p>\n<p><span style=\"font-size:12pt\"><span style=\",serif\"><span style=\"font-size:11.0pt\"><span style=\",serif\">Kat\u0131ld\u0131\u011f\u0131 e\u011fitimlerle darbuka \u00e7almay\u0131 \u00f6\u011frenen Naime Kaya da, \u201cGurubumuzun i\u00e7inde \u00f6\u011fretmen, m\u00fchendis, ev han\u0131m\u0131 ve bir\u00e7ok meslek gurubundan kad\u0131n var. Burada hem e\u011fleniyor hem de verdi\u011fimiz konserle insanlar\u0131 e\u011flendiriyoruz. Konserimizi izleyenler muhte\u015fem bir gece ge\u00e7irdi. Bu ak\u015fam Atat\u00fcrk\u2019\u00fcn sevdi\u011fi par\u00e7alar, T\u00fcrk sanat m\u00fczi\u011fi ve roman havas\u0131 \u00e7ald\u0131k\u201d ifadelerini kulland\u0131. <\/span><\/span><\/span><\/span><\/p>\n<p><span style=\"font-size:12pt\"><span style=\",serif\"><b><span style=\"font-size:11.0pt\"><span style=\",serif\">\u201cKad\u0131nlar\u0131n Her Zaman Yan\u0131nday\u0131z\u201d<\/span><\/span><\/b><\/span><\/span><\/p>\n<p><span style=\"font-size:12pt\"><span style=\",serif\"><span style=\"font-size:11.0pt\"><span style=\",serif\">Kad\u0131nlar\u0131n her zaman yan\u0131nda olduklar\u0131n\u0131 s\u00f6yleyen Osmangazi Kent Konseyi Ba\u015fkan\u0131 Sevim Sakall\u0131 ise \u015fu a\u00e7\u0131klamalarda bulundu:<\/span><\/span><\/span><\/span><\/p>\n<p><span style=\"font-size:12pt\"><span style=\",serif\"><span style=\"font-size:11.0pt\"><span style=\",serif\">\u201cKad\u0131nlar\u0131n sadece ev i\u015fleriyle u\u011fra\u015fmad\u0131\u011f\u0131n\u0131, g\u00fcnl\u00fck hayat\u0131n d\u0131\u015f\u0131nda da ba\u015fka u\u011fra\u015flarda ba\u015far\u0131l\u0131 olduklar\u0131n\u0131 bu ak\u015fam ortaya koyduklar\u0131 sahne performans\u0131yla g\u00f6sterdik. Buna uzun zamand\u0131r haz\u0131rlan\u0131yorlar. Kad\u0131nlar bir araya gelerek bir ritim gurubu olu\u015fturmu\u015flar. Osmangazi Kent Konseyi olarak kad\u0131nlar\u0131n bu projesine ortak olduk ve Osmangazi\u2019de muhte\u015fem bir etkinli\u011fe imza att\u0131lar.\u201d<\/span><\/span><\/span><\/span><\/p>\n<p><span style=\"font-size:12pt\"><span style=\",serif\"><span style=\"font-size:11.0pt\"><span style=\",serif\">Gecenin sonunda Osmangazi Belediye Ba\u015fkan Yard\u0131mc\u0131s\u0131 Mutlu Esendemir, Ahenka Kad\u0131n Ritim Toplulu\u011fu \u00fcyelerine g\u00fcn\u00fcn an\u0131s\u0131na te\u015fekk\u00fcr plaketi takdim etti. <\/span><\/span><\/span><\/span><\/p>\n<p>\u00a0<\/p>\n<p>\u00a0<\/p>\n<p>Kaynak: (BYZHA) Beyaz Haber Ajans\u0131<\/p>\n","protected":false},"excerpt":{"rendered":"<p>Kad\u0131nlara verdi\u011fi de\u011fer ve destekle her zaman \u00f6ne \u00e7\u0131kan Osmangazi Belediyesi, Ahenka Kad\u0131n Ritim Toplulu\u011fu ile birlikte muhte\u015fem bir g\u00f6steriye imza att\u0131.<\/p>\n","protected":false},"author":1,"featured_media":13571,"comment_status":"open","ping_status":"open","sticky":false,"template":"","format":"standard","meta":{"footnotes":""},"categories":[20],"tags":[],"class_list":["post-13570","post","type-post","status-publish","format-standard","has-post-thumbnail","hentry","category-kultur-sanat"],"_links":{"self":[{"href":"https:\/\/busondakika.com.tr\/index.php?rest_route=\/wp\/v2\/posts\/13570","targetHints":{"allow":["GET"]}}],"collection":[{"href":"https:\/\/busondakika.com.tr\/index.php?rest_route=\/wp\/v2\/posts"}],"about":[{"href":"https:\/\/busondakika.com.tr\/index.php?rest_route=\/wp\/v2\/types\/post"}],"author":[{"embeddable":true,"href":"https:\/\/busondakika.com.tr\/index.php?rest_route=\/wp\/v2\/users\/1"}],"replies":[{"embeddable":true,"href":"https:\/\/busondakika.com.tr\/index.php?rest_route=%2Fwp%2Fv2%2Fcomments&post=13570"}],"version-history":[{"count":1,"href":"https:\/\/busondakika.com.tr\/index.php?rest_route=\/wp\/v2\/posts\/13570\/revisions"}],"predecessor-version":[{"id":13572,"href":"https:\/\/busondakika.com.tr\/index.php?rest_route=\/wp\/v2\/posts\/13570\/revisions\/13572"}],"wp:featuredmedia":[{"embeddable":true,"href":"https:\/\/busondakika.com.tr\/index.php?rest_route=\/wp\/v2\/media\/13571"}],"wp:attachment":[{"href":"https:\/\/busondakika.com.tr\/index.php?rest_route=%2Fwp%2Fv2%2Fmedia&parent=13570"}],"wp:term":[{"taxonomy":"category","embeddable":true,"href":"https:\/\/busondakika.com.tr\/index.php?rest_route=%2Fwp%2Fv2%2Fcategories&post=13570"},{"taxonomy":"post_tag","embeddable":true,"href":"https:\/\/busondakika.com.tr\/index.php?rest_route=%2Fwp%2Fv2%2Ftags&post=13570"}],"curies":[{"name":"wp","href":"https:\/\/api.w.org\/{rel}","templated":true}]}}