{"id":13606,"date":"2026-04-28T08:30:45","date_gmt":"2026-04-28T08:30:45","guid":{"rendered":"https:\/\/busondakika.com.tr\/?p=13606"},"modified":"2026-04-28T08:30:46","modified_gmt":"2026-04-28T08:30:46","slug":"ugur-mumcu-caddesi-bastan-sona-yenileniyor","status":"publish","type":"post","link":"https:\/\/busondakika.com.tr\/?p=13606","title":{"rendered":"U\u011fur Mumcu Caddesi ba\u015ftan sona yenileniyor"},"content":{"rendered":"<p> B\u00fcy\u00fck\u015fehir Belediyesi taraf\u0131ndan \u00c7ay\u0131rova\u2019n\u0131n \u00f6nemli ula\u015f\u0131m akslar\u0131ndan U\u011fur Mumcu Caddesi\u2019nde y\u00fcr\u00fct\u00fclen yenileme \u00e7al\u0131\u015fmalar\u0131nda altyap\u0131n\u0131n b\u00fcy\u00fck b\u00f6l\u00fcm\u00fc tamamland\u0131. \u00dcstyap\u0131 \u00e7al\u0131\u015fmalar\u0131n\u0131n da hayata ge\u00e7irilmesiyle cadde; modern, d\u00fczenli ve estetik g\u00f6r\u00fcn\u00fcme kavu\u015facak.<\/p>\n<p><b>ALTYAPI BA\u015eTAN A\u015eA\u011eI YEN\u0130LEND\u0130<\/b><\/p>\n<p>Kocaeli B\u00fcy\u00fck\u015fehir Belediyesi\u2019nin \u00e7al\u0131\u015fmalar\u0131 kapsam\u0131nda cadde boyunca 2 bin 100 metre i\u00e7me suyu hatt\u0131, 2 bin 400 metre kanalizasyon hatt\u0131 ve 186 metre ya\u011fmur suyu hatt\u0131 yenilendi. Ayr\u0131ca 527 metre uzunlu\u011funda dere \u0131slah\u0131 ger\u00e7ekle\u015ftirildi. Bunun yan\u0131 s\u0131ra 2 bin 200 metre fiber optik kablo d\u00f6\u015fenirken, 1100 metre al\u00e7ak gerilim ve 1100 metre orta gerilim hatt\u0131 ile caddenin elektrik altyap\u0131s\u0131 g\u00fc\u00e7lendirildi.<\/p>\n<p><b>\u00dcSTYAPI \u0130LE MODERN G\u00d6R\u00dcN\u00dcM<\/b><\/p>\n<p>Altyap\u0131 \u00e7al\u0131\u015fmalar\u0131n\u0131n tamamlanmas\u0131n\u0131n ard\u0131ndan \u00fcstyap\u0131 uygulamalar\u0131na ge\u00e7ildi. B\u00fcy\u00fck\u015fehir Belediyesi ekipleri taraf\u0131ndan caddeye 5 bin 850 ton asfalt serimi yap\u0131lacak. Ayr\u0131ca 10 bin 100 metrekare bask\u0131 beton kald\u0131r\u0131m imalat\u0131 ger\u00e7ekle\u015ftirilecek. Cadde boyunca yerle\u015ftirilecek 58 dekoratif ayd\u0131nlatma dire\u011fi ise hem g\u00fcvenli\u011fi art\u0131racak hem de estetik g\u00f6r\u00fcn\u00fcm kazand\u0131racak. \u00c7al\u0131\u015fmalar\u0131n tamamlanmas\u0131yla birlikte U\u011fur Mumcu Caddesi, yaln\u0131zca bir ula\u015f\u0131m yolu olman\u0131n \u00f6tesine ge\u00e7erek modern altyap\u0131s\u0131, yenilenen \u00fcstyap\u0131s\u0131 ve g\u00f6rsel d\u00fczenlemeleriyle \u00c7ay\u0131rova\u2019n\u0131n prestij caddelerinden biri haline gelecek.<\/p>\n<p>\u00a0<\/p>\n<p>Kaynak: (BYZHA) Beyaz Haber Ajans\u0131<\/p>\n","protected":false},"excerpt":{"rendered":"<p>B\u00fcy\u00fck\u015fehir Belediyesi taraf\u0131ndan \u00c7ay\u0131rova\u2019n\u0131n \u00f6nemli ula\u015f\u0131m akslar\u0131ndan U\u011fur Mumcu Caddesi\u2019nde y\u00fcr\u00fct\u00fclen yenileme \u00e7al\u0131\u015fmalar\u0131nda altyap\u0131n\u0131n b\u00fcy\u00fck b\u00f6l\u00fcm\u00fc tamamland\u0131.<\/p>\n","protected":false},"author":1,"featured_media":13607,"comment_status":"open","ping_status":"open","sticky":false,"template":"","format":"standard","meta":{"footnotes":""},"categories":[21],"tags":[],"class_list":["post-13606","post","type-post","status-publish","format-standard","has-post-thumbnail","hentry","category-gundem"],"_links":{"self":[{"href":"https:\/\/busondakika.com.tr\/index.php?rest_route=\/wp\/v2\/posts\/13606","targetHints":{"allow":["GET"]}}],"collection":[{"href":"https:\/\/busondakika.com.tr\/index.php?rest_route=\/wp\/v2\/posts"}],"about":[{"href":"https:\/\/busondakika.com.tr\/index.php?rest_route=\/wp\/v2\/types\/post"}],"author":[{"embeddable":true,"href":"https:\/\/busondakika.com.tr\/index.php?rest_route=\/wp\/v2\/users\/1"}],"replies":[{"embeddable":true,"href":"https:\/\/busondakika.com.tr\/index.php?rest_route=%2Fwp%2Fv2%2Fcomments&post=13606"}],"version-history":[{"count":1,"href":"https:\/\/busondakika.com.tr\/index.php?rest_route=\/wp\/v2\/posts\/13606\/revisions"}],"predecessor-version":[{"id":13608,"href":"https:\/\/busondakika.com.tr\/index.php?rest_route=\/wp\/v2\/posts\/13606\/revisions\/13608"}],"wp:featuredmedia":[{"embeddable":true,"href":"https:\/\/busondakika.com.tr\/index.php?rest_route=\/wp\/v2\/media\/13607"}],"wp:attachment":[{"href":"https:\/\/busondakika.com.tr\/index.php?rest_route=%2Fwp%2Fv2%2Fmedia&parent=13606"}],"wp:term":[{"taxonomy":"category","embeddable":true,"href":"https:\/\/busondakika.com.tr\/index.php?rest_route=%2Fwp%2Fv2%2Fcategories&post=13606"},{"taxonomy":"post_tag","embeddable":true,"href":"https:\/\/busondakika.com.tr\/index.php?rest_route=%2Fwp%2Fv2%2Ftags&post=13606"}],"curies":[{"name":"wp","href":"https:\/\/api.w.org\/{rel}","templated":true}]}}