{"id":13612,"date":"2026-04-28T08:40:50","date_gmt":"2026-04-28T08:40:50","guid":{"rendered":"https:\/\/busondakika.com.tr\/?p=13612"},"modified":"2026-04-28T08:40:51","modified_gmt":"2026-04-28T08:40:51","slug":"cankayada-ilaclama-calismalari-hizlandi","status":"publish","type":"post","link":"https:\/\/busondakika.com.tr\/?p=13612","title":{"rendered":"\u00c7ankaya\u2019da \u0130la\u00e7lama \u00c7al\u0131\u015fmalar\u0131 H\u0131zland\u0131"},"content":{"rendered":"<p> <b>\u00c7ankaya Belediyesi havalar\u0131n \u0131s\u0131nmas\u0131yla birlikte vekt\u00f6r (hastal\u0131k ta\u015f\u0131yan canl\u0131lar) m\u00fccadelesini h\u0131zland\u0131rarak il\u00e7e sakinlerinin yaz aylar\u0131n\u0131 sorunsuz ge\u00e7irmeleri i\u00e7in \u00e7al\u0131\u015fmalar\u0131n\u0131 yo\u011funla\u015ft\u0131rd\u0131.<\/b><\/p>\n<p>\u00c7ankaya Belediyesi, havalar\u0131n \u0131s\u0131nmas\u0131yla birlikte ila\u00e7lama \u00e7al\u0131\u015fmalar\u0131n\u0131 yo\u011funla\u015ft\u0131rd\u0131. \u0130l\u00e7ede yer alan \u00e7\u00f6p konteyn\u0131rlar\u0131, r\u00f6gar kapaklar\u0131, ye\u015fil alanlar ile su birikintilerinin oldu\u011fu yerlerde ila\u00e7lama \u00e7al\u0131\u015fmalar\u0131n\u0131 koordineli bir bi\u00e7imde s\u00fcrd\u00fcren \u00c7ankaya Belediyesi \u00e7al\u0131\u015fmalar\u0131na erken saatlerde ba\u015fl\u0131yor.<\/p>\n<p>S\u0131cak havan\u0131n etkisiyle do\u011fada olu\u015fan sivrisinek, karasinek, kene ve yaprak bitlerinin \u00fcremesini engellemek i\u00e7in su birikintisi bulunan mezbelelik alanlarda larvasit uygulamas\u0131 ger\u00e7ekle\u015ftiren \u00c7ankaya Belediyesi ekipleri, sivrisineklerin aktif oldu\u011fu saatlerde kanallara s\u0131cak sisleme y\u00f6ntemi uyguluyor.\u00a0Karasineklerin \u00fcreme alanlar\u0131 olan \u00e7\u00f6p konteyn\u0131rlar\u0131na hem larva hem de ila\u00e7lama \u00e7al\u0131\u015fmas\u0131n\u0131n yan\u0131 s\u0131ra \u00e7al\u0131l\u0131k ve ye\u015fil alanlar\u0131 da g\u00fcn i\u00e7inde s\u00fcrekli ila\u00e7l\u0131yor.<\/p>\n<p><b>168 PARK \u0130LA\u00c7LANDI<\/b><\/p>\n<p>Bahar ay\u0131yla birlikte parklara ak\u0131n eden il\u00e7e sakinlerinin ho\u015f\u00e7a vakit ge\u00e7irebilmeleri i\u00e7in parklar\u0131n ye\u015fil alan zeminlerini periyodik olarak ila\u00e7layan \u00c7ankaya Belediyesi, vatanda\u015flar\u0131n sorunsuz bir yaz ge\u00e7irmeleri i\u00e7in var g\u00fcc\u00fcyle \u00e7al\u0131\u015f\u0131yor.\u00a0A\u011fa\u00e7 yapra\u011f\u0131nda olu\u015fan yaprak bitleri (afit) ile de m\u00fccadelesini s\u00fcrd\u00fcren ekipler, \u00a0a\u011fa\u00e7lara zarar veren ve insanlar\u0131 da rahats\u0131z eden afitlerin \u00fcrememesi i\u00e7in parklardaki a\u011fa\u00e7lar\u0131 ila\u00e7l\u0131yor.<\/p>\n<p>Vatanda\u015flar\u0131n taleplerini koordineli bir bi\u00e7imde yerine getiren \u00c7ankaya Belediyesi, 1035 noktada larva ve ergin m\u00fccadelesini s\u00fcrd\u00fcr\u00fcrken il\u00e7e genelinde 168 park\u0131n ila\u00e7lamas\u0131n\u0131 yaparak vatanda\u015flar\u0131n kullan\u0131m\u0131na haz\u0131r hale getirdi.<\/p>\n<p><b>VATANDA\u015eLARA \u00c7A\u011eRI<\/b><\/p>\n<p>Do\u011faya en az zarar vererek y\u00fcr\u00fct\u00fclen vekt\u00f6r m\u00fccadelesinde vatanda\u015flara da i\u015f d\u00fc\u015ft\u00fc\u011f\u00fcn\u00fc belirten \u00c7ankaya Belediyesi, vatanda\u015flar\u0131n evcil hayvanlar i\u00e7in d\u0131\u015far\u0131 b\u0131rakt\u0131klar\u0131 sular\u0131 s\u0131kl\u0131kla de\u011fi\u015ftirmesinin ve organik at\u0131klar\u0131 po\u015fetleyerek atmalar\u0131n\u0131n \u00f6nemli oldu\u011funu dile getirdi.\u00a0<\/p>\n<p>\u00a0<\/p>\n<p>\u00a0<\/p>\n<p>Kaynak: (BYZHA) Beyaz Haber Ajans\u0131<\/p>\n","protected":false},"excerpt":{"rendered":"<p>\u00c7ankaya Belediyesi havalar\u0131n \u0131s\u0131nmas\u0131yla birlikte vekt\u00f6r (hastal\u0131k ta\u015f\u0131yan canl\u0131lar) m\u00fccadelesini h\u0131zland\u0131rarak il\u00e7e sakinlerinin yaz aylar\u0131n\u0131 sorunsuz ge\u00e7irmeleri i\u00e7in \u00e7al\u0131\u015fmalar\u0131n\u0131 yo\u011funla\u015ft\u0131rd\u0131.<\/p>\n","protected":false},"author":1,"featured_media":13613,"comment_status":"open","ping_status":"open","sticky":false,"template":"","format":"standard","meta":{"footnotes":""},"categories":[21],"tags":[],"class_list":["post-13612","post","type-post","status-publish","format-standard","has-post-thumbnail","hentry","category-gundem"],"_links":{"self":[{"href":"https:\/\/busondakika.com.tr\/index.php?rest_route=\/wp\/v2\/posts\/13612","targetHints":{"allow":["GET"]}}],"collection":[{"href":"https:\/\/busondakika.com.tr\/index.php?rest_route=\/wp\/v2\/posts"}],"about":[{"href":"https:\/\/busondakika.com.tr\/index.php?rest_route=\/wp\/v2\/types\/post"}],"author":[{"embeddable":true,"href":"https:\/\/busondakika.com.tr\/index.php?rest_route=\/wp\/v2\/users\/1"}],"replies":[{"embeddable":true,"href":"https:\/\/busondakika.com.tr\/index.php?rest_route=%2Fwp%2Fv2%2Fcomments&post=13612"}],"version-history":[{"count":1,"href":"https:\/\/busondakika.com.tr\/index.php?rest_route=\/wp\/v2\/posts\/13612\/revisions"}],"predecessor-version":[{"id":13614,"href":"https:\/\/busondakika.com.tr\/index.php?rest_route=\/wp\/v2\/posts\/13612\/revisions\/13614"}],"wp:featuredmedia":[{"embeddable":true,"href":"https:\/\/busondakika.com.tr\/index.php?rest_route=\/wp\/v2\/media\/13613"}],"wp:attachment":[{"href":"https:\/\/busondakika.com.tr\/index.php?rest_route=%2Fwp%2Fv2%2Fmedia&parent=13612"}],"wp:term":[{"taxonomy":"category","embeddable":true,"href":"https:\/\/busondakika.com.tr\/index.php?rest_route=%2Fwp%2Fv2%2Fcategories&post=13612"},{"taxonomy":"post_tag","embeddable":true,"href":"https:\/\/busondakika.com.tr\/index.php?rest_route=%2Fwp%2Fv2%2Ftags&post=13612"}],"curies":[{"name":"wp","href":"https:\/\/api.w.org\/{rel}","templated":true}]}}