{"id":13639,"date":"2026-04-28T09:09:17","date_gmt":"2026-04-28T09:09:17","guid":{"rendered":"https:\/\/busondakika.com.tr\/?p=13639"},"modified":"2026-04-28T09:09:18","modified_gmt":"2026-04-28T09:09:18","slug":"15-uluslararasi-alacati-ot-festivali-yuz-binlerce-kisiyi-agirladi","status":"publish","type":"post","link":"https:\/\/busondakika.com.tr\/?p=13639","title":{"rendered":"15. Uluslararas\u0131 Ala\u00e7at\u0131 Ot Festivali y\u00fcz binlerce ki\u015fiyi a\u011f\u0131rlad\u0131"},"content":{"rendered":"<p> <b><i>Ala\u00e7at\u0131 Ot Festivali, bir hafta boyunca yar\u0131\u015fmalar, s\u00f6yle\u015filer, gastronomi bulu\u015fmalar\u0131 ve renkli etkinliklerle \u00c7e\u015fme\u2019de bahar\u0131n co\u015fkusunu ya\u015fatt\u0131.<\/i><\/b><\/p>\n<p>\u201c<b>K\u00f6klerden D\u00fcnyaya<\/b>\u201d temas\u0131yla bu y\u0131l ilk kez uluslararas\u0131 kimli\u011fiyle d\u00fczenlenen 15. Ala\u00e7at\u0131 Ot Festivali, yo\u011fun kat\u0131l\u0131m ve dopdolu program\u0131yla sona erdi. T\u00fcrkiye\u2019nin d\u00f6rt bir yan\u0131ndan ve d\u00fcnyan\u0131n farkl\u0131 \u00fclkelerinden gelen konuklar\u0131 Ala\u00e7at\u0131\u2019n\u0131n e\u015fsiz atmosferinde bulu\u015fturan festival, k\u00fclt\u00fcr, gastronomi ve do\u011fay\u0131 bir araya getirdi.<\/p>\n<p><b><i>Ala\u00e7at\u0131 sokaklar\u0131 festivalle canland\u0131<\/i><\/b><\/p>\n<p>Festival s\u00fcresince Ala\u00e7at\u0131 sokaklar\u0131 sabah\u0131n erken saatlerinden itibaren hareketlenirken, kurulan stantlarda yerel \u00fcreticiler b\u00f6lgenin kendine \u00f6zg\u00fc otlar\u0131n\u0131, enginar\u0131n\u0131, \u00c7e\u015fme limonunu ve do\u011fal \u00fcr\u00fcnlerini ziyaret\u00e7ilerin be\u011fenisine sundu. Yerel \u00fcretimin ve s\u00fcrd\u00fcr\u00fclebilir tar\u0131m\u0131n \u00f6n plana \u00e7\u0131kt\u0131\u011f\u0131 festival, bu y\u00f6n\u00fcyle de b\u00fcy\u00fck ilgi g\u00f6rd\u00fc.<\/p>\n<p><b><i>\u015eefler Meydan\u0131 uluslararas\u0131 bulu\u015fmaya sahne oldu<\/i><\/b><\/p>\n<p>Ala\u00e7at\u0131 Pazaryeri Camii arkas\u0131nda kurulan \u201c\u015eefler Meydan\u0131\u201dnda ger\u00e7ekle\u015ftirilen uluslararas\u0131 yemek yar\u0131\u015fmalar\u0131, farkl\u0131 \u00fclkelerden \u015fefler ile gen\u00e7 gastronomi \u00f6\u011frencilerini bir araya getirdi. G\u00fcn boyu s\u00fcren yar\u0131\u015fmalar ve at\u00f6lyeler, bilgi payla\u015f\u0131m\u0131n\u0131n yan\u0131 s\u0131ra k\u00fclt\u00fcrel etkile\u015fime de katk\u0131 sundu.<\/p>\n<p><b><i>Mehmet Yal\u00e7\u0131nkaya\u2019dan gastronomiye g\u00fc\u00e7l\u00fc vurgu<\/i><\/b><\/p>\n<p>Festivalin \u00f6ne \u00e7\u0131kan isimlerinden Mehmet Yal\u00e7\u0131nkaya, \u201cSofran\u0131n Diplomasisi G\u00fcc\u00fc\u201d ba\u015fl\u0131kl\u0131 s\u00f6yle\u015fisiyle gastronominin k\u00fclt\u00fcrler aras\u0131 etkile\u015fimdeki rol\u00fcne dikkat \u00e7ekti. Ege mutfa\u011f\u0131n\u0131n \u00f6z\u00fcnde do\u011faya sayg\u0131n\u0131n yatt\u0131\u011f\u0131n\u0131 vurgulayan Yal\u00e7\u0131nkaya, Ala\u00e7at\u0131\u2019n\u0131n yerel otlar\u0131n\u0131n mutfa\u011f\u0131n en yal\u0131n ama en karakterli halini yans\u0131tt\u0131\u011f\u0131n\u0131 ifade etti. Festival boyunca ger\u00e7ekle\u015ftirdi\u011fi payla\u015f\u0131mlar ve tariflerle ziyaret\u00e7ilerden b\u00fcy\u00fck ilgi g\u00f6ren Yal\u00e7\u0131nkaya, Ala\u00e7at\u0131\u2019n\u0131n gastronomi sahnesine uluslararas\u0131 \u00f6l\u00e7ekte katk\u0131 sundu.<\/p>\n<p><b><i>S\u00f6yle\u015filer, etkinlikler ve bulu\u015fmalar b\u00fcy\u00fck ilgi g\u00f6rd\u00fc<\/i><\/b><\/p>\n<p>Festival kapsam\u0131nda d\u00fczenlenen s\u00f6yle\u015filerde edebiyat, gastronomi ve s\u00fcrd\u00fcr\u00fclebilirlik gibi farkl\u0131 alanlar bir araya gelirken; yazar bulu\u015fmalar\u0131, \u00e7ocuk etkinlikleri ve spor aktiviteleri her ya\u015ftan ziyaret\u00e7iye hitap etti. Cumhuriyet Meydan\u0131\u2019nda ger\u00e7ekle\u015fen programlar yo\u011fun ilgi g\u00f6r\u00fcrken, Ala\u00e7at\u0131 Deneyim Noktas\u0131\u2019nda d\u00fczenlenen \u00f6zel s\u00f6yle\u015filer de festivalin dikkat \u00e7eken duraklar\u0131 aras\u0131nda yer ald\u0131.<\/p>\n<p><b><i>Final g\u00fcn\u00fc de yo\u011fun kat\u0131l\u0131mla ger\u00e7ekle\u015fti<\/i><\/b><\/p>\n<p>Festivalin son g\u00fcn\u00fc de yine yo\u011fun bir kat\u0131l\u0131mla ger\u00e7ekle\u015fti. S\u00f6yle\u015filer, yazar bulu\u015fmalar\u0131, \u00e7ocuk etkinlikleri ve spor aktiviteleri g\u00fcn boyu devam ederken, uluslararas\u0131 \u015feflerin sahne ald\u0131\u011f\u0131 programlar ziyaret\u00e7ilerden b\u00fcy\u00fck ilgi g\u00f6rd\u00fc. D\u00f6rt g\u00fcn boyunca y\u00fcz binlerce ki\u015finin kat\u0131l\u0131m\u0131yla Ala\u00e7at\u0131 sokaklar\u0131 dolup ta\u015farken, festival kentin k\u00fclt\u00fcrel ve gastronomik kimli\u011fini g\u00fc\u00e7l\u00fc \u015fekilde yans\u0131tt\u0131.<\/p>\n<p><b><i>Ba\u015fkan Denizli: \u201cUluslararas\u0131 kimli\u011fiyle gurur duyuyoruz\u201d<\/i><\/b><\/p>\n<p>\u00c7e\u015fme Belediye Ba\u015fkan\u0131 Lal Denizli, festivalin uluslararas\u0131 boyutuna dikkat \u00e7ekerek,<br \/>\u201cBu y\u0131l 15\u2019incisini ger\u00e7ekle\u015ftirdi\u011fimiz Ala\u00e7at\u0131 Ot Festivali\u2019ni uluslararas\u0131 kimli\u011fiyle d\u00fczenlemenin gururunu ya\u015f\u0131yoruz. Farkl\u0131 \u00fclkelerden \u015feflerimiz, Ege mutfa\u011f\u0131n\u0131n e\u015fsiz otlar\u0131yla \u00f6zg\u00fcn tarifler haz\u0131rlad\u0131. Hem gen\u00e7lerimize hem de yeti\u015fkinlerimize gastronomi alan\u0131nda \u00f6nemli deneyimler sunduk\u201d dedi.<\/p>\n<p><b><i>\u00c7e\u015fme\u2019nin marka etkinli\u011fi bir kez daha g\u00fcc\u00fcn\u00fc g\u00f6sterdi<\/i><\/b><\/p>\n<p>Ala\u00e7at\u0131 Ot Festivali, k\u00fclt\u00fcr, gastronomi ve sosyal ya\u015fam\u0131 bulu\u015fturan g\u00fc\u00e7l\u00fc i\u00e7eri\u011fiyle bir kez daha \u00c7e\u015fme\u2019nin en \u00f6nemli marka etkinliklerinden biri oldu\u011funu ortaya koyarken, geride unutulmaz an\u0131lar ve y\u00fcksek bir kat\u0131l\u0131m b\u0131rakarak co\u015fkuyla tamamland\u0131.<\/p>\n<p>\u00a0<\/p>\n<p>Kaynak: (BYZHA) Beyaz Haber Ajans\u0131<\/p>\n","protected":false},"excerpt":{"rendered":"<p>Ala\u00e7at\u0131 Ot Festivali, bir hafta boyunca yar\u0131\u015fmalar, s\u00f6yle\u015filer, gastronomi bulu\u015fmalar\u0131 ve renkli etkinliklerle \u00c7e\u015fme\u2019de bahar\u0131n co\u015fkusunu ya\u015fatt\u0131.<\/p>\n","protected":false},"author":1,"featured_media":13640,"comment_status":"open","ping_status":"open","sticky":false,"template":"","format":"standard","meta":{"footnotes":""},"categories":[20],"tags":[],"class_list":["post-13639","post","type-post","status-publish","format-standard","has-post-thumbnail","hentry","category-kultur-sanat"],"_links":{"self":[{"href":"https:\/\/busondakika.com.tr\/index.php?rest_route=\/wp\/v2\/posts\/13639","targetHints":{"allow":["GET"]}}],"collection":[{"href":"https:\/\/busondakika.com.tr\/index.php?rest_route=\/wp\/v2\/posts"}],"about":[{"href":"https:\/\/busondakika.com.tr\/index.php?rest_route=\/wp\/v2\/types\/post"}],"author":[{"embeddable":true,"href":"https:\/\/busondakika.com.tr\/index.php?rest_route=\/wp\/v2\/users\/1"}],"replies":[{"embeddable":true,"href":"https:\/\/busondakika.com.tr\/index.php?rest_route=%2Fwp%2Fv2%2Fcomments&post=13639"}],"version-history":[{"count":1,"href":"https:\/\/busondakika.com.tr\/index.php?rest_route=\/wp\/v2\/posts\/13639\/revisions"}],"predecessor-version":[{"id":13641,"href":"https:\/\/busondakika.com.tr\/index.php?rest_route=\/wp\/v2\/posts\/13639\/revisions\/13641"}],"wp:featuredmedia":[{"embeddable":true,"href":"https:\/\/busondakika.com.tr\/index.php?rest_route=\/wp\/v2\/media\/13640"}],"wp:attachment":[{"href":"https:\/\/busondakika.com.tr\/index.php?rest_route=%2Fwp%2Fv2%2Fmedia&parent=13639"}],"wp:term":[{"taxonomy":"category","embeddable":true,"href":"https:\/\/busondakika.com.tr\/index.php?rest_route=%2Fwp%2Fv2%2Fcategories&post=13639"},{"taxonomy":"post_tag","embeddable":true,"href":"https:\/\/busondakika.com.tr\/index.php?rest_route=%2Fwp%2Fv2%2Ftags&post=13639"}],"curies":[{"name":"wp","href":"https:\/\/api.w.org\/{rel}","templated":true}]}}