{"id":13642,"date":"2026-04-28T09:09:27","date_gmt":"2026-04-28T09:09:27","guid":{"rendered":"https:\/\/busondakika.com.tr\/?p=13642"},"modified":"2026-04-28T09:09:29","modified_gmt":"2026-04-28T09:09:29","slug":"vodafone-5g-kapsama-gucunu-televizyonda-noter-huzurunda-kanitladi","status":"publish","type":"post","link":"https:\/\/busondakika.com.tr\/?p=13642","title":{"rendered":"Vodafone, 5G Kapsama G\u00fcc\u00fcn\u00fc Televizyonda Noter Huzurunda Kan\u0131tlad\u0131"},"content":{"rendered":"<p> D\u00fcnyada en fazla \u00fclkede 5G hizmeti sunan bir numaral\u0131 operat\u00f6r olan\u00a0<strong>Vodafone,<\/strong>\u00a0T\u00fcrkiye\u2019de de her il ve il\u00e7eyi ilk g\u00fcnden ve ayn\u0131 anda 5G teknolojisiyle bulu\u015fturdu. Vodafone,<strong>\u00a0<\/strong>5G\u2019deki kapsama g\u00fcc\u00fcn\u00fc kan\u0131tlamak amac\u0131yla 4 b\u00fcy\u00fck televizyon kanal\u0131nda b\u00fcy\u00fck bir 5G testi ger\u00e7ekle\u015ftirdi. \u0130ki g\u00fcn boyunca yay\u0131nlanan \u00f6zel haber \u00e7al\u0131\u015fmalar\u0131nda, 81 ilde 922 il\u00e7e tek tek g\u00f6r\u00fcnt\u00fcl\u00fc aranarak ve canl\u0131 konum al\u0131narak Vodafone 5G\u2019nin var oldu\u011fu noter huzurunda kan\u0131tland\u0131.<\/p>\n<p><strong>Demet Evg\u00e2r ve Cengiz Bozkurt sundu<\/strong><\/p>\n<p>Birinci g\u00fcn, Kanal D, NOW TV, ATV ve TRT 1 ana haberlerde\u00a0<strong>\u201cVodafone\u2019la T\u00fcrkiye\u2019nin 5G Durumu\u201d<\/strong>\u00a0ad\u0131yla yay\u0131nlanan mini program, ba\u015far\u0131l\u0131 oyuncular\u00a0<strong>Demet Evg\u00e2r ve Cengiz Bozkurt\u2019un\u00a0<\/strong>sunumuyla ger\u00e7ekle\u015ftirildi. Programda, 24 saat i\u00e7inde 81 ilde 922 il\u00e7eyi tek tek arayacak bir ekip ve her aramadaki Vodafone 5G ba\u011flant\u0131s\u0131n\u0131 onaylayacak noterler haz\u0131r bulundu. Bir hava durumu program\u0131 gibi kurgulanan programda, T\u00fcrkiye\u2019nin t\u00fcm b\u00f6lgelerindeki 5G durumu aktar\u0131ld\u0131 ve\u00a0<strong>Vodafone T\u00fcrkiye CEO\u2019su Engin Aksoy<\/strong>\u00a0ile bir ba\u011flant\u0131 ger\u00e7ekle\u015ftirildi.\u00a0<\/p>\n<p>\u00d6nceliklerinin her zaman en yeni ve en geli\u015fmi\u015f teknolojileri T\u00fcrkiye ile bulu\u015fturmak oldu\u011funa dikkat \u00e7eken\u00a0<strong>Engin Aksoy,\u00a0<\/strong><em>\u201c5G\u2019yi de \u00fclkemize getirmek i\u00e7in son 5 y\u0131lda b\u00fcy\u00fck bir \u00f6zveriyle \u00e7al\u0131\u015ft\u0131k ve hep \u015funa inand\u0131k: 5G\u2019nin ilk g\u00fcnden itibaren 81 il ve 922 il\u00e7emizin tamam\u0131na ula\u015fmas\u0131, \u00fclkemizin d\u00f6rt bir yan\u0131nda vatanda\u015flar\u0131m\u0131z\u0131n ve kurumlar\u0131n 5G\u2019nin faydalar\u0131na eri\u015febilmesi gerek. 5G lansman\u0131na bu motivasyonla haz\u0131rland\u0131k. Vodafone olarak, 5 k\u0131tada 5G deneyimine sahip, d\u00fcnyada en \u00e7ok \u00fclkede 5G hizmeti sunan bir numaral\u0131 operat\u00f6r\u00fcz. Bu global g\u00fcc\u00fcm\u00fcz\u00fc, T\u00fcrkiye\u2019ye yat\u0131r\u0131m ve hizmet oda\u011f\u0131m\u0131zla ve teknolojiyle hayatlar\u0131 d\u00f6n\u00fc\u015ft\u00fcrme vizyonumuzla birle\u015ftirdik ve \u00e7ok ba\u015far\u0131l\u0131 bir lansmana imza att\u0131k\u201d<\/em>\u00a0diye konu\u015ftu.<\/p>\n<p>\u0130kinci g\u00fcn, T\u00fcrkiye\u2019nin en b\u00fcy\u00fck 5G testinin noter onay\u0131 sonu\u00e7lar\u0131 bir VTR yay\u0131n\u0131yla t\u00fcm \u00fclkeyle payla\u015f\u0131ld\u0131. B\u00f6ylece, her il ve il\u00e7ede ilk g\u00fcnden ve ayn\u0131 anda Vodafone 5G oldu\u011fu noter huzurunda ispatlanm\u0131\u015f oldu. Bir kez daha yay\u0131na ba\u011flanan\u00a0<strong>Vodafone T\u00fcrkiye CEO\u2019su Engin Aksoy,<\/strong>\u00a0sonu\u00e7lar\u0131n s\u00fcrpriz olmad\u0131\u011f\u0131n\u0131 belirterek \u015fu mesajlar\u0131 verdi: \u201c<em>Son 5 y\u0131lda altyap\u0131m\u0131za 100 milyar\u0131 TL\u2019yi a\u015fk\u0131n yat\u0131r\u0131m yapt\u0131k, kapasitemizi 3 kat\u0131na \u00e7\u0131kard\u0131k. Altyap\u0131m\u0131z\u0131 d\u00fcnyadaki en yeni 5G uyumlu cihazlarla yeniledik. 5 k\u0131tadaki 5G deneyimimizden de \u00f6\u011frendi\u011fimiz \u00e7ok \u015fey oldu. Grubumuzun d\u00fcnyadaki en b\u00fcy\u00fck 5G lansman\u0131n\u0131 T\u00fcrkiye&#8217;de yapm\u0131\u015f olman\u0131n gururunu ya\u015f\u0131yoruz. D\u00fcnyada kademeli olarak ger\u00e7ekle\u015ftirilen 5G lansman\u0131n\u0131 ilk g\u00fcnden ayn\u0131 anda ger\u00e7ekle\u015ftirmeyi ba\u015fard\u0131k.\u201d<\/em><\/p>\n<p><strong>Sevilen dizilere entegrasyon<\/strong><\/p>\n<p>Vodafone, ana haberlerde yay\u0131nlanan i\u00e7eriklerin yan\u0131 s\u0131ra ayn\u0131 g\u00fcn yay\u0131nlanan ve \u00e7ok izlenen dizilere de entegrasyonlar ger\u00e7ekle\u015ftirdi. Buna g\u00f6re, 2 Nisan\u2019da Star TV\u2019de \u201cSevdi\u011fim Sensin\u201d dizisinde, 3 Nisan\u2019da ise TRT 1\u2019de \u201cTa\u015facak Bu Deniz\u201d dizisinde senaryo entegrasyonlar\u0131 oldu. Dizilerin ba\u015frol oyuncular\u0131, sanki televizyon izlerken Vodafone\u2019un program\u0131na denk gelmi\u015fler gibi davranarak Vodafone 5G mesajlar\u0131 verdi.<\/p>\n<p><strong><u>K\u00dcNYE<\/u><\/strong><\/p>\n<p><strong>Reklamveren:<\/strong>\u00a0Vodafone T\u00fcrkiye<\/p>\n<p><strong>Reklam Ajans\u0131:<\/strong>\u00a0Circus<\/p>\n<p><strong>Yap\u0131m \u015eirketi:<\/strong>\u00a0Mental<\/p>\n<p><strong>Y\u00f6netmen:<\/strong>\u00a0Kuntay Alpman<\/p>\n<p><strong>Medya \u015eirketi:<\/strong>\u00a0Carat<\/p>\n<p><strong>Menajer:<\/strong>\u00a0People Talent Management<\/p>\n<p>\u00a0<\/p>\n<p>Kaynak: (BYZHA) Beyaz Haber Ajans\u0131<\/p>\n","protected":false},"excerpt":{"rendered":"<p>D\u00fcnyada en fazla \u00fclkede 5G hizmeti sunan bir numaral\u0131 operat\u00f6r olan\u00a0Vodafone,\u00a0T\u00fcrkiye\u2019de de her il ve il\u00e7eyi ilk g\u00fcnden ve ayn\u0131 anda 5G teknolojisiyle bulu\u015fturdu.<\/p>\n","protected":false},"author":1,"featured_media":13643,"comment_status":"open","ping_status":"open","sticky":false,"template":"","format":"standard","meta":{"footnotes":""},"categories":[25],"tags":[],"class_list":["post-13642","post","type-post","status-publish","format-standard","has-post-thumbnail","hentry","category-teknoloji"],"_links":{"self":[{"href":"https:\/\/busondakika.com.tr\/index.php?rest_route=\/wp\/v2\/posts\/13642","targetHints":{"allow":["GET"]}}],"collection":[{"href":"https:\/\/busondakika.com.tr\/index.php?rest_route=\/wp\/v2\/posts"}],"about":[{"href":"https:\/\/busondakika.com.tr\/index.php?rest_route=\/wp\/v2\/types\/post"}],"author":[{"embeddable":true,"href":"https:\/\/busondakika.com.tr\/index.php?rest_route=\/wp\/v2\/users\/1"}],"replies":[{"embeddable":true,"href":"https:\/\/busondakika.com.tr\/index.php?rest_route=%2Fwp%2Fv2%2Fcomments&post=13642"}],"version-history":[{"count":1,"href":"https:\/\/busondakika.com.tr\/index.php?rest_route=\/wp\/v2\/posts\/13642\/revisions"}],"predecessor-version":[{"id":13644,"href":"https:\/\/busondakika.com.tr\/index.php?rest_route=\/wp\/v2\/posts\/13642\/revisions\/13644"}],"wp:featuredmedia":[{"embeddable":true,"href":"https:\/\/busondakika.com.tr\/index.php?rest_route=\/wp\/v2\/media\/13643"}],"wp:attachment":[{"href":"https:\/\/busondakika.com.tr\/index.php?rest_route=%2Fwp%2Fv2%2Fmedia&parent=13642"}],"wp:term":[{"taxonomy":"category","embeddable":true,"href":"https:\/\/busondakika.com.tr\/index.php?rest_route=%2Fwp%2Fv2%2Fcategories&post=13642"},{"taxonomy":"post_tag","embeddable":true,"href":"https:\/\/busondakika.com.tr\/index.php?rest_route=%2Fwp%2Fv2%2Ftags&post=13642"}],"curies":[{"name":"wp","href":"https:\/\/api.w.org\/{rel}","templated":true}]}}