{"id":13657,"date":"2026-04-28T10:48:20","date_gmt":"2026-04-28T10:48:20","guid":{"rendered":"https:\/\/busondakika.com.tr\/?p=13657"},"modified":"2026-04-28T10:48:21","modified_gmt":"2026-04-28T10:48:21","slug":"baskan-vekili-busra-ozdemir-yoruk-obalari-etkinligine-katildi","status":"publish","type":"post","link":"https:\/\/busondakika.com.tr\/?p=13657","title":{"rendered":"Ba\u015fkan Vekili B\u00fc\u015fra \u00d6zdemir Y\u00f6r\u00fck obalar\u0131 etkinli\u011fine kat\u0131ld\u0131"},"content":{"rendered":"<p> <span style=\"font-size:12pt\"><span style=\"font-family:Cambria,serif\"><span style=\",serif\">Antalya B\u00fcy\u00fck\u015fehir Belediyesi Ba\u015fkan Vekili B\u00fc\u015fra \u00d6zdemir, 27. Geleneksel Kumluca Tar\u0131m ve Serac\u0131l\u0131k Festivali\u2019nde Y\u00f6r\u00fck obalar\u0131 ve geleneksel Y\u00f6r\u00fck ate\u015fi etkinli\u011fine kat\u0131ld\u0131. <\/span><\/span><\/span><\/p>\n<p><span style=\"font-size:12pt\"><span style=\"font-family:Cambria,serif\"><span style=\",serif\">27. Geleneksel Kumluca Tar\u0131m ve Serac\u0131l\u0131k Festivali\u2019ne Antalya B\u00fcy\u00fck\u015fehir Belediyesi Ba\u015fkan Vekili B\u00fc\u015fra \u00d6zdemir, Cumhuriyet Halk Partisi (CHP) Antalya \u0130l Ba\u015fkan\u0131 Nail Kamac\u0131, Kumluca Belediye Ba\u015fkan\u0131 <\/span><span style=\"background:white\"><span style=\",serif\"><span style=\"color:#080809\">Mesut Avc\u0131o\u011flu, belediye ba\u015fkanlar\u0131, sivil toplum kurulu\u015fu temsilcileri ve \u00e7ok say\u0131da vatanda\u015f kat\u0131ld\u0131. Ba\u015fkan Vekili B\u00fc\u015fra \u00d6zdemir, festival kapsam\u0131nda Y\u00f6r\u00fck k\u00fclt\u00fcr\u00fcn\u00fc ya\u015fatmak amac\u0131yla 41 mahalle muhtar\u0131 taraf\u0131ndan kurulan Y\u00f6r\u00fck obalar\u0131n\u0131 ziyaret etti. B\u00fc\u015fra \u00d6zdemir, Y\u00f6r\u00fck obalar\u0131nda muhtarlar ve vatanda\u015flarla sohbet etti. <\/span><\/span><\/span><\/span><\/span><\/p>\n<p><span style=\"font-size:12pt\"><span style=\"font-family:Cambria,serif\"><span style=\"background:white\"><span style=\",serif\"><span style=\"color:#080809\">\u00d6Z\u00dcM\u00dcZE SAH\u0130P \u00c7IKMAYA DEVAM ED\u0130YORUZ<\/span><\/span><\/span><\/span><\/span><\/p>\n<p><span style=\"font-size:12pt\"><span style=\"font-family:Cambria,serif\"><span style=\"background:white\"><span style=\",serif\"><span style=\"color:#080809\">Ba\u015fkan Vekili B\u00fc\u015fra \u00d6zdemir daha sonra Y\u00f6r\u00fck ate\u015fi yakma etkinli\u011fine kat\u0131ld\u0131. Ba\u015fkan Vekili \u00d6zdemir, burada yak\u0131lan Y\u00f6r\u00fck ate\u015finin ge\u00e7mi\u015fle gelecek aras\u0131nda kurulan ba\u011f\u0131 ayd\u0131nlatt\u0131\u011f\u0131n\u0131 belirterek, \u201c<\/span><\/span><\/span><span style=\",serif\">Bu ate\u015f atalar\u0131m\u0131zdan bize kalan b\u00fcy\u00fck bir emanettir.\u00a0 Bizlere d\u00fc\u015fen g\u00f6rev, emaneti korumak, ya\u015fatmak ve \u00e7ocuklar\u0131m\u0131za aktarmaktad\u0131r. B\u00fcy\u00fck\u015fehir Belediyesi olarak bizler \u00f6z\u00fcm\u00fcze sahip \u00e7\u0131kmaya, \u00fcreticinin yan\u0131nda olmaya, il\u00e7elerimizin de\u011ferlerini g\u00fc\u00e7lendirmeye devam ediyoruz. Bir \u015fehri g\u00fc\u00e7l\u00fc k\u0131lan yollar\u0131, binalar\u0131, meydanlar\u0131 de\u011fildir. Bir \u015fehri g\u00fc\u00e7l\u00fc k\u0131lan; insan\u0131d\u0131r, eme\u011fidir, k\u00fclt\u00fcr\u00fcd\u00fcr, haf\u0131zas\u0131d\u0131r. Kumluca\u2019n\u0131n bu g\u00fczel festivalinde bu g\u00fc\u00e7l\u00fc ruhu hep birlikte g\u00f6r\u00fcyoruz. Bug\u00fcn burada birlik ruhunu, dayan\u0131\u015fmay\u0131, topra\u011f\u0131na sahip \u00e7\u0131kan \u00fcreticinin onurunu ve Y\u00f6r\u00fck k\u00fclt\u00fcr\u00fcn\u00fcn dimdik duru\u015funu g\u00f6r\u00fcyoruz. 27 y\u0131ld\u0131r bu festivali y\u00fcr\u00fcten ve katk\u0131 koyan herkese te\u015fekk\u00fcr ediyorum\u201d dedi. <\/span><\/span><\/span><\/p>\n<p><span style=\"font-size:12pt\"><span style=\"font-family:Cambria,serif\"><span style=\",serif\">GELENEKSEL Y\u00d6R\u00dcK ATE\u015e\u0130 YAKILDI<\/span><\/span><\/span><\/p>\n<p><span style=\"font-size:12pt\"><span style=\"font-family:Cambria,serif\"><span style=\",serif\">Kumluca Belediye Ba\u015fkan\u0131 <\/span><span style=\"background:white\"><span style=\",serif\"><span style=\"color:#080809\">Mesut Avc\u0131o\u011flu, Ba\u015fkan Vekili B\u00fc\u015fra \u00d6zdemir\u2019e <\/span><\/span><\/span><span style=\",serif\">27. Geleneksel Kumluca Tar\u0131m ve Serac\u0131l\u0131k Festivali\u2019ne katk\u0131lar\u0131ndan dolay\u0131 plaket takdim etti. Daha sonra B\u00fcy\u00fck\u015fehir Belediyesi Ba\u015fkan Vekili B\u00fc\u015fra \u00d6zdemir ve beraberindeki heyet 27. Geleneksel Kumluca Tar\u0131m ve Serac\u0131l\u0131k Festivali kapsam\u0131nda geleneksel Y\u00f6r\u00fck ate\u015fini yakt\u0131. <\/span><\/span><\/span><\/p>\n<p><span style=\"font-size:12pt\"><span style=\"font-family:Cambria,serif\"><span style=\",serif\">KUMLUCA \u0130L\u00c7E \u00d6RG\u00dcT\u00dc \u0130LE BULU\u015eTU<\/span><\/span><\/span><\/p>\n<p><span style=\"font-size:12pt\"><span style=\"font-family:Cambria,serif\"><span style=\",serif\">Ba\u015fkan Vekili \u00d6zdemir, Kumluca ziyareti kapsam\u0131nda CHP Kumluca \u0130l\u00e7e \u00d6rg\u00fct\u00fc ile bulu\u015ftu. \u00d6zdemir, CHP Kumluca \u0130l\u00e7e Ba\u015fkan\u0131 Emre G\u00fczely\u00fcrek ve il\u00e7e y\u00f6netimiyle bir araya geldi. Ziyarette CHP \u0130l Ba\u015fkan\u0131 Nail Kamac\u0131, Finike Belediye Ba\u015fkan\u0131 Mustafa Geyik\u00e7i, il\u00e7e ba\u015fkanlar\u0131 ve meclis \u00fcyeleri yer ald\u0131. Ba\u015fkan Vekili \u00d6zdemir, Kumluca\u2019da \u00f6rg\u00fct\u00fcn sahadaki eme\u011fini ve kurdu\u011fu g\u00fc\u00e7l\u00fc ba\u011f\u0131 yak\u0131ndan g\u00f6rd\u00fcklerini belirterek, ayn\u0131 sorumlulu\u011fu payla\u015fan bir anlay\u0131\u015fla omuz omuza y\u00fcr\u00fcmeyi s\u00fcrd\u00fcreceklerini kaydetti. <\/span><\/span><\/span><\/p>\n<p>\u00a0<\/p>\n<p>Kaynak: (BYZHA) Beyaz Haber Ajans\u0131<\/p>\n","protected":false},"excerpt":{"rendered":"<p>Antalya B\u00fcy\u00fck\u015fehir Belediyesi Ba\u015fkan Vekili B\u00fc\u015fra \u00d6zdemir, 27.<\/p>\n","protected":false},"author":1,"featured_media":13658,"comment_status":"open","ping_status":"open","sticky":false,"template":"","format":"standard","meta":{"footnotes":""},"categories":[20],"tags":[],"class_list":["post-13657","post","type-post","status-publish","format-standard","has-post-thumbnail","hentry","category-kultur-sanat"],"_links":{"self":[{"href":"https:\/\/busondakika.com.tr\/index.php?rest_route=\/wp\/v2\/posts\/13657","targetHints":{"allow":["GET"]}}],"collection":[{"href":"https:\/\/busondakika.com.tr\/index.php?rest_route=\/wp\/v2\/posts"}],"about":[{"href":"https:\/\/busondakika.com.tr\/index.php?rest_route=\/wp\/v2\/types\/post"}],"author":[{"embeddable":true,"href":"https:\/\/busondakika.com.tr\/index.php?rest_route=\/wp\/v2\/users\/1"}],"replies":[{"embeddable":true,"href":"https:\/\/busondakika.com.tr\/index.php?rest_route=%2Fwp%2Fv2%2Fcomments&post=13657"}],"version-history":[{"count":1,"href":"https:\/\/busondakika.com.tr\/index.php?rest_route=\/wp\/v2\/posts\/13657\/revisions"}],"predecessor-version":[{"id":13659,"href":"https:\/\/busondakika.com.tr\/index.php?rest_route=\/wp\/v2\/posts\/13657\/revisions\/13659"}],"wp:featuredmedia":[{"embeddable":true,"href":"https:\/\/busondakika.com.tr\/index.php?rest_route=\/wp\/v2\/media\/13658"}],"wp:attachment":[{"href":"https:\/\/busondakika.com.tr\/index.php?rest_route=%2Fwp%2Fv2%2Fmedia&parent=13657"}],"wp:term":[{"taxonomy":"category","embeddable":true,"href":"https:\/\/busondakika.com.tr\/index.php?rest_route=%2Fwp%2Fv2%2Fcategories&post=13657"},{"taxonomy":"post_tag","embeddable":true,"href":"https:\/\/busondakika.com.tr\/index.php?rest_route=%2Fwp%2Fv2%2Ftags&post=13657"}],"curies":[{"name":"wp","href":"https:\/\/api.w.org\/{rel}","templated":true}]}}