{"id":13663,"date":"2026-04-28T10:58:18","date_gmt":"2026-04-28T10:58:18","guid":{"rendered":"https:\/\/busondakika.com.tr\/?p=13663"},"modified":"2026-04-28T10:58:19","modified_gmt":"2026-04-28T10:58:19","slug":"turk-devletleri-piyanistleri-konserinde-piyano-resitali","status":"publish","type":"post","link":"https:\/\/busondakika.com.tr\/?p=13663","title":{"rendered":"T\u00fcrk Devletleri Piyanistleri Konseri\u2019nde piyano resitali"},"content":{"rendered":"<p> \u00a0<\/p>\n<p><span style=\"font-size:12pt\"><span style=\"font-family:Cambria,serif\"><span style=\",serif\"><span style=\"color:black\">Antalya B\u00fcy\u00fck\u015fehir Belediyesi \u0130smail Baha S\u00fcrelsan Konservatuvar\u0131 taraf\u0131ndan d\u00fczenlenen \u201cT\u00fcrk Devletleri Piyanistleri Konseri\u201d, farkl\u0131 co\u011frafyalardan se\u00e7kin sanat\u00e7\u0131lar\u0131 ayn\u0131 sahnede bir araya getirdi. Akdeniz \u00dcniversitesi Antalya Devlet Konservatuvar\u0131 merkezli olarak kurulan\u00a0T\u00fcrk Devletleri Piyanistleri Konser Grubu m\u00fczikseverlere<b> <\/b>se\u00e7kin bir piyano resitali sundu. <\/span><\/span><\/span><\/span><\/p>\n<p><span style=\"font-size:12pt\"><span style=\"font-family:Cambria,serif\"><span style=\",serif\"><span style=\"color:black\">Atat\u00fcrk K\u00fclt\u00fcr Merkezi\u2019nde d\u00fczenlenen T\u00fcrk Devletleri Piyanistleri Konseri, Antalyal\u0131 m\u00fczikseverlere m\u00fczik \u015f\u00f6leni sundu. Konserde Azerbaycan\u2019dan Do\u00e7. Dr. Samir Mirzayev ve Z\u00f6hre Abdullayeva, KKTC\u2019den Pelin Ece Acar, K\u0131rg\u0131zistan\u2019dan Dr. Talgat Arakeev, Kazakistan\u2019dan Dameli Nurbergen ve T\u00fcrkiye\u2019den Hakan Aksoy sahne ald\u0131. Her sanat\u00e7\u0131 \u00f6nce d\u00fcnya piyano repertuvar\u0131ndan se\u00e7kin bir eseri, ard\u0131ndan kendi co\u011frafyas\u0131ndan ya da T\u00fcrk d\u00fcnyas\u0131ndan bir bestecinin eserini seslendirdi. <\/span><\/span><\/span><\/span><\/p>\n<p><span style=\"font-size:12pt\"><span style=\"font-family:Cambria,serif\"><span style=\",serif\"><span style=\"color:black\">ORTAK K\u00dcLT\u00dcR CO\u011eRAFYASINDA M\u00dcZ\u0130K YOLCULU\u011eU<\/span><\/span><\/span><\/span><\/p>\n<p><span style=\"font-size:12pt\"><span style=\"font-family:Cambria,serif\"><span style=\",serif\"><span style=\"color:black\">Romantik d\u00f6nemin b\u00fcy\u00fck bestecilerinden, piyanonun efsane isimlerinden\u00a0Franz Liszt\u2019in vefat\u0131n\u0131n 140. y\u0131l\u0131 sebebiyle konserde, Liszt\u2019in eserleri programda \u00f6zel bir yer tuttu. Geceye kat\u0131lanlar piyanonun evrensel diliyle; K\u0131rg\u0131zistan\u2019dan Kazakistan\u2019a, T\u00fcrkiye\u2019den Azerbaycan\u2019a, Kuzey K\u0131br\u0131s T\u00fcrk Cumhuriyeti\u2019nden T\u00fcrk d\u00fcnyas\u0131n\u0131n ortak k\u00fclt\u00fcr co\u011frafyas\u0131na uzanan \u00f6zel bir m\u00fczik yolculu\u011funa tan\u0131kl\u0131k etti.<\/span><\/span><\/span><\/span><\/p>\n<p>\u00a0<\/p>\n<p>\u00a0<br \/>Kaynak: (BYZHA) Beyaz Haber Ajans\u0131<\/p><\/p>\n","protected":false},"excerpt":{"rendered":"<p>\u00a0    Antalya B\u00fcy\u00fck\u015fehir Belediyesi \u0130smail Baha S\u00fcrelsan Konservatuvar\u0131 taraf\u0131ndan d\u00fczenlenen \u201cT\u00fcrk Devletleri Piyanistleri Konseri\u201d, farkl\u0131 co\u011frafyalardan se\u00e7kin sanat\u00e7\u0131lar\u0131 ayn\u0131 sahnede bir araya getirdi.<\/p>\n","protected":false},"author":1,"featured_media":13664,"comment_status":"open","ping_status":"open","sticky":false,"template":"","format":"standard","meta":{"footnotes":""},"categories":[20],"tags":[],"class_list":["post-13663","post","type-post","status-publish","format-standard","has-post-thumbnail","hentry","category-kultur-sanat"],"_links":{"self":[{"href":"https:\/\/busondakika.com.tr\/index.php?rest_route=\/wp\/v2\/posts\/13663","targetHints":{"allow":["GET"]}}],"collection":[{"href":"https:\/\/busondakika.com.tr\/index.php?rest_route=\/wp\/v2\/posts"}],"about":[{"href":"https:\/\/busondakika.com.tr\/index.php?rest_route=\/wp\/v2\/types\/post"}],"author":[{"embeddable":true,"href":"https:\/\/busondakika.com.tr\/index.php?rest_route=\/wp\/v2\/users\/1"}],"replies":[{"embeddable":true,"href":"https:\/\/busondakika.com.tr\/index.php?rest_route=%2Fwp%2Fv2%2Fcomments&post=13663"}],"version-history":[{"count":1,"href":"https:\/\/busondakika.com.tr\/index.php?rest_route=\/wp\/v2\/posts\/13663\/revisions"}],"predecessor-version":[{"id":13665,"href":"https:\/\/busondakika.com.tr\/index.php?rest_route=\/wp\/v2\/posts\/13663\/revisions\/13665"}],"wp:featuredmedia":[{"embeddable":true,"href":"https:\/\/busondakika.com.tr\/index.php?rest_route=\/wp\/v2\/media\/13664"}],"wp:attachment":[{"href":"https:\/\/busondakika.com.tr\/index.php?rest_route=%2Fwp%2Fv2%2Fmedia&parent=13663"}],"wp:term":[{"taxonomy":"category","embeddable":true,"href":"https:\/\/busondakika.com.tr\/index.php?rest_route=%2Fwp%2Fv2%2Fcategories&post=13663"},{"taxonomy":"post_tag","embeddable":true,"href":"https:\/\/busondakika.com.tr\/index.php?rest_route=%2Fwp%2Fv2%2Ftags&post=13663"}],"curies":[{"name":"wp","href":"https:\/\/api.w.org\/{rel}","templated":true}]}}