{"id":13666,"date":"2026-04-28T10:58:29","date_gmt":"2026-04-28T10:58:29","guid":{"rendered":"https:\/\/busondakika.com.tr\/?p=13666"},"modified":"2026-04-28T10:58:30","modified_gmt":"2026-04-28T10:58:30","slug":"instagramda-cekilis-tuzagi-buyuyor-sikayetler-bir-ayda-yuzde-35-artti","status":"publish","type":"post","link":"https:\/\/busondakika.com.tr\/?p=13666","title":{"rendered":"Instagram\u2019da \u00e7ekili\u015f tuza\u011f\u0131 b\u00fcy\u00fcyor:   \u015eikayetler bir ayda y\u00fczde 35 artt\u0131"},"content":{"rendered":"<p> <strong>\u00c7\u00f6z\u00fcm platformu \u015eikayetvar, Instagram \u00e7ekili\u015fleri sonras\u0131nda olu\u015fan ma\u011fduriyetlerle ilgili verileri a\u00e7\u0131klad\u0131. Platform, son bir haftada \u015fikayetlerin y\u00fczde 88, nisan ay\u0131nda da 35 artt\u0131\u011f\u0131 bildirildi<\/strong>.<\/p>\n<p>\u015eikayetvar verilerine g\u00f6re Instagram \u00fczerinden ger\u00e7ekle\u015ftirilen sahte \u00e7ekili\u015f doland\u0131r\u0131c\u0131l\u0131klar\u0131nda dikkat \u00e7ekici bir art\u0131\u015f ya\u015fan\u0131yor. 2026 y\u0131l\u0131 nisan ay\u0131nda \u015fikayet say\u0131s\u0131 bir \u00f6nceki aya g\u00f6re y\u00fczde 35 artt\u0131. Haftal\u0131k bazda y\u00fczde 88&#8217;lik art\u0131\u015f ya\u015fand\u0131.<\/p>\n<p>\u00a0Platformdan yap\u0131lan a\u00e7\u0131klaman\u0131n devam\u0131nda \u015fu ifadelere yer verildi:<\/p>\n<p>&#8220;\u015eikayetlere g\u00f6re doland\u0131r\u0131c\u0131lar, kullan\u0131c\u0131lar\u0131 genellikle pop\u00fcler teknoloji \u00fcr\u00fcnleri &#8211; \u00f6zellikle iPhone &#8211; kazand\u0131klar\u0131 y\u00f6n\u00fcnde Instagram&#8217;dan mesajlarla hedef al\u0131yor. S\u00fcrecin ilk a\u015famas\u0131nda &#8216;kargo&#8217;, &#8216;sigorta&#8217; veya &#8216;vergi&#8217; gibi gerek\u00e7elerle d\u00fc\u015f\u00fck tutarl\u0131 \u00f6demeler talep ediliyor. \u0130lk \u00f6deme sonras\u0131nda ise s\u00fcre\u00e7 farkl\u0131 bir boyuta ta\u015f\u0131n\u0131yor. Kullan\u0131c\u0131lardan kademeli olarak daha y\u00fcksek mebla\u011flar talep edilirken, baz\u0131 vakalarda toplam kayb\u0131n on binlerce liraya ula\u015ft\u0131\u011f\u0131 g\u00f6r\u00fcl\u00fcyor. \u00d6deme yapmay\u0131 reddeden kullan\u0131c\u0131lar ise bu kez icra veya yasal i\u015flem tehdidiyle kar\u015f\u0131 kar\u015f\u0131ya kalabiliyor. \u015eikayetler, doland\u0131r\u0131c\u0131l\u0131\u011f\u0131n tek seferlik de\u011fil, \u00e7ok a\u015famal\u0131 bir yap\u0131ya d\u00f6n\u00fc\u015ft\u00fc\u011f\u00fcn\u00fc ortaya koyuyor. &#8216;Kazand\u0131n\u0131z&#8217; mesaj\u0131yla ba\u015flayan s\u00fcre\u00e7te, taklit hesaplarla g\u00fcven olu\u015fturuluyor; ard\u0131ndan \u00f6deme talepleri artarak devam ediyor. Bununla birlikte kullan\u0131c\u0131lar\u0131n yaln\u0131zca maddi kay\u0131p de\u011fil, ki\u015fisel veri riskiyle de kar\u015f\u0131 kar\u015f\u0131ya kald\u0131\u011f\u0131 g\u00f6r\u00fcl\u00fcyor. Kimlik, adres ve ileti\u015fim bilgileri talep edilerek farkl\u0131 doland\u0131r\u0131c\u0131l\u0131k t\u00fcrleri i\u00e7in de zemin haz\u0131rlanabiliyor.&#8221;<\/p>\n<p><strong>Doland\u0131r\u0131lmamak i\u00e7in yap\u0131lmas\u0131 gerekenlere ili\u015fkin platformdan \u015fu \u00f6neriler verildi:<\/strong><\/p>\n<p>\u00a0&#8220;Kazand\u0131n\u0131z mesajlar\u0131na \u015f\u00fcpheyle yakla\u015f\u0131n<\/p>\n<p>\u00d6d\u00fcl i\u00e7in kargo, vergi veya sigorta ad\u0131 alt\u0131nda para talep edilmesine itibar etmeyin<\/p>\n<p>\u015e\u00fcpheli hesaplar\u0131 (takip\u00e7i say\u0131s\u0131, profil ge\u00e7mi\u015fi) kontrol edin<\/p>\n<p>IBAN&#8217;a para g\u00f6ndermeden \u00f6nce al\u0131c\u0131y\u0131 mutlaka do\u011frulay\u0131n<\/p>\n<p>T.C. kimlik numaras\u0131, adres ve telefon gibi ki\u015fisel bilgileri payla\u015fmay\u0131n<\/p>\n<p>\u0130cra veya yasal i\u015flem tehditlerinin ger\u00e7e\u011fi yans\u0131tmad\u0131\u011f\u0131n\u0131 unutmay\u0131n<\/p>\n<p>Ma\u011fduriyet durumunda bankayla ileti\u015fime ge\u00e7ip resmi mercilere ba\u015fvurun.&#8221;<\/p>\n<p><strong>Konuyla ilgili platforma ula\u015fan baz\u0131 \u015fikayetlerse \u015f\u00f6yle s\u0131raland\u0131:<\/strong><\/p>\n<p>&#8220;Instagram \u00e7ekili\u015finde iPhone kazand\u0131\u011f\u0131m s\u00f6ylendi. KDV vb. gerek\u00e7elerle toplam 18.750 TL \u00f6dedim, \u00fcr\u00fcn g\u00f6nderilmedi. Ard\u0131ndan ek 14.651 TL istendi, doland\u0131r\u0131ld\u0131m.&#8221;<\/p>\n<p>&#8220;Telefon kazand\u0131\u011f\u0131m belirtilerek \u00f6nce 583 TL, ard\u0131ndan iki kez 6.674 TL olmak \u00fczere yakla\u015f\u0131k 24 bin TL \u00f6dedim. \u00dcr\u00fcn gelmedi, tehdit mesajlar\u0131 ald\u0131m.&#8221;<\/p>\n<p>&#8220;Instagram&#8217;da iPhone kazand\u0131\u011f\u0131m s\u00f6ylenerek \u00f6deme yapt\u0131m. S\u00fcre\u00e7te kimlik, telefon ve adres bilgilerimi payla\u015ft\u0131m. \u00dcr\u00fcn teslim edilmedi.&#8221;<\/p>\n<p>&#8220;\u00c7ekili\u015ften telefon kazand\u0131\u011f\u0131m s\u00f6ylenip 462 TL kargo \u00fccreti istendi, \u00f6dedim. Sonras\u0131nda 6.674 TL talep edildi. Reddedince icra tehdidi ald\u0131m, bilgilerimi payla\u015fm\u0131\u015ft\u0131m.&#8221;<\/p>\n<p>&#8220;Telefon kazand\u0131\u011f\u0131m belirtilerek 486 TL \u00f6dedim. Sonras\u0131nda 7 bin TL ve 150 bin TL istendi, tehdit edildim. Doland\u0131r\u0131c\u0131l\u0131k oldu\u011funu anlay\u0131p s\u00fcreci sonland\u0131rd\u0131m.&#8221;<\/p>\n<p>\u00a0<\/p>\n<p>Kaynak: (BYZHA) Beyaz Haber Ajans\u0131<\/p>\n","protected":false},"excerpt":{"rendered":"<p>\u00c7\u00f6z\u00fcm platformu \u015eikayetvar, Instagram \u00e7ekili\u015fleri sonras\u0131nda olu\u015fan ma\u011fduriyetlerle ilgili verileri a\u00e7\u0131klad\u0131.<\/p>\n","protected":false},"author":1,"featured_media":13667,"comment_status":"open","ping_status":"open","sticky":false,"template":"","format":"standard","meta":{"footnotes":""},"categories":[25],"tags":[],"class_list":["post-13666","post","type-post","status-publish","format-standard","has-post-thumbnail","hentry","category-teknoloji"],"_links":{"self":[{"href":"https:\/\/busondakika.com.tr\/index.php?rest_route=\/wp\/v2\/posts\/13666","targetHints":{"allow":["GET"]}}],"collection":[{"href":"https:\/\/busondakika.com.tr\/index.php?rest_route=\/wp\/v2\/posts"}],"about":[{"href":"https:\/\/busondakika.com.tr\/index.php?rest_route=\/wp\/v2\/types\/post"}],"author":[{"embeddable":true,"href":"https:\/\/busondakika.com.tr\/index.php?rest_route=\/wp\/v2\/users\/1"}],"replies":[{"embeddable":true,"href":"https:\/\/busondakika.com.tr\/index.php?rest_route=%2Fwp%2Fv2%2Fcomments&post=13666"}],"version-history":[{"count":1,"href":"https:\/\/busondakika.com.tr\/index.php?rest_route=\/wp\/v2\/posts\/13666\/revisions"}],"predecessor-version":[{"id":13668,"href":"https:\/\/busondakika.com.tr\/index.php?rest_route=\/wp\/v2\/posts\/13666\/revisions\/13668"}],"wp:featuredmedia":[{"embeddable":true,"href":"https:\/\/busondakika.com.tr\/index.php?rest_route=\/wp\/v2\/media\/13667"}],"wp:attachment":[{"href":"https:\/\/busondakika.com.tr\/index.php?rest_route=%2Fwp%2Fv2%2Fmedia&parent=13666"}],"wp:term":[{"taxonomy":"category","embeddable":true,"href":"https:\/\/busondakika.com.tr\/index.php?rest_route=%2Fwp%2Fv2%2Fcategories&post=13666"},{"taxonomy":"post_tag","embeddable":true,"href":"https:\/\/busondakika.com.tr\/index.php?rest_route=%2Fwp%2Fv2%2Ftags&post=13666"}],"curies":[{"name":"wp","href":"https:\/\/api.w.org\/{rel}","templated":true}]}}