{"id":13681,"date":"2026-04-28T11:27:54","date_gmt":"2026-04-28T11:27:54","guid":{"rendered":"https:\/\/busondakika.com.tr\/?p=13681"},"modified":"2026-04-28T11:27:55","modified_gmt":"2026-04-28T11:27:55","slug":"buyukakin-kocaeli-yesil-gelecek-ve-dijital-donusum-icin-en-uygun-sehir","status":"publish","type":"post","link":"https:\/\/busondakika.com.tr\/?p=13681","title":{"rendered":"B\u00fcy\u00fckak\u0131n: \u201cKocaeli ye\u015fil gelecek ve dijital d\u00f6n\u00fc\u015f\u00fcm i\u00e7in en uygun \u015fehir\u201d"},"content":{"rendered":"<p> Kocaeli B\u00fcy\u00fck\u015fehir Belediye Ba\u015fkan\u0131 Tahir B\u00fcy\u00fckak\u0131n, \u201cYe\u015fil Gelecek ve Dijital D\u00f6n\u00fc\u015f\u00fcm \u0130\u00e7in Yerel F\u0131rsatlar Konferans\u0131&#8217;nda&#8221; yapt\u0131\u011f\u0131 konu\u015fmada, Kocaeli\u2019nin g\u00fc\u00e7l\u00fc end\u00fcstriyel altyap\u0131s\u0131, \u00e7evre projeleri ve dijital kapasitesiyle bu alanlardaki d\u00f6n\u00fc\u015f\u00fcme en uygun \u015fehir oldu\u011funu vurgulad\u0131.<\/p>\n<p><b>ULUSLARARASI KATILIM VARDI<\/b><\/p>\n<p>Kocaeli B\u00fcy\u00fck\u015fehir Belediyesi ev sahipli\u011finde, D\u0131\u015fi\u015fleri Bakanl\u0131\u011f\u0131 Avrupa Birli\u011fi Ba\u015fkanl\u0131\u011f\u0131 \u00f6nc\u00fcl\u00fc\u011f\u00fcnde d\u00fczenlenen \u201cYe\u015fil Gelecek ve Dijital D\u00f6n\u00fc\u015f\u00fcm \u0130\u00e7in Yerel F\u0131rsatlar Konferans\u0131\u201d, TRYP by Wyndham\u2019da ger\u00e7ekle\u015ftirildi. Programa D\u0131\u015fi\u015fleri Bakan Yard\u0131mc\u0131s\u0131 ve AB Ba\u015fkan\u0131 Mehmet Kemal Bozay, AB T\u00fcrkiye Delegasyonu Ba\u015fkan\u0131 Aivo Orav, Kocaeli Valisi \u0130lhami Akta\u015f, AK Parti Kocaeli Milletvekili Prof.Dr. Sadettin H\u00fclag\u00fc, Kocaeli B\u00fcy\u00fck\u015fehir Belediye Ba\u015fkan\u0131 Tahir B\u00fcy\u00fckak\u0131n, AK Parti Kocaeli \u0130l Ba\u015fkan\u0131 \u015eahin Talus, Kocaeli B\u00fcy\u00fck\u015fehir Belediyesi Genel Sekreteri Dr. Hayri Bara\u00e7l\u0131, Kocaeli Sanayi Odas\u0131 Ba\u015fkan\u0131 Ayhan Zeytino\u011flu, Kocaeli Ticaret Odas\u0131 Ba\u015fkan\u0131 Necmi Bulut, uluslararas\u0131 akademisyenler, kamu kurumlar\u0131n\u0131n temsilcileri ve \u00e7ok say\u0131da davetli kat\u0131ld\u0131.<\/p>\n<p><b>B\u00dcY\u00dcKAKIN: \u201cSORUMLULU\u011eUMUZ B\u00dcY\u00dcK\u201d<\/b><\/p>\n<p>Kocaeli B\u00fcy\u00fck\u015fehir Belediye Ba\u015fkan\u0131 Tahir B\u00fcy\u00fckak\u0131n, konferansta ger\u00e7ekle\u015ftirdi\u011fi konu\u015fmas\u0131nda, Kocaeli\u2019nin T\u00fcrkiye ekonomisindeki rol\u00fcne vurgu yapt\u0131. \u015eehirdeki sanayi g\u00fcc\u00fcn\u00fcn ayn\u0131 zamanda ciddi \u00e7evresel sorumluluklar do\u011furdu\u011funu belirten Ba\u015fkan B\u00fcy\u00fckak\u0131n, \u201cBu s\u00fcre\u00e7te \u00e7evresel s\u00fcrd\u00fcr\u00fclebilirlik i\u00e7in b\u00fcy\u00fck projeler hayata ge\u00e7irildi. Avrupa\u2019n\u0131n en b\u00fcy\u00fck \u00e7evre temizlik projesi olan \u0130zmit K\u00f6rfezi Dip \u00c7amuru Temizli\u011fi, ileri biyolojik ar\u0131tma tesisleri ve g\u00fcne\u015f enerjisi santralleri, bunlara en b\u00fcy\u00fck \u00f6rnekler. K\u00fct\u00fcphanelerimiz bile LEED sertifikal\u0131\u201d dedi. Su y\u00f6netiminde de \u00f6nemli bir d\u00f6n\u00fc\u015f\u00fcm \u00e7al\u0131\u015fmas\u0131 y\u00fcr\u00fctt\u00fcklerinin alt\u0131n\u0131 \u00e7izen Ba\u015fkan B\u00fcy\u00fckak\u0131n \u015funlar\u0131 s\u00f6yledi:<\/p>\n<p><b>\u201cSU Y\u00d6NET\u0130M\u0130, GELECE\u011e\u0130N TEMEL\u0130D\u0130R\u201d<\/b><\/p>\n<p>\u201cSanayi kurulu\u015flar\u0131nda kullan\u0131lan suyun \u00f6nemli bir k\u0131sm\u0131 geri d\u00f6n\u00fc\u015f\u00fcm sistemiyle yeniden kullan\u0131l\u0131yor. Gri su kullan\u0131m\u0131n\u0131n artmas\u0131 ile birlikte end\u00fcstriyel su t\u00fcketiminde \u00f6nemli bir tasarruf sa\u011flad\u0131k. Bu da ye\u015fil mutabakat hedefleri a\u00e7\u0131s\u0131ndan kritik bir ad\u0131m. \u00d6te yandan, hemen yan\u0131 ba\u015f\u0131m\u0131zda Bili\u015fim Vadisi faaliyet g\u00f6steriyor. T\u00fcm bu etmenler d\u00fc\u015f\u00fcn\u00fcld\u00fc\u011f\u00fcnde; Kocaeli g\u00fc\u00e7l\u00fc end\u00fcstriyel altyap\u0131s\u0131, \u00e7evre projeleri ve dijital kapasitesiyle ye\u015fil gelecek ve dijital d\u00f6n\u00fc\u015f\u00fcm i\u00e7in en uygun f\u0131rsatlar\u0131n oldu\u011fu \u015fehir. Asl\u0131nda Kocaeli bir laboratuvar konumunda. Burada yap\u0131lacak do\u011fru projeler ve iyi uygulama \u00f6rnekleri, hem T\u00fcrkiye hem de d\u00fcnya i\u00e7in ba\u015far\u0131l\u0131 sonu\u00e7lar verecektir.\u201d<\/p>\n<p><b>BOZAY: \u201cKOCAEL\u0130 EN DO\u011eRU YER\u201d<\/b><\/p>\n<p>D\u0131\u015fi\u015fleri Bakan Yard\u0131mc\u0131s\u0131 ve AB Ba\u015fkan\u0131 Mehmet Kemal Bozay, Avrupa Birli\u011fi\u2019nin ye\u015fil mutabakat ve dijital d\u00f6n\u00fc\u015f\u00fcm politikalar\u0131n\u0131n sanayi, enerji, ula\u015f\u0131m ve inovasyon alanlar\u0131nda k\u00f6kl\u00fc de\u011fi\u015fimler yaratt\u0131\u011f\u0131n\u0131 belirterek T\u00fcrkiye\u2019nin bu s\u00fcre\u00e7te aktif bir ortak oldu\u011funu ifade etti. Ye\u015fil ve dijital d\u00f6n\u00fc\u015f\u00fcmlerin birbirlerine ba\u011fl\u0131 iki sistem oldu\u011funu s\u00f6yleyen Bakan Yard\u0131mc\u0131s\u0131 Bozay, bu \u00e7al\u0131\u015fmalar\u0131n hep Kocaeli\u2019den ba\u015flad\u0131\u011f\u0131n\u0131n alt\u0131n\u0131 \u00e7izerek, \u201c\u00c7\u00fcnk\u00fc Kocaeli en do\u011fru yer\u201d dedi.<\/p>\n<p><b>ORAV\u2019DAN T\u00dcRK\u0130YE VURGUSU<\/b><\/p>\n<p>AB T\u00fcrkiye Delegasyonu Ba\u015fkan\u0131 Aivo Orav, T\u00fcrkiye\u2019nin ye\u015fil ve dijital d\u00f6n\u00fc\u015f\u00fcm s\u00fcre\u00e7lerinde Avrupa Birli\u011fi i\u00e7in stratejik bir ortak oldu\u011funu vurgulad\u0131. T\u00fcrkiye\u2019nin \u00f6zellikle sanayi, otomotiv, makine, enerji ve inovasyon alanlar\u0131nda Avrupa Birli\u011fi ile g\u00fc\u00e7l\u00fc bir \u00fcretim entegrasyonu i\u00e7inde oldu\u011funu belirten Orav, \u201cT\u00fcrkiye, Avrupa Birli\u011fi\u2019nin ye\u015fil ve dijital d\u00f6n\u00fc\u015f\u00fcm yolculu\u011funda \u00f6nemli bir ba\u015far\u0131 orta\u011f\u0131d\u0131r\u201d ifadesini kulland\u0131. Vali \u0130lhami Akta\u015f, Kocaeli\u2019nin yaln\u0131zca sanayi \u015fehri olarak de\u011ferlendirilmesinin eksik bir yakla\u015f\u0131m oldu\u011funu belirtti. Ayhan Zeytino\u011flu ise Kocaeli\u2019nin T\u00fcrkiye sanayi \u00fcretimindeki pay\u0131na ve Avrupa Birli\u011fi ile ekonomik entegrasyonuna dikkat \u00e7ekti.<\/p>\n<p>\u00a0<\/p>\n<p>\u00a0<\/p>\n<p>Kaynak: (BYZHA) Beyaz Haber Ajans\u0131<\/p>\n","protected":false},"excerpt":{"rendered":"<p>Kocaeli B\u00fcy\u00fck\u015fehir Belediye Ba\u015fkan\u0131 Tahir B\u00fcy\u00fckak\u0131n, \u201cYe\u015fil Gelecek ve Dijital D\u00f6n\u00fc\u015f\u00fcm \u0130\u00e7in Yerel F\u0131rsatlar Konferans\u0131&#8217;nda&#8221; yapt\u0131\u011f\u0131 konu\u015fmada, Kocaeli\u2019nin g\u00fc\u00e7l\u00fc end\u00fcstriyel altyap\u0131s\u0131, \u00e7evre projeleri ve dijital kapasitesiyle bu alanlardaki d\u00f6n\u00fc\u015f\u00fcme en uygun \u015fehir oldu\u011funu vurgulad\u0131.<\/p>\n","protected":false},"author":1,"featured_media":13682,"comment_status":"open","ping_status":"open","sticky":false,"template":"","format":"standard","meta":{"footnotes":""},"categories":[21],"tags":[],"class_list":["post-13681","post","type-post","status-publish","format-standard","has-post-thumbnail","hentry","category-gundem"],"_links":{"self":[{"href":"https:\/\/busondakika.com.tr\/index.php?rest_route=\/wp\/v2\/posts\/13681","targetHints":{"allow":["GET"]}}],"collection":[{"href":"https:\/\/busondakika.com.tr\/index.php?rest_route=\/wp\/v2\/posts"}],"about":[{"href":"https:\/\/busondakika.com.tr\/index.php?rest_route=\/wp\/v2\/types\/post"}],"author":[{"embeddable":true,"href":"https:\/\/busondakika.com.tr\/index.php?rest_route=\/wp\/v2\/users\/1"}],"replies":[{"embeddable":true,"href":"https:\/\/busondakika.com.tr\/index.php?rest_route=%2Fwp%2Fv2%2Fcomments&post=13681"}],"version-history":[{"count":1,"href":"https:\/\/busondakika.com.tr\/index.php?rest_route=\/wp\/v2\/posts\/13681\/revisions"}],"predecessor-version":[{"id":13683,"href":"https:\/\/busondakika.com.tr\/index.php?rest_route=\/wp\/v2\/posts\/13681\/revisions\/13683"}],"wp:featuredmedia":[{"embeddable":true,"href":"https:\/\/busondakika.com.tr\/index.php?rest_route=\/wp\/v2\/media\/13682"}],"wp:attachment":[{"href":"https:\/\/busondakika.com.tr\/index.php?rest_route=%2Fwp%2Fv2%2Fmedia&parent=13681"}],"wp:term":[{"taxonomy":"category","embeddable":true,"href":"https:\/\/busondakika.com.tr\/index.php?rest_route=%2Fwp%2Fv2%2Fcategories&post=13681"},{"taxonomy":"post_tag","embeddable":true,"href":"https:\/\/busondakika.com.tr\/index.php?rest_route=%2Fwp%2Fv2%2Ftags&post=13681"}],"curies":[{"name":"wp","href":"https:\/\/api.w.org\/{rel}","templated":true}]}}