{"id":13705,"date":"2026-04-28T11:49:14","date_gmt":"2026-04-28T11:49:14","guid":{"rendered":"https:\/\/busondakika.com.tr\/?p=13705"},"modified":"2026-04-28T11:49:15","modified_gmt":"2026-04-28T11:49:15","slug":"maltepe-belediyesinde-ingilizce-kurslari-tamamlandi","status":"publish","type":"post","link":"https:\/\/busondakika.com.tr\/?p=13705","title":{"rendered":"Maltepe Belediyesi\u2019nde \u0130ngilizce kurslar\u0131 tamamland\u0131"},"content":{"rendered":"<p> Maltepe Belediyesi\u2019nin d\u00fczenledi\u011fi yeti\u015fkin \u0130ngilizce kurslar\u0131, bahar d\u00f6nemi final s\u0131nav\u0131yla tamamland\u0131. Yo\u011fun kat\u0131l\u0131mla ger\u00e7ekle\u015fen e\u011fitimlerde kursiyerler temel ve orta d\u00fczey dil becerileri kazand\u0131.<\/p>\n<p>Maltepe Belediyesi K\u00fct\u00fcphane ve M\u00fczeler M\u00fcd\u00fcrl\u00fc\u011f\u00fc\u00a0b\u00fcnyesinde faaliyet g\u00f6steren\u00a0Cumhuriyet Dil Akademisi\u00a0taraf\u0131ndan d\u00fczenlenen A1-A2 yeti\u015fkin \u0130ngilizce kurslar\u0131, 2026 bahar yar\u0131y\u0131l\u0131nda yap\u0131lan final s\u0131nav\u0131yla sona erdi.<\/p>\n<p>E\u011fitimler,\u00a0Cumhuriyet Bilim ve D\u00fc\u015fler Merkezi\u2019nde yo\u011fun kat\u0131l\u0131mla ger\u00e7ekle\u015ftirildi. E\u011fitmen Sema Salman rehberli\u011finde y\u00fcr\u00fct\u00fclen programda A1 seviyesinde temel dil bilgisi, g\u00fcnl\u00fck konu\u015fma kal\u0131plar\u0131 ve basit c\u00fcmle yap\u0131lar\u0131 \u00f6\u011fretilirken; A2 seviyesinde kelime da\u011farc\u0131\u011f\u0131n\u0131 geli\u015ftirmeye ve g\u00fcnl\u00fck diyaloglara odaklan\u0131ld\u0131.<\/p>\n<p>D\u00f6nem sonunda yap\u0131lan s\u0131navla kursiyerlerin bilgi ve becerileri \u00f6l\u00e7\u00fcl\u00fcrken, yetkililer yeti\u015fkinlere y\u00f6nelik dil e\u011fitimlerinin \u00f6n\u00fcm\u00fczdeki d\u00f6nemlerde de s\u00fcrece\u011fini bildirdi.<\/p>\n<p>\u00a0<\/p>\n<p>\u00a0<\/p>\n<p>Kaynak: (BYZHA) Beyaz Haber Ajans\u0131<\/p>\n","protected":false},"excerpt":{"rendered":"<p>Maltepe Belediyesi\u2019nin d\u00fczenledi\u011fi yeti\u015fkin \u0130ngilizce kurslar\u0131, bahar d\u00f6nemi final s\u0131nav\u0131yla tamamland\u0131.<\/p>\n","protected":false},"author":1,"featured_media":13706,"comment_status":"open","ping_status":"open","sticky":false,"template":"","format":"standard","meta":{"footnotes":""},"categories":[21],"tags":[],"class_list":["post-13705","post","type-post","status-publish","format-standard","has-post-thumbnail","hentry","category-gundem"],"_links":{"self":[{"href":"https:\/\/busondakika.com.tr\/index.php?rest_route=\/wp\/v2\/posts\/13705","targetHints":{"allow":["GET"]}}],"collection":[{"href":"https:\/\/busondakika.com.tr\/index.php?rest_route=\/wp\/v2\/posts"}],"about":[{"href":"https:\/\/busondakika.com.tr\/index.php?rest_route=\/wp\/v2\/types\/post"}],"author":[{"embeddable":true,"href":"https:\/\/busondakika.com.tr\/index.php?rest_route=\/wp\/v2\/users\/1"}],"replies":[{"embeddable":true,"href":"https:\/\/busondakika.com.tr\/index.php?rest_route=%2Fwp%2Fv2%2Fcomments&post=13705"}],"version-history":[{"count":1,"href":"https:\/\/busondakika.com.tr\/index.php?rest_route=\/wp\/v2\/posts\/13705\/revisions"}],"predecessor-version":[{"id":13707,"href":"https:\/\/busondakika.com.tr\/index.php?rest_route=\/wp\/v2\/posts\/13705\/revisions\/13707"}],"wp:featuredmedia":[{"embeddable":true,"href":"https:\/\/busondakika.com.tr\/index.php?rest_route=\/wp\/v2\/media\/13706"}],"wp:attachment":[{"href":"https:\/\/busondakika.com.tr\/index.php?rest_route=%2Fwp%2Fv2%2Fmedia&parent=13705"}],"wp:term":[{"taxonomy":"category","embeddable":true,"href":"https:\/\/busondakika.com.tr\/index.php?rest_route=%2Fwp%2Fv2%2Fcategories&post=13705"},{"taxonomy":"post_tag","embeddable":true,"href":"https:\/\/busondakika.com.tr\/index.php?rest_route=%2Fwp%2Fv2%2Ftags&post=13705"}],"curies":[{"name":"wp","href":"https:\/\/api.w.org\/{rel}","templated":true}]}}