{"id":13708,"date":"2026-04-28T11:49:29","date_gmt":"2026-04-28T11:49:29","guid":{"rendered":"https:\/\/busondakika.com.tr\/?p=13708"},"modified":"2026-04-28T11:49:30","modified_gmt":"2026-04-28T11:49:30","slug":"dijital-dunyada-is-kurmak-isteyenlere-altin-firsat","status":"publish","type":"post","link":"https:\/\/busondakika.com.tr\/?p=13708","title":{"rendered":"Dijital D\u00fcnyada \u0130\u015f Kurmak \u0130steyenlere Alt\u0131n F\u0131rsat"},"content":{"rendered":"<p> <span style=\"font-size:12pt\"><span style=\",serif\"><span style=\"font-size:11.0pt\"><span style=\",serif\">Osmangazi Belediyesi, giri\u015fimcilik ekosistemini g\u00fc\u00e7lendirmek ve kendi i\u015fini kurmak isteyen bireyleri desteklemek amac\u0131yla Dijital Giri\u015fimcilik E\u011fitim Program\u0131n\u0131 hayata ge\u00e7irdi. Gen\u00e7lik ve Giri\u015fimcilik Merkezi&#8217;nde ger\u00e7ekle\u015ftirilen program, e-ticaretle ilgilenen ya da bu alana ad\u0131m atmak isteyen kat\u0131l\u0131mc\u0131lara rehberlik etmeyi ama\u00e7l\u0131yor.<\/span><\/span><\/span><\/span><\/p>\n<p><span style=\"font-size:12pt\"><span style=\",serif\"><span style=\"font-size:11.0pt\"><span style=\",serif\">Toplam 7 hafta s\u00fcrecek ve 13 dersten olu\u015fan e\u011fitim program\u0131, alan\u0131nda uzman e\u011fitmenlerin katk\u0131lar\u0131yla kat\u0131l\u0131mc\u0131lara hem teorik bilgi hem de pratik deneyim kazand\u0131rmay\u0131 hedefliyor. Program kapsam\u0131nda; i\u015f fikri geli\u015ftirmeden markala\u015fmaya, finansal okuryazarl\u0131ktan dijital pazarlamaya, e-ticaret ve e-ihracattan yapay zeka destekli pazarlama ara\u00e7lar\u0131na kadar geni\u015f bir i\u00e7erik sunuluyor. <\/span><\/span><\/span><\/span><\/p>\n<p><span style=\"font-size:12pt\"><span style=\",serif\"><span style=\"font-size:11.0pt\"><span style=\",serif\">Bunun yan\u0131 s\u0131ra e\u011fitimlerde, ba\u015far\u0131 hikayeleri \u00fczerinden ger\u00e7ek deneyimler de kat\u0131l\u0131mc\u0131larla payla\u015f\u0131l\u0131yor. Ders ba\u015fl\u0131klar\u0131 aras\u0131nda \u201cDijital Giri\u015fimcilikte Fikir ve \u0130\u015f Plan\u0131 Geli\u015ftirme\u201d, \u201cNas\u0131l Marka Olunur?\u201d, \u201cTasar\u0131m Odakl\u0131 D\u00fc\u015f\u00fcnme\u201d, \u201cFinansal Okuryazarl\u0131k\u201d, \u201cDijital Pazarlama\u201d, \u201cE-Ticarete Giri\u015f\u201d, \u201cE-\u0130hracata Giri\u015f\u201d, \u201cDijital Pazarlar\u201d, \u201c\u0130nsan Kaynaklar\u0131\u201d, \u201cPazarlamada Yapay Zeka Ara\u00e7lar\u0131\u201d ve \u201cTe\u015fvikler\u201d gibi \u00f6nemli konular yer al\u0131yor.<\/span><\/span><\/span><\/span><\/p>\n<p><span style=\"font-size:12pt\"><span style=\",serif\"><b><span style=\"font-size:11.0pt\"><span style=\",serif\">Osmangazi\u2019de E-Ticaret Odakl\u0131 E\u011fitim Seferberli\u011fi<\/span><\/span><\/b><\/span><\/span><\/p>\n<p><span style=\"font-size:12pt\"><span style=\",serif\"><span style=\"font-size:11.0pt\"><span style=\",serif\">Program\u0131n ilk dersinde Comio Dijital Pazarlama kurucu orta\u011f\u0131 Mustafa S\u00f6nmezay, kat\u0131l\u0131mc\u0131larla bir araya geldi. S\u00f6nmezay, \u201cDijital Giri\u015fimcilikte Fikir ve \u0130\u015f Plan\u0131 Geli\u015ftirme\u201d ba\u015fl\u0131\u011f\u0131 alt\u0131nda giri\u015fimcilerin i\u015f fikirlerini nas\u0131l \u015fekillendirmeleri gerekti\u011fi, s\u00fcrd\u00fcr\u00fclebilir i\u015f modelleri olu\u015fturma ve do\u011fru planlama s\u00fcre\u00e7leri hakk\u0131nda \u00f6nemli bilgiler verdi.<\/span><\/span><\/span><\/span><\/p>\n<p>\u00a0<\/p>\n<p><span style=\"font-size:12pt\"><span style=\",serif\"><span style=\"font-size:11.0pt\"><span style=\",serif\">Comio Dijital Pazarlama kurucu orta\u011f\u0131 Mustafa S\u00f6nmezay, \u201cE\u011fitimimiz kapsam\u0131nda \u00f6zellikle giri\u015fimden ba\u015flay\u0131p e-ticarete giri\u015f, yapay zeka uygulamalar\u0131, pazar yerlerinde sat\u0131\u015f, ayn\u0131 zamanda insan kaynaklar\u0131 ve finansal okuryazarl\u0131k gibi konulara de\u011finece\u011fimiz bir program bizi bekliyor. Bug\u00fcn ilk haftan\u0131n ilk oturumunday\u0131z ve konumuz giri\u015fim. Kursiyerlerimiz olduk\u00e7a heyecanl\u0131. \u00d6n\u00fcm\u00fczdeki haftalar\u0131n sonunda dolu dolu bir e\u011fitimin meyvelerini al\u0131yor olaca\u011f\u0131z. Bu e\u011fitim program\u0131n\u0131n haz\u0131rlanmas\u0131nda ba\u015fta Osmangazi Belediye Ba\u015fkan\u0131m\u0131z Erkan Ayd\u0131n olmak \u00fczere eme\u011fi ge\u00e7en t\u00fcm \u00e7al\u0131\u015fanlara te\u015fekk\u00fcr ederim\u201d dedi.<\/span><\/span><\/span><\/span><\/p>\n<p><span style=\"font-size:12pt\"><span style=\",serif\"><span style=\"font-size:11.0pt\"><span style=\",serif\">Program\u0131n di\u011fer haftalar\u0131nda ise farkl\u0131 alanlarda uzman e\u011fitmenler kat\u0131l\u0131mc\u0131larla bulu\u015ftu. Onbir Onbir Sonsuzluk Gurme Zeytinya\u011flar\u0131 Kurucu Orta\u011f\u0131 Nazl\u0131g\u00fcl \u00dcnal \u201cNas\u0131l Marka Olunur?\u201d ba\u015fl\u0131kl\u0131 e\u011fitiminde marka olu\u015fturma s\u00fcre\u00e7lerini aktar\u0131rken, Advert House Dijital Hizmetler Kurucusu Parkan Uzaslan \u201cTasar\u0131m Odakl\u0131 D\u00fc\u015f\u00fcnme\u201d \u00fczerine \u00f6nemli bilgiler payla\u015ft\u0131. Cobus \u0130\u015f Geli\u015ftirme Kurucusu Kemal Sakin de \u201cFinansal Okuryazarl\u0131k\u201d e\u011fitimiyle kat\u0131l\u0131mc\u0131lara b\u00fct\u00e7e y\u00f6netimi ve finansal planlama konular\u0131nda yol g\u00f6sterdi.<\/span><\/span><\/span><\/span><\/p>\n<p><span style=\"font-size:12pt\"><span style=\",serif\"><span style=\"font-size:11.0pt\"><span style=\",serif\">Kat\u0131l\u0131mc\u0131lar\u0131n dijital giri\u015fimcilik yolculuklar\u0131na sa\u011flam bir ba\u015flang\u0131\u00e7 yapmalar\u0131n\u0131 ve mevcut i\u015flerini dijital d\u00fcnyada b\u00fcy\u00fctmelerini hedefleyen program\u0131n sonunda, e\u011fitimleri ba\u015far\u0131yla tamamlayanlara kat\u0131l\u0131m belgesi verilecek.<\/span><\/span><\/span><\/span><\/p>\n<p>\u00a0<\/p>\n<p>Kaynak: (BYZHA) Beyaz Haber Ajans\u0131<\/p>\n","protected":false},"excerpt":{"rendered":"<p>Osmangazi Belediyesi, giri\u015fimcilik ekosistemini g\u00fc\u00e7lendirmek ve kendi i\u015fini kurmak isteyen bireyleri desteklemek amac\u0131yla Dijital Giri\u015fimcilik E\u011fitim Program\u0131n\u0131 hayata ge\u00e7irdi.<\/p>\n","protected":false},"author":1,"featured_media":13709,"comment_status":"open","ping_status":"open","sticky":false,"template":"","format":"standard","meta":{"footnotes":""},"categories":[25],"tags":[],"class_list":["post-13708","post","type-post","status-publish","format-standard","has-post-thumbnail","hentry","category-teknoloji"],"_links":{"self":[{"href":"https:\/\/busondakika.com.tr\/index.php?rest_route=\/wp\/v2\/posts\/13708","targetHints":{"allow":["GET"]}}],"collection":[{"href":"https:\/\/busondakika.com.tr\/index.php?rest_route=\/wp\/v2\/posts"}],"about":[{"href":"https:\/\/busondakika.com.tr\/index.php?rest_route=\/wp\/v2\/types\/post"}],"author":[{"embeddable":true,"href":"https:\/\/busondakika.com.tr\/index.php?rest_route=\/wp\/v2\/users\/1"}],"replies":[{"embeddable":true,"href":"https:\/\/busondakika.com.tr\/index.php?rest_route=%2Fwp%2Fv2%2Fcomments&post=13708"}],"version-history":[{"count":1,"href":"https:\/\/busondakika.com.tr\/index.php?rest_route=\/wp\/v2\/posts\/13708\/revisions"}],"predecessor-version":[{"id":13710,"href":"https:\/\/busondakika.com.tr\/index.php?rest_route=\/wp\/v2\/posts\/13708\/revisions\/13710"}],"wp:featuredmedia":[{"embeddable":true,"href":"https:\/\/busondakika.com.tr\/index.php?rest_route=\/wp\/v2\/media\/13709"}],"wp:attachment":[{"href":"https:\/\/busondakika.com.tr\/index.php?rest_route=%2Fwp%2Fv2%2Fmedia&parent=13708"}],"wp:term":[{"taxonomy":"category","embeddable":true,"href":"https:\/\/busondakika.com.tr\/index.php?rest_route=%2Fwp%2Fv2%2Fcategories&post=13708"},{"taxonomy":"post_tag","embeddable":true,"href":"https:\/\/busondakika.com.tr\/index.php?rest_route=%2Fwp%2Fv2%2Ftags&post=13708"}],"curies":[{"name":"wp","href":"https:\/\/api.w.org\/{rel}","templated":true}]}}