{"id":13711,"date":"2026-04-28T11:59:21","date_gmt":"2026-04-28T11:59:21","guid":{"rendered":"https:\/\/busondakika.com.tr\/?p=13711"},"modified":"2026-04-28T11:59:23","modified_gmt":"2026-04-28T11:59:23","slug":"emirgan-korusunda-engelsiz-piknik","status":"publish","type":"post","link":"https:\/\/busondakika.com.tr\/?p=13711","title":{"rendered":"Emirgan Korusu\u2019nda \u201cEngelsiz Piknik\u201d"},"content":{"rendered":"\n<p style=\"margin-bottom:11px\"><span style=\"font-size:11pt\"><span style=\"line-height:200%\"><span style=\"font-family:Calibri,sans-serif\"><b><span style=\"font-size:12.0pt\"><span style=\"line-height:200%\"><span style=\",sans-serif\">Bayrampa\u015fa Belediyesi, il\u00e7ede ya\u015fayan engelli vatanda\u015flar\u0131 ve ailelerini \u201cEngelsiz Piknik\u201dte bulu\u015fturdu. G\u00f6n\u00fcllerince e\u011flenen kat\u0131l\u0131mc\u0131lar, do\u011fayla i\u00e7 i\u00e7e keyifli bir g\u00fcn ge\u00e7irdi.<\/span><\/span><\/span><\/b><\/span><\/span><\/span><\/p>\n<p style=\"margin-bottom:11px\"><span style=\"font-size:11pt\"><span style=\"line-height:200%\"><span style=\"font-family:Calibri,sans-serif\"><span style=\"font-size:12.0pt\"><span style=\"line-height:200%\"><span style=\",sans-serif\">\u0130stanbul Bayrampa\u015fa Belediyesi, il\u00e7ede ya\u015fayan engelli bireyleri ve ailelerini bu kez Emirgan Korusu\u2019nun e\u015fsiz do\u011fas\u0131nda bir araya getirdi. Fizik Tedavi ve Engelliler Rehabilitasyon Merkezi taraf\u0131ndan organize edilen \u201cEngelsiz Piknik\u201d, kat\u0131l\u0131mc\u0131lara hem moral hem de sosyal dayan\u0131\u015fma a\u00e7\u0131s\u0131ndan unutulmaz anlar ya\u015fatt\u0131.<\/span><\/span><\/span><\/span><\/span><\/span><\/p>\n<p style=\"margin-bottom:11px\"><span style=\"font-size:11pt\"><span style=\"line-height:200%\"><span style=\"font-family:Calibri,sans-serif\"><span style=\"font-size:12.0pt\"><span style=\"line-height:200%\"><span style=\",sans-serif\">G\u00fcn boyu s\u00fcren etkinlikte Bayrampa\u015fal\u0131 engelliler; m\u00fczik, interaktif oyunlar ve \u00e7e\u015fitli aktiviteler e\u015fli\u011finde g\u00f6n\u00fcllerince e\u011flendi. \u00c7ocuklardan gen\u00e7lere kadar her ya\u015ftan kat\u0131l\u0131mc\u0131, a\u00e7\u0131k havan\u0131n ve birlikte vakit ge\u00e7irmenin tad\u0131n\u0131 doyas\u0131ya \u00e7\u0131kard\u0131.<\/span><\/span><\/span><\/span><\/span><\/span><\/p>\n<p style=\"margin-bottom:11px\"><span style=\"font-size:11pt\"><span style=\"line-height:200%\"><span style=\"font-family:Calibri,sans-serif\"><span style=\"font-size:12.0pt\"><span style=\"line-height:200%\"><span style=\",sans-serif\">Do\u011fayla i\u00e7 i\u00e7e ger\u00e7ekle\u015ftirilen piknik, renkli g\u00f6r\u00fcnt\u00fclere sahne olurken, kat\u0131l\u0131mc\u0131lar\u0131n y\u00fczlerindeki mutluluk g\u00fcn\u00fcn en anlaml\u0131 kazan\u0131m\u0131 oldu. Bayrampa\u015fal\u0131 engelliler, bu \u00f6zel organizasyon sayesinde hem sosyalle\u015fme imk\u00e2n\u0131 buldu hem de keyif dolu bir g\u00fcn ge\u00e7irdi.<\/span><\/span><\/span><\/span><\/span><\/span><\/p>\n<p style=\"margin-bottom:11px\">\u00a0<\/p>\n<p style=\"margin-bottom:11px\">\u00a0<\/p>\n<p>Kaynak: (BYZHA) Beyaz Haber Ajans\u0131<\/p>\n","protected":false},"excerpt":{"rendered":"<p>Bayrampa\u015fa Belediyesi, il\u00e7ede ya\u015fayan engelli vatanda\u015flar\u0131 ve ailelerini \u201cEngelsiz Piknik\u201dte bulu\u015fturdu.<\/p>\n","protected":false},"author":1,"featured_media":13712,"comment_status":"open","ping_status":"open","sticky":false,"template":"","format":"standard","meta":{"footnotes":""},"categories":[21],"tags":[],"class_list":["post-13711","post","type-post","status-publish","format-standard","has-post-thumbnail","hentry","category-gundem"],"_links":{"self":[{"href":"https:\/\/busondakika.com.tr\/index.php?rest_route=\/wp\/v2\/posts\/13711","targetHints":{"allow":["GET"]}}],"collection":[{"href":"https:\/\/busondakika.com.tr\/index.php?rest_route=\/wp\/v2\/posts"}],"about":[{"href":"https:\/\/busondakika.com.tr\/index.php?rest_route=\/wp\/v2\/types\/post"}],"author":[{"embeddable":true,"href":"https:\/\/busondakika.com.tr\/index.php?rest_route=\/wp\/v2\/users\/1"}],"replies":[{"embeddable":true,"href":"https:\/\/busondakika.com.tr\/index.php?rest_route=%2Fwp%2Fv2%2Fcomments&post=13711"}],"version-history":[{"count":1,"href":"https:\/\/busondakika.com.tr\/index.php?rest_route=\/wp\/v2\/posts\/13711\/revisions"}],"predecessor-version":[{"id":13713,"href":"https:\/\/busondakika.com.tr\/index.php?rest_route=\/wp\/v2\/posts\/13711\/revisions\/13713"}],"wp:featuredmedia":[{"embeddable":true,"href":"https:\/\/busondakika.com.tr\/index.php?rest_route=\/wp\/v2\/media\/13712"}],"wp:attachment":[{"href":"https:\/\/busondakika.com.tr\/index.php?rest_route=%2Fwp%2Fv2%2Fmedia&parent=13711"}],"wp:term":[{"taxonomy":"category","embeddable":true,"href":"https:\/\/busondakika.com.tr\/index.php?rest_route=%2Fwp%2Fv2%2Fcategories&post=13711"},{"taxonomy":"post_tag","embeddable":true,"href":"https:\/\/busondakika.com.tr\/index.php?rest_route=%2Fwp%2Fv2%2Ftags&post=13711"}],"curies":[{"name":"wp","href":"https:\/\/api.w.org\/{rel}","templated":true}]}}