{"id":13714,"date":"2026-04-28T11:59:35","date_gmt":"2026-04-28T11:59:35","guid":{"rendered":"https:\/\/busondakika.com.tr\/?p=13714"},"modified":"2026-04-28T11:59:36","modified_gmt":"2026-04-28T11:59:36","slug":"baskan-buyukakin-robot-yarismasina-katildi-kocaelisporlu-futbolcularla-mac-yapti","status":"publish","type":"post","link":"https:\/\/busondakika.com.tr\/?p=13714","title":{"rendered":"Ba\u015fkan B\u00fcy\u00fckak\u0131n, robot yar\u0131\u015fmas\u0131na kat\u0131ld\u0131, Kocaelisporlu futbolcularla ma\u00e7 yapt\u0131"},"content":{"rendered":"<p> Kocaeli B\u00fcy\u00fck\u015fehir Belediye Ba\u015fkan\u0131 Tahir B\u00fcy\u00fckak\u0131n, KODEL\u0130G\u201926 Ulusal Robot Yar\u0131\u015fmas\u0131\u2019n\u0131n a\u00e7\u0131l\u0131\u015f\u0131nda gen\u00e7lerin heyecan\u0131na ortak oldu. B\u00fcy\u00fckak\u0131n\u2019\u0131n, futbolcular Nonge ve Serhat\u2019a kar\u015f\u0131 robot futbolu oynad\u0131\u011f\u0131 anlar, yar\u0131\u015fman\u0131n en dikkat \u00e7ekici b\u00f6l\u00fcm\u00fc oldu.<\/p>\n<p><b>KODEL\u0130G\u201926 ULUSAL ROBOT YARI\u015eMASI<\/b><\/p>\n<p>Kocaeli B\u00fcy\u00fck\u015fehir Belediyesi ve \u0130l Milli E\u011fitim M\u00fcd\u00fcrl\u00fc\u011f\u00fc i\u015fbirli\u011fi ile bu y\u0131l d\u00f6rd\u00fcnc\u00fcs\u00fc d\u00fczenlenen KODEL\u0130G\u201926 Ulusal Robot Yar\u0131\u015fmas\u0131\u2019n\u0131n a\u00e7\u0131l\u0131\u015f program\u0131 ger\u00e7ekle\u015ftirildi. \u00dcniversite, lise, ortaokul ve ilkokul \u00e7a\u011f\u0131ndaki \u00f6\u011frenciler ile bu alanda g\u00f6rev yapan e\u011fitmenlere y\u00f6nelik ger\u00e7ekle\u015ftirilen yar\u0131\u015fmaya 11 farkl\u0131 kategoride 739 tak\u0131m, 2.330 yar\u0131\u015fmac\u0131 kat\u0131ld\u0131. Kocaeli\u2019den 495 tak\u0131m\u0131n kat\u0131ld\u0131\u011f\u0131 KODEL\u0130G\u201926 Ulusal Robot Yar\u0131\u015fmas\u0131\u2019na ilgi bu y\u0131l \u00e7ok y\u00fcksek oldu. Yar\u0131\u015fmada bu y\u0131l toplam 2 milyon TL \u00f6d\u00fcl verilecek.<\/p>\n<p><b>B\u00dcY\u00dcKAKIN GEN\u00c7LER\u0130 KEY\u0130FLE \u0130ZLED\u0130<\/b><\/p>\n<p>\u0130zmit \u015eehit Polis Recep Topalo\u011flu Spor Salonu\u2019nda ger\u00e7ekle\u015ftirilen KODEL\u0130G\u201926 Ulusal Robot Yar\u0131\u015fmas\u0131 a\u00e7\u0131l\u0131\u015f program\u0131na Kocaeli B\u00fcy\u00fck\u015fehir Belediye Ba\u015fkan\u0131 Tahir B\u00fcy\u00fckak\u0131n, \u0130l Milli E\u011fitim M\u00fcd\u00fcr\u00fc Emrullah Ayd\u0131n, AK Parti Kocaeli \u0130l Ba\u015fkan\u0131 \u015eahin Talus, MHP Kocaeli \u0130l Ba\u015fkan Vekili \u0130lhan Kansoy, MHP \u0130zmit \u0130l\u00e7e Ba\u015fkan\u0131 \u0130lker Kazan, Kocaelisporlu futbolcular Serhat \u00d6zta\u015fdelen ile Joe Nonge kat\u0131ld\u0131. Teknolojiye y\u00f6n veren gen\u00e7lerle bir araya gelen Ba\u015fkan B\u00fcy\u00fckak\u0131n yar\u0131\u015fmac\u0131lar\u0131 ilgiyle takip etti. Gen\u00e7leri izlemekten b\u00fcy\u00fck keyif ald\u0131\u011f\u0131n\u0131 belirten B\u00fcy\u00fckak\u0131n \u201cBu yar\u0131\u015fman\u0131n kazanan\u0131 T\u00fcrkiye ve Kocaeli olacak\u201d dedi.<\/p>\n<p><b>\u201cGEL\u0130\u015eEN T\u00dcRK\u0130YE\u2019YE Y\u00d6N VERECEKS\u0130N\u0130Z\u201d<\/b><\/p>\n<p>Ba\u015fkan B\u00fcy\u00fckak\u0131n konu\u015fmas\u0131nda \u015fu ifadeleri kulland\u0131: \u201cSizleri b\u00f6ylesine g\u00fczel bir programda a\u011f\u0131rlamaktan b\u00fcy\u00fck gurur duyuyorum. Burada T\u00fcrkiye\u2019nin gelece\u011fini g\u00f6r\u00fcyorum. G\u00fczel yar\u0131nlar sizin bu yar\u0131\u015fmalarda kendinize katt\u0131\u011f\u0131n\u0131z bilgi, birikim ve tecr\u00fcbeyle in\u015fa edilecek. \u00dcretti\u011finiz teknolojiler yar\u0131n\u0131n d\u00fcnyas\u0131n\u0131 g\u00fczelle\u015ftirecek. Buna y\u00fcrekten inan\u0131yorum. Sizlerle ger\u00e7ekten gurur duyuyorum. Sizler T\u00fcrkiye\u2019nin gelece\u011fisiniz. Yapt\u0131\u011f\u0131n\u0131z bulu\u015flarla, yazd\u0131\u011f\u0131n\u0131z yeni programlarla, geli\u015ftirdi\u011finiz yeni donan\u0131mlarla geli\u015fen T\u00fcrkiye\u2019ye y\u00f6n vereceksiniz.<\/p>\n<p><b>\u201cTEKNOFEST KU\u015eA\u011eI GEL\u0130YOR\u201d<\/b><\/p>\n<p>Gelecek sizlerin omuzlar\u0131 \u00fczerinde y\u00fckselecek. \u00dclkemizde X,Y,Z ku\u015fa\u011f\u0131 de\u011fil TEKNOFEST ku\u015fa\u011f\u0131 yeti\u015fiyor. D\u00fcnya teknolojiyi en h\u0131zl\u0131 \u00fcretenlerin d\u00fcnyas\u0131 oluyor. Teknoloji yar\u0131\u015f\u0131n\u0131 insan kaynaklar\u0131 en iyi yeti\u015fmi\u015f olanlar kazanacak. B\u00fct\u00fcn yat\u0131r\u0131mlar\u0131m\u0131z\u0131 bunun i\u00e7in yap\u0131yoruz. \u00d6n\u00fcm\u00fczdeki y\u0131llarda Kocaeli\u2019ni \u00e7ok daha iyi yerlerde g\u00f6rece\u011fiz. Yar\u0131\u015fma i\u00e7in \u015fehrimize gelen t\u00fcm misafir \u00f6\u011frencilerimize ve t\u00fcm gen\u00e7lerimize yar\u0131\u015fmada ba\u015far\u0131lar diliyorum. Bu yar\u0131\u015fman\u0131n kazanan\u0131 T\u00fcrkiye ve Kocaeli olacak. Bu yar\u0131\u015fmada gelecek kazanacak, insanl\u0131k kazanacak, umut kazanacak, adalet kazanacak, bar\u0131\u015f ve karde\u015flik kazanacak. D\u00fcnyaya yepyeni bir ufuk a\u00e7acaks\u0131n\u0131z.\u201d<\/p>\n<p><b>AYDIN\u2019DAN B\u00dcY\u00dcKAKIN\u2019A TE\u015eEKK\u00dcR<\/b><\/p>\n<p>\u0130l Milli E\u011fitim M\u00fcd\u00fcr\u00fc Emrullah Ayd\u0131n ise \u201cBu imk\u00e2n\u0131 \u00f6\u011frencilere sundu\u011fu i\u00e7in e\u011fitim ailesi ad\u0131na Tahir Ba\u015fkan\u0131m\u0131za te\u015fekk\u00fcr ediyorum. G\u00f6rd\u00fc\u011f\u00fcn\u00fcz gibi gen\u00e7lerimiz her \u015feyin en iyisini yapabileceklerini ispatlam\u0131\u015f durumdalar. \u0130mk\u00e2nlar\u0131m\u0131z elverdi\u011fince teknolojinin merkezi olan \u00fclkelerde hangi \u015fartlar varsa o \u015fartlar\u0131 devlet olarak sa\u011flamaya devam ediyoruz. Bu yolda y\u0131lmadan \u00e7al\u0131\u015farak hep beraber ba\u015faraca\u011f\u0131z\u201d ifadelerini kulland\u0131.<\/p>\n<p><b>G\u00d6STER\u0130 MA\u00c7I NEFESLER\u0130 KEST\u0130<\/b><\/p>\n<p>Program\u0131n sonunda Ba\u015fkan B\u00fcy\u00fckak\u0131n\u2019\u0131n kaptanl\u0131\u011f\u0131ndaki \u00f6\u011frenciler, Kocaelisporlu futbolcular Serhat \u00d6zta\u015fdelen ve Joseph Nonge ile robot futbolu alan\u0131nda g\u00f6steri ma\u00e7\u0131 yapt\u0131. Ma\u00e7ta iki gole imza atan Ba\u015fkan B\u00fcy\u00fckak\u0131n, salondakilerin b\u00fcy\u00fck bir keyifle takip etti\u011fi ma\u00e7\u0131n ard\u0131ndan Kocaelispor futbolcular\u0131 ve robot futbolu yapan \u00f6\u011frencileri alk\u0131\u015flad\u0131.<\/p>\n<p><b>\u00d6D\u00dcLLER PER\u015eEMBE G\u00dcN\u00dc VER\u0130LECEK<\/b><\/p>\n<p>\u00dc\u00e7 g\u00fcn s\u00fcrecek KODEL\u0130G\u201926 Ulusal Robot Yar\u0131\u015fmas\u0131\u2019nda; Mini Sumo (lise-164 tak\u0131m), Temel \u00c7izgi \u0130zleyen (ilkokul, ortaokul-148 tak\u0131m), H\u0131zl\u0131 \u00c7izgi \u0130zleyen (lise-111 tak\u0131m), \u0130leri \u00c7izgi \u0130zleyen (lise-72 tak\u0131m), Robot Futbolu (ilkokul, ortaokul-60 tak\u0131m), Mikro Sumo (ortaokul, lise-49 tak\u0131m), Robot Dans (ilkokul, ortaokul-40 tak\u0131m), Tozkoparan Kocaeli (ortaokul, lise-35 tak\u0131m), Tekno\u015fehir Otonom Ara\u00e7 Yar\u0131\u015fmas\u0131 (lise \u00f6\u011frencileri ve \u00f6\u011fretmenler-27 tak\u0131m), Hedefi Bul (lise-20 tak\u0131m), \u0130HA Kodlama ve Tasar\u0131m Yar\u0131\u015fmas\u0131 (\u00fcniversite-13 tak\u0131m) olmak \u00fczere 11 kategori bulunuyor. Yar\u0131\u015fmalar\u0131n sonucunda 30 Nisan Per\u015fembe g\u00fcn\u00fc dereceye giren tak\u0131mlara \u00f6d\u00fclleri verilecek.<\/p>\n<p>\u00a0<\/p>\n<p>\u00a0<\/p>\n<p>Kaynak: (BYZHA) Beyaz Haber Ajans\u0131<\/p>\n","protected":false},"excerpt":{"rendered":"<p>Kocaeli B\u00fcy\u00fck\u015fehir Belediye Ba\u015fkan\u0131 Tahir B\u00fcy\u00fckak\u0131n, KODEL\u0130G\u201926 Ulusal Robot Yar\u0131\u015fmas\u0131\u2019n\u0131n a\u00e7\u0131l\u0131\u015f\u0131nda gen\u00e7lerin heyecan\u0131na ortak oldu.<\/p>\n","protected":false},"author":1,"featured_media":13715,"comment_status":"open","ping_status":"open","sticky":false,"template":"","format":"standard","meta":{"footnotes":""},"categories":[24],"tags":[],"class_list":["post-13714","post","type-post","status-publish","format-standard","has-post-thumbnail","hentry","category-spor"],"_links":{"self":[{"href":"https:\/\/busondakika.com.tr\/index.php?rest_route=\/wp\/v2\/posts\/13714","targetHints":{"allow":["GET"]}}],"collection":[{"href":"https:\/\/busondakika.com.tr\/index.php?rest_route=\/wp\/v2\/posts"}],"about":[{"href":"https:\/\/busondakika.com.tr\/index.php?rest_route=\/wp\/v2\/types\/post"}],"author":[{"embeddable":true,"href":"https:\/\/busondakika.com.tr\/index.php?rest_route=\/wp\/v2\/users\/1"}],"replies":[{"embeddable":true,"href":"https:\/\/busondakika.com.tr\/index.php?rest_route=%2Fwp%2Fv2%2Fcomments&post=13714"}],"version-history":[{"count":1,"href":"https:\/\/busondakika.com.tr\/index.php?rest_route=\/wp\/v2\/posts\/13714\/revisions"}],"predecessor-version":[{"id":13716,"href":"https:\/\/busondakika.com.tr\/index.php?rest_route=\/wp\/v2\/posts\/13714\/revisions\/13716"}],"wp:featuredmedia":[{"embeddable":true,"href":"https:\/\/busondakika.com.tr\/index.php?rest_route=\/wp\/v2\/media\/13715"}],"wp:attachment":[{"href":"https:\/\/busondakika.com.tr\/index.php?rest_route=%2Fwp%2Fv2%2Fmedia&parent=13714"}],"wp:term":[{"taxonomy":"category","embeddable":true,"href":"https:\/\/busondakika.com.tr\/index.php?rest_route=%2Fwp%2Fv2%2Fcategories&post=13714"},{"taxonomy":"post_tag","embeddable":true,"href":"https:\/\/busondakika.com.tr\/index.php?rest_route=%2Fwp%2Fv2%2Ftags&post=13714"}],"curies":[{"name":"wp","href":"https:\/\/api.w.org\/{rel}","templated":true}]}}