{"id":13720,"date":"2026-04-28T15:58:47","date_gmt":"2026-04-28T15:58:47","guid":{"rendered":"https:\/\/busondakika.com.tr\/?p=13720"},"modified":"2026-04-28T15:58:48","modified_gmt":"2026-04-28T15:58:48","slug":"niluferde-renkli-dayanisma-sanat-ve-sevgi-panosu","status":"publish","type":"post","link":"https:\/\/busondakika.com.tr\/?p=13720","title":{"rendered":"Nil\u00fcfer\u2019de renkli dayan\u0131\u015fma: Sanat ve sevgi panosu"},"content":{"rendered":"<p> <b>Nil\u00fcfer Belediyesi ve Y\u0131ld\u0131r\u0131m Bayezid Rotary Kul\u00fcb\u00fc i\u015f birli\u011fiyle hayata ge\u00e7irilen \u2018Seramik Dayan\u0131\u015fma Duvar\u0131\u2019, d\u00fczenlenen t\u00f6renle a\u00e7\u0131ld\u0131. \u00d6zel gereksinimli \u00f6\u011frencilerin de dahil oldu\u011fu farkl\u0131 okullar, seramik severler ve sanat\u00e7\u0131lar\u0131n destekleriyle tamamlanan eser, Nil\u00fcfer\u2019in \u2018engelsiz kent\u2019 vizyonunun en renkli ve somut \u00f6rneklerinden biri oldu.<\/b><\/p>\n<p>Nil\u00fcfer Belediyesi ile Y\u0131ld\u0131r\u0131m Bayezid Rotary Kul\u00fcb\u00fc \u00f6nc\u00fcl\u00fc\u011f\u00fcnde; sivil toplum kurulu\u015flar\u0131, g\u00f6n\u00fcll\u00fc sanat\u00e7\u0131lar ve \u00f6zel gereksinimli \u00e7ocuklar\u0131n aylar s\u00fcren ortak eme\u011fiyle haz\u0131rlanan \u2018Seramik Dayan\u0131\u015fma Duvar\u0131\u2019, \u0130brahim Yaz\u0131c\u0131 Stadyumu\u2019nda d\u00fczenlenen t\u00f6renle a\u00e7\u0131ld\u0131. Ger\u00e7ekle\u015ftirilen t\u00f6rende, projenin payda\u015flar\u0131 olan Hac\u0131 Mehmet Zorlu \u00d6zel E\u011fitim Meslek Okulu, Bizim Ev Engelliler Sosyal Ya\u015fam Merkezi, Alara Ortaokulu, \u00c7a\u011fda\u015f Ya\u015fam\u0131 Destekleme Derne\u011fi (\u00c7YDD) ve \u00c7a\u011fda\u015f E\u011fitim Kooperatifi (\u00c7EK) K\u0131r \u00c7i\u00e7ekleri \u00f6\u011frencileri ile \u00f6\u011fretmenleri haz\u0131r bulundu. G\u00f6n\u00fcll\u00fc seramik sanat\u00e7\u0131lar\u0131 Adnan Baysan, Vedat Din\u00e7, Figen \u00d6zden ve Sinem Yayman\u2019\u0131n teknik deste\u011fiyle haz\u0131rlanan pano, aylar s\u00fcren bir eme\u011fin \u00fcr\u00fcn\u00fc olarak duvarda yerini ald\u0131.<\/p>\n<p><b>\u201cN\u0130L\u00dcFER B\u0130R DAYANI\u015eMA KENT\u0130D\u0130R\u201d<\/b><br \/>T\u00f6rende konu\u015fan Nil\u00fcfer Belediye Ba\u015fkan\u0131 \u015eadi \u00d6zdemir, dayan\u0131\u015fman\u0131n Nil\u00fcfer\u2019in merkezinde oldu\u011funu vurgulayarak, \u201c\u0130brahim Yaz\u0131c\u0131 Stadyumu\u2019nun bu duvar\u0131 bundan sonra bamba\u015fka hikayeler anlatacak. Ve bu hikayenin kahramanlar\u0131 \u00e7ocuklar\u0131m\u0131z; onlar\u0131n elleri, sab\u0131rlar\u0131 ve emekleri. Engellerin sadece birlikte oldu\u011fumuzda a\u015f\u0131labilece\u011fini bug\u00fcn burada bir kez daha g\u00f6r\u00fcyoruz\u201d dedi.<\/p>\n<p>Ba\u015fkan \u015eadi \u00d6zdemir, projenin Kas\u0131m 2025\u2019te ba\u015flayan ve farkl\u0131 at\u00f6lyelerde \u015fekillenen par\u00e7alar\u0131n birle\u015fmesiyle tamamlanan ortak bir yolculuk oldu\u011funu belirterek, \u201cBirbirinden habersiz \u00e7al\u0131\u015fan ellerin asl\u0131nda birbirini ne kadar g\u00fczel tamamlad\u0131\u011f\u0131n\u0131 burada g\u00f6rd\u00fck. Bu eser, \u00f6zel \u00e7ocuklar\u0131m\u0131z\u0131 kent ya\u015fam\u0131nda \u00e7ok daha g\u00f6r\u00fcn\u00fcr k\u0131lacakt\u0131r\u201d diye konu\u015ftu.<\/p>\n<p><b>\u201cS\u0130V\u0130L TOPLUMLA G\u00dc\u00c7 B\u0130RL\u0130\u011e\u0130 YAPIYORUZ\u201d<\/b><br \/>Y\u0131ld\u0131r\u0131m Bayezid Rotary Kul\u00fcb\u00fc Ba\u015fkan\u0131 Ay\u015fe Gavas da b\u00f6yle bir projeye vesile olmaktan duyduklar\u0131 mutlulu\u011fu dile getirerek, sivil toplum kurulu\u015fu olarak topluma de\u011fer katan hizmetlerin bir par\u00e7as\u0131 olmaya devam edeceklerini belirtti.<\/p>\n<p>Konu\u015fmalar\u0131n ard\u0131ndan Nil\u00fcfer Belediye Ba\u015fkan\u0131 \u015eadi \u00d6zdemir ve Y\u0131ld\u0131r\u0131m Bayezid Rotary Kul\u00fcb\u00fc Ba\u015fkan\u0131 Ay\u015fe Gavas, projenin fikrini ortaya koyan ve ayn\u0131 zamanda atipik otizmli bir bireyin annesi olan Elif Kumaru\u2019ya, bu anlaml\u0131 yolculu\u011fu ba\u015flatt\u0131\u011f\u0131 i\u00e7in te\u015fekk\u00fcr plaketi takdim etti.<\/p>\n<p>\u00a0<\/p>\n<p>Kaynak: (BYZHA) Beyaz Haber Ajans\u0131<\/p>\n","protected":false},"excerpt":{"rendered":"<p>Nil\u00fcfer Belediyesi ve Y\u0131ld\u0131r\u0131m Bayezid Rotary Kul\u00fcb\u00fc i\u015f birli\u011fiyle hayata ge\u00e7irilen \u2018Seramik Dayan\u0131\u015fma Duvar\u0131\u2019, d\u00fczenlenen t\u00f6renle a\u00e7\u0131ld\u0131.<\/p>\n","protected":false},"author":1,"featured_media":13721,"comment_status":"open","ping_status":"open","sticky":false,"template":"","format":"standard","meta":{"footnotes":""},"categories":[20],"tags":[],"class_list":["post-13720","post","type-post","status-publish","format-standard","has-post-thumbnail","hentry","category-kultur-sanat"],"_links":{"self":[{"href":"https:\/\/busondakika.com.tr\/index.php?rest_route=\/wp\/v2\/posts\/13720","targetHints":{"allow":["GET"]}}],"collection":[{"href":"https:\/\/busondakika.com.tr\/index.php?rest_route=\/wp\/v2\/posts"}],"about":[{"href":"https:\/\/busondakika.com.tr\/index.php?rest_route=\/wp\/v2\/types\/post"}],"author":[{"embeddable":true,"href":"https:\/\/busondakika.com.tr\/index.php?rest_route=\/wp\/v2\/users\/1"}],"replies":[{"embeddable":true,"href":"https:\/\/busondakika.com.tr\/index.php?rest_route=%2Fwp%2Fv2%2Fcomments&post=13720"}],"version-history":[{"count":1,"href":"https:\/\/busondakika.com.tr\/index.php?rest_route=\/wp\/v2\/posts\/13720\/revisions"}],"predecessor-version":[{"id":13722,"href":"https:\/\/busondakika.com.tr\/index.php?rest_route=\/wp\/v2\/posts\/13720\/revisions\/13722"}],"wp:featuredmedia":[{"embeddable":true,"href":"https:\/\/busondakika.com.tr\/index.php?rest_route=\/wp\/v2\/media\/13721"}],"wp:attachment":[{"href":"https:\/\/busondakika.com.tr\/index.php?rest_route=%2Fwp%2Fv2%2Fmedia&parent=13720"}],"wp:term":[{"taxonomy":"category","embeddable":true,"href":"https:\/\/busondakika.com.tr\/index.php?rest_route=%2Fwp%2Fv2%2Fcategories&post=13720"},{"taxonomy":"post_tag","embeddable":true,"href":"https:\/\/busondakika.com.tr\/index.php?rest_route=%2Fwp%2Fv2%2Ftags&post=13720"}],"curies":[{"name":"wp","href":"https:\/\/api.w.org\/{rel}","templated":true}]}}