{"id":13732,"date":"2026-04-28T16:18:31","date_gmt":"2026-04-28T16:18:31","guid":{"rendered":"https:\/\/busondakika.com.tr\/?p=13732"},"modified":"2026-04-28T16:18:32","modified_gmt":"2026-04-28T16:18:32","slug":"inegolde-akademi-ve-yerel-yonetimden-guclu-is-birligi","status":"publish","type":"post","link":"https:\/\/busondakika.com.tr\/?p=13732","title":{"rendered":"\u0130neg\u00f6l\u2019de Akademi Ve Yerel Y\u00f6netimden G\u00fc\u00e7l\u00fc \u0130\u015f Birli\u011fi"},"content":{"rendered":"\n<p class=\"MsoNoSpacing\" style=\"text-align:justify\"><span style=\"font-size:11pt\"><span style=\"font-family:Calibri,sans-serif\">Y\u0131ld\u0131z Teknik \u00dcniversitesi Mimarl\u0131k Fak\u00fcltesi \u00f6\u011frencileri ve akademisyenlerinin haz\u0131rlad\u0131\u011f\u0131 \u201cD\u00f6ng\u00fcsel Ekonomi ile Dayan\u0131kl\u0131 ve S\u00fcrd\u00fcr\u00fclebilir Kenti Kurgulamak: \u0130neg\u00f6l\u201d sergisi, \u0130neg\u00f6l Belediyesi ev sahipli\u011finde ger\u00e7ekle\u015ftirildi. Gelece\u011fin \u015fehir vizyonuna \u0131\u015f\u0131k tutan projeler, b\u00fcy\u00fck be\u011feni toplad\u0131.<\/span><\/span><\/p>\n<p class=\"MsoNoSpacing\" style=\"text-align:justify\"><span style=\"font-size:11pt\"><span style=\"font-family:Calibri,sans-serif\">\u0130neg\u00f6l Belediyesi ev sahipli\u011finde, Y\u0131ld\u0131z Teknik \u00dcniversitesi Mimarl\u0131k Fak\u00fcltesi \u015eehir ve B\u00f6lge Planlama B\u00f6l\u00fcm\u00fc taraf\u0131ndan haz\u0131rlanan \u201cD\u00f6ng\u00fcsel Ekonomi ile Dayan\u0131kl\u0131 ve S\u00fcrd\u00fcr\u00fclebilir Kenti Kurgulamak: \u0130neg\u00f6l\u201d ba\u015fl\u0131kl\u0131 sergi ger\u00e7ekle\u015ftirildi. Planlama-7 dersi kapsam\u0131nda haz\u0131rlanan \u00e7al\u0131\u015fmada akademisyenlerle beraber 60 dolay\u0131nda \u00f6\u011frencinin imzas\u0131 bulunan projeler, \u0130neg\u00f6l\u2019de \u0130neg\u00f6l Belediyesi binas\u0131 \u00f6n\u00fcnde bulunan sergi salonunda sunuldu.<\/span><\/span><\/p>\n<p class=\"MsoNoSpacing\" style=\"text-align:justify\"><span style=\"font-size:11pt\"><span style=\"font-family:Calibri,sans-serif\">Sergi; Belediye Ba\u015fkan\u0131 Alper Taban, akademisyenler, \u0130neg\u00f6l Belediyesi Enc\u00fcmen \u00dcyeleri, daire m\u00fcd\u00fcrleri, \u00f6\u011frenciler ve \u0130neg\u00f6l Belediyesi\u2019nin ilgili birimlerinde g\u00f6rev yapan personellerin kat\u0131l\u0131m\u0131yla ger\u00e7ekle\u015ftirildi. Temelini Ekim ay\u0131nda \u00f6\u011frencilerin \u0130neg\u00f6l\u2019e ger\u00e7ekle\u015ftirdi\u011fi teknik gezinin olu\u015fturdu\u011fu sergide, farkl\u0131 ba\u015fl\u0131klarda haz\u0131rlanan projeler, \u0130neg\u00f6l\u2019\u00fcn mevcut potansiyelini de\u011ferlendirirken, kentin s\u00fcrd\u00fcr\u00fclebilir gelece\u011fine y\u00f6nelik \u00f6nemli \u00f6neriler sundu. Y\u0131ld\u0131z Teknik \u00dcniversitesi akademisyenleri ve \u00f6\u011frencileri, \u0130neg\u00f6l Belediyesi\u2019nin ev sahipli\u011finde \u015fehre gelerek ekonomik ve sekt\u00f6rel yap\u0131ya ili\u015fkin sunumlara kat\u0131l\u0131p, saha incelemeleri yapm\u0131\u015ft\u0131. Bu s\u00fcre\u00e7 sonunda elde edilen veriler, bug\u00fcn sergide yer alan nitelikli projelere d\u00f6n\u00fc\u015ft\u00fc.<\/span><\/span><\/p>\n<p class=\"MsoNoSpacing\" style=\"text-align:justify\"><span style=\"font-size:11pt\"><span style=\"font-family:Calibri,sans-serif\"><b>YILDIZ TEKN\u0130K \u00dcN\u0130VERS\u0130TES\u0130 \u00d6\u011eRENC\u0130LER\u0130N\u0130N D\u0130PLOMA PROJELER\u0130NDE KONU \u0130NEG\u00d6L OLDU<\/b><\/span><\/span><\/p>\n<p class=\"MsoNoSpacing\" style=\"text-align:justify\"><span style=\"font-size:11pt\"><span style=\"font-family:Calibri,sans-serif\">Sergi \u00f6ncesi projeye dair bilgiler veren Prof. Dr. Nilg\u00fcn \u00c7olpan Erkan, \u201c\u00c7ok kalabal\u0131k bir \u00f6\u011frenci grubuyla bu \u00e7al\u0131\u015fmalar\u0131 yapt\u0131k. Yakla\u015f\u0131k 60 \u00f6\u011frencimiz vard\u0131. \u00d6ncelikle \u0130neg\u00f6l\u2019\u00fc analiz ettik. Daha sonra \u00f6\u011frencilerimizi gruplara b\u00f6ld\u00fck ve belirli temalar \u00e7er\u00e7evesinde \u00e7al\u0131\u015fmalar\u0131n\u0131 bekledik. Bunlardan bir tanesi g\u00fcn\u00fcm\u00fcz\u00fcn en \u00f6nemli konular\u0131ndan olan s\u00fcrd\u00fcr\u00fclebilir dayan\u0131kl\u0131 do\u011fal yap\u0131 ve \u00e7evresel ili\u015fkiler konusunda projeler \u00fcretildi. Ard\u0131ndan ba\u015fka bir grup dayan\u0131kl\u0131, kaliteli ve adil yerle\u015fmeler konusu \u00fczerinde projelerini geli\u015ftirdiler. Di\u011fer bir konu sosyal dinamikler, e\u015fitlik, \u015feffafl\u0131k ve kapsay\u0131c\u0131l\u0131k konusundayd\u0131. S\u00fcrd\u00fcr\u00fclebilir d\u00f6ng\u00fcsel ekonomi konusunda da bir grup strateji geli\u015ftirildi. Yenilenebilir enerji ve d\u00f6ng\u00fcsel enerji sistemleri de di\u011fer bir gruptu. \u00d6\u011frencilerimiz burada mek\u00e2nsal kararlar \u00fcretirken, ayn\u0131 zamanda gelecekte \u0130neg\u00f6l\u2019\u00fcn neye evrilebilece\u011fini, nas\u0131l bir geli\u015fme g\u00f6sterece\u011fini, bunun s\u00fcrd\u00fcr\u00fclebilirlik ve ekoloji \u00e7er\u00e7evesinde ger\u00e7ekle\u015ftirmeye hassasiyet g\u00f6sterdiler. Bu ba\u011flamda stratejiler \u00fcrettiler. Bu planlar mek\u00e2nsal plandan daha \u00e7ok geli\u015fmeye d\u00f6n\u00fck strateji kararlar\u0131 ve bunlara y\u00f6nelik eylemler ve akt\u00f6rleri i\u00e7eren planlama s\u00fcrecini tarif ediyor. Bu projeler \u00f6\u011frencilerimizin 3\u2019\u00fcnc\u00fc y\u0131l\u0131n\u0131n ilk yar\u0131 y\u0131l\u0131n\u0131n projeleri. \u015eu anda \u0130neg\u00f6l\u2019de diploma projelerini s\u00fcrd\u00fcr\u00fcyorlar. Ben \u0130neg\u00f6l Belediyesine \u00f6\u011frencilerimize bu imkan\u0131 sunduklar\u0131 i\u00e7in te\u015fekk\u00fcr ediyorum. \u00d6\u011frencilerimize \u00f6zverili \u00e7al\u0131\u015fmalar\u0131ndan dolay\u0131 te\u015fekk\u00fcr ediyorum\u201d dedi.<\/span><\/span><\/p>\n<p class=\"MsoNoSpacing\" style=\"text-align:justify\"><span style=\"font-size:11pt\"><span style=\"font-family:Calibri,sans-serif\"><b>\u0130NEG\u00d6L BELED\u0130YES\u0130 OLARAK B\u0130Z DE \u00d6\u011eRENC\u0130 MODUNDAYIZ<\/b><\/span><\/span><\/p>\n<p class=\"MsoNoSpacing\" style=\"text-align:justify\"><span style=\"font-size:11pt\"><span style=\"font-family:Calibri,sans-serif\">\u0130neg\u00f6l Belediye Ba\u015fkan\u0131 Alper Taban ise \u00f6\u011frencilerin yapt\u0131klar\u0131 \u00e7al\u0131\u015fmalar\u0131 \u00e7ok k\u0131ymetli bulduklar\u0131n\u0131 ifade ederek \u015f\u00f6yle konu\u015ftu: \u201cBiz ge\u00e7en d\u00f6nem de \u00fcniversitelerimizle i\u00e7 i\u00e7e olmaya \u00e7al\u0131\u015ft\u0131k ama bu d\u00f6nem \u00e7ok daha fazlaca i\u015ftirak halindeyiz. Hatta \u0130neg\u00f6l Belediyesi olarak bizim modumuz da \u00f6\u011frenci modu diyoruz. \u00d6\u011frenci modunda, \u00f6\u011frenmeye \u00e7al\u0131\u015fan, ara\u015ft\u0131ran, daha iyi uygulamalar ortaya koymaya \u00e7al\u0131\u015fan bir yap\u0131day\u0131z.\u201d<\/span><\/span><\/p>\n<p class=\"MsoNoSpacing\" style=\"text-align:justify\"><span style=\"font-size:11pt\"><span style=\"font-family:Calibri,sans-serif\"><b>\u00d6\u011eRENC\u0130LER\u0130M\u0130Z\u0130N \u00c7ALI\u015eMALARINDAN \u0130ST\u0130FADE EDECE\u011e\u0130Z<\/b><\/span><\/span><\/p>\n<p class=\"MsoNoSpacing\" style=\"text-align:justify\"><span style=\"font-size:11pt\"><span style=\"font-family:Calibri,sans-serif\">\u201c\u00dclkemizde \u015fehirlerimiz \u00e7ok g\u00fczel. D\u00fcnyada \u00e7ok g\u00fczel \u015fehirler g\u00f6r\u00fcyoruz. \u00c7ok g\u00fczel \u015fehir ve b\u00f6lge planlamalar\u0131 ortaya koyan \u015fehirler g\u00f6r\u00fcyoruz. Dolay\u0131s\u0131yla biz de bunlar\u0131n i\u00e7erisinde olmal\u0131y\u0131z diyoruz. D\u00fcnyan\u0131n herhangi geli\u015fmi\u015f bir \u015fehrinden biri benim \u015fehrime de geldi\u011finde burada da benzer bir yap\u0131la\u015fmay\u0131, benzer \u015fehirle\u015fmeyi g\u00f6rmesini arzu ediyorum. Biz de herhangi bir \u015fehre gitti\u011fimizde, bunlar\u0131 \u015fehrimizde ger\u00e7ekle\u015ftirdi, d\u00fcnyayla entegre olmu\u015fuz demek istiyoruz. Ger\u00e7ekten her \u015fey de\u011fi\u015fiyor, d\u00f6n\u00fc\u015f\u00fcyor. Bug\u00fcn iklim krizi ifade ediliyor. Orman yang\u0131nlar\u0131, sel bask\u0131nlar\u0131, kurakl\u0131\u011f\u0131n artaca\u011f\u0131 i\u015faret ediliyor. Yenilenebilir enerji kaynaklar\u0131 noktas\u0131nda daha dikkatli olunmas\u0131 gibi konu ba\u015fl\u0131klar\u0131 var. Burada da \u00e7ok ciddi emekler var. Y\u0131ld\u0131z Teknik \u00dcniversitesi\u2019ndeki \u00e7al\u0131\u015fmalar\u0131 arkada\u015flar\u0131m getirdiler. \u00c7ok k\u0131ymetli \u00e7\u0131kt\u0131lar var. Her birini tek tek inceledim. Bizler \u0130neg\u00f6l Belediyesi olarak \u00f6\u011frencilerimizin yapt\u0131\u011f\u0131 \u00e7al\u0131\u015fmalardan istifade etmeye \u00e7al\u0131\u015faca\u011f\u0131z. Ben emekleri i\u00e7in \u00e7ok te\u015fekk\u00fcr ediyorum. \u00d6neri ve tavsiyeleri bizim i\u00e7in \u00e7ok \u00f6nemli. Dikkatle inceleyece\u011fiz.\u201d<\/span><\/span><\/p>\n<p class=\"MsoNoSpacing\" style=\"text-align:justify\"><span style=\"font-size:11pt\"><span style=\"font-family:Calibri,sans-serif\">Konu\u015fmalar sonras\u0131 sergide yer alan \u00e7al\u0131\u015fmalar\u0131n detaylar\u0131, projelerin sahibi olan \u00f6\u011frenciler ve akademisyenler taraf\u0131ndan kat\u0131l\u0131mc\u0131lara aktar\u0131ld\u0131.<\/span><\/span><\/p>\n<p class=\"MsoNoSpacing\" style=\"text-align:justify\">\u00a0<\/p>\n<p>Kaynak: (BYZHA) Beyaz Haber Ajans\u0131<\/p>\n","protected":false},"excerpt":{"rendered":"<p>Y\u0131ld\u0131z Teknik \u00dcniversitesi Mimarl\u0131k Fak\u00fcltesi \u00f6\u011frencileri ve akademisyenlerinin haz\u0131rlad\u0131\u011f\u0131 \u201cD\u00f6ng\u00fcsel Ekonomi ile Dayan\u0131kl\u0131 ve S\u00fcrd\u00fcr\u00fclebilir Kenti Kurgulamak: \u0130neg\u00f6l\u201d sergisi, \u0130neg\u00f6l Belediyesi ev sahipli\u011finde ger\u00e7ekle\u015ftirildi.<\/p>\n","protected":false},"author":1,"featured_media":13733,"comment_status":"open","ping_status":"open","sticky":false,"template":"","format":"standard","meta":{"footnotes":""},"categories":[21],"tags":[],"class_list":["post-13732","post","type-post","status-publish","format-standard","has-post-thumbnail","hentry","category-gundem"],"_links":{"self":[{"href":"https:\/\/busondakika.com.tr\/index.php?rest_route=\/wp\/v2\/posts\/13732","targetHints":{"allow":["GET"]}}],"collection":[{"href":"https:\/\/busondakika.com.tr\/index.php?rest_route=\/wp\/v2\/posts"}],"about":[{"href":"https:\/\/busondakika.com.tr\/index.php?rest_route=\/wp\/v2\/types\/post"}],"author":[{"embeddable":true,"href":"https:\/\/busondakika.com.tr\/index.php?rest_route=\/wp\/v2\/users\/1"}],"replies":[{"embeddable":true,"href":"https:\/\/busondakika.com.tr\/index.php?rest_route=%2Fwp%2Fv2%2Fcomments&post=13732"}],"version-history":[{"count":1,"href":"https:\/\/busondakika.com.tr\/index.php?rest_route=\/wp\/v2\/posts\/13732\/revisions"}],"predecessor-version":[{"id":13734,"href":"https:\/\/busondakika.com.tr\/index.php?rest_route=\/wp\/v2\/posts\/13732\/revisions\/13734"}],"wp:featuredmedia":[{"embeddable":true,"href":"https:\/\/busondakika.com.tr\/index.php?rest_route=\/wp\/v2\/media\/13733"}],"wp:attachment":[{"href":"https:\/\/busondakika.com.tr\/index.php?rest_route=%2Fwp%2Fv2%2Fmedia&parent=13732"}],"wp:term":[{"taxonomy":"category","embeddable":true,"href":"https:\/\/busondakika.com.tr\/index.php?rest_route=%2Fwp%2Fv2%2Fcategories&post=13732"},{"taxonomy":"post_tag","embeddable":true,"href":"https:\/\/busondakika.com.tr\/index.php?rest_route=%2Fwp%2Fv2%2Ftags&post=13732"}],"curies":[{"name":"wp","href":"https:\/\/api.w.org\/{rel}","templated":true}]}}