{"id":13738,"date":"2026-04-28T16:18:46","date_gmt":"2026-04-28T16:18:46","guid":{"rendered":"https:\/\/busondakika.com.tr\/?p=13738"},"modified":"2026-04-28T16:18:47","modified_gmt":"2026-04-28T16:18:47","slug":"duyuru-61-cumhurbaskanligi-turkiye-bisiklet-turu","status":"publish","type":"post","link":"https:\/\/busondakika.com.tr\/?p=13738","title":{"rendered":"Duyuru: 61. Cumhurba\u015fkanl\u0131\u011f\u0131 T\u00fcrkiye Bisiklet Turu"},"content":{"rendered":"<p> T.C. Cumhurba\u015fkanl\u0131\u011f\u0131 himayelerinde, T.C. Gen\u00e7lik ve Spor Bakanl\u0131\u011f\u0131\u2019n\u0131n destekleriyle T\u00fcrkiye Bisiklet Federasyonu taraf\u0131ndan d\u00fczenlenen 61. Cumhurba\u015fkanl\u0131\u011f\u0131 T\u00fcrkiye Bisiklet Turu\u2019nun d\u00f6rd\u00fcnc\u00fc etab\u0131 olan Marmaris\u2013Fethiye parkuru, 23 tak\u0131m, 27 \u00fclkeden 161 sporcunun kat\u0131l\u0131m\u0131yla 29 Nisan 2026 Sal\u0131 g\u00fcn\u00fc ger\u00e7ekle\u015ftirilecektir.<\/p>\n<p><strong>Start<\/strong>: 13.10 \u2013 Marmaris<br \/><strong>Tahmini fini\u015f<\/strong>\u00a0: 16.05 \u2013Fethiye<\/p>\n<p>61.Cumhurba\u015fkanl\u0131\u011f\u0131 T\u00fcrkiye Bisiklet Turu\u2019nun 4. Etab\u0131, 29.04.2026 \u00c7ar\u015famba g\u00fcn\u00fc saat 13.10\u2019da Marmaris\u2019ten ba\u015flayarak Fethiye\u2019de sona erecektir. Toplam 130,4 kilometrelik etap, sprinterlerin \u00f6ne \u00e7\u0131kmas\u0131n\u0131n beklendi\u011fi bir parkur \u00f6zelli\u011fi ta\u015f\u0131maktad\u0131r.<\/p>\n<p>Marmaris \u015fehir merkezinden verilecek start\u0131n ard\u0131ndan yar\u0131\u015f, k\u0131sa bir n\u00f6tral ge\u00e7i\u015f sonras\u0131 aktif hale gelecek ve Marmaris \u00e7\u0131k\u0131\u015f\u0131nda dalgal\u0131 bir parkurla devam edecektir. Sporcular, \u0130\u00e7meler ve \u00e7evresini ge\u00e7tikten sonra Mu\u011fla yolu istikametine y\u00f6nelerek \u00c7etibeli ve G\u00f6ktepe hatt\u0131nda ilerleyecektir.<\/p>\n<p>Etab\u0131n devam\u0131nda, parkurun orta b\u00f6l\u00fcm\u00fcnde yer alan T\u00fcrkiye G\u00fczellikleri Sprint Kap\u0131s\u0131 ge\u00e7ilecek olup, ard\u0131ndan G\u00f6kova b\u00f6lgesi ve \u00e7evresindeki teknik virajl\u0131 kesimler yar\u0131\u015f temposunu belirleyecektir.<\/p>\n<p>Son b\u00f6l\u00fcmde sporcular, G\u00f6cek T\u00fcneli ge\u00e7i\u015finin ard\u0131ndan Fethiye istikametine y\u00f6nelerek \u015fehir i\u00e7ine ula\u015facakt\u0131r. Etab\u0131n son kilometrelerinde yer alan \u015fehir i\u00e7i d\u00f6n\u00fc\u015fler ve teknik virajlar, fini\u015f \u00f6ncesi pozisyon m\u00fccadelesini kritik hale getirecektir. Etap, Fethiye \u015fehir merkezinde toplu sprint fini\u015fi ile tamamlanacakt\u0131r.<\/p>\n<p>29.04.2026 \u00c7ar\u015famba g\u00fcn\u00fc sabah saatlerinden itibaren, etap g\u00fczerg\u00e2h\u0131 boyunca yar\u0131\u015f g\u00fcvenli\u011fi kapsam\u0131nda gerekli trafik ve emniyet tedbirleri al\u0131nacak olup, yollar etap ge\u00e7i\u015finden yakla\u015f\u0131k bir saat \u00f6nce kademeli olarak trafi\u011fe kapat\u0131lacakt\u0131r. Start ve fini\u015f noktalar\u0131nda ise kapan\u0131\u015flar daha erken saatlerde ger\u00e7ekle\u015ftirilecektir.<\/p>\n<p>S\u00fcr\u00fcc\u00fclerin belirtilen saatlerde g\u00fczerg\u00e2h\u0131 kullanmamalar\u0131, alternatif yollar\u0131 tercih etmeleri ve g\u00f6revli ekiplerin y\u00f6nlendirmelerine uymalar\u0131 \u00f6nemle rica olunur. Bisiklet turunun ge\u00e7i\u015f yapaca\u011f\u0131 g\u00fczerg\u00e2h bilgisi payla\u015f\u0131lm\u0131\u015f olup, kapat\u0131lacak yollara ili\u015fkin il ve il\u00e7e emniyet m\u00fcd\u00fcrl\u00fckleri taraf\u0131ndan yap\u0131lacak duyurular\u0131n takip edilmesi gerekmektedir.<\/p>\n<p><strong>61. Cumhurba\u015fkanl\u0131\u011f\u0131 T\u00fcrkiye Bisiklet Turu\u2019nun d\u00f6rd\u00fcnc\u00fc etab\u0131 olan Marmaris-Fethiye etab\u0131 kapsam\u0131nda Mu\u011fla\u2019da kademeli bir \u015fekilde trafi\u011fe kapanacak yollar \u015fu \u015fekildedir:\u00a0<\/strong><\/p>\n<p>29.04.2026 \u00c7ar\u015famba g\u00fcn\u00fc etap kapsam\u0131nda Marmaris\u2019te yol kapan\u0131\u015flar\u0131 yakla\u015f\u0131k 12.10 \u2013 14.15 saatleri aras\u0131nda uygulanacakt\u0131r.<\/p>\n<ul>\n<li>Marmaris \u2013 G\u00f6kova<\/li>\n<li>Sarn\u0131\u00e7 \u2013 G\u00f6kova<\/li>\n<li>G\u00f6kova \u2013 K\u00f6yce\u011fiz \u2013 G\u00f6cek g\u00fczerg\u00e2h\u0131<\/li>\n<\/ul>\n<p>29.04.2026 \u00c7ar\u015famba g\u00fcn\u00fc etap kapsam\u0131nda Fethiye\u2019de yol kapan\u0131\u015flar\u0131 yakla\u015f\u0131k 13.00 \u2013 17.00 saatleri aras\u0131nda uygulanacakt\u0131r.<\/p>\n<p>D-400 Karayolu G\u00f6cek istikametinden;<\/p>\n<ul>\n<li>Koca\u00e7al\u0131\u015f Kav\u015fa\u011f\u0131 g\u00fczerg\u00e2h\u0131<\/li>\n<li>Cahit Be\u011fen\u00e7 Bulvar\u0131<\/li>\n<li>Mustafa Kemal Bulvar\u0131<\/li>\n<li>Cahit G\u00fcnd\u00fcz Caddesi<\/li>\n<\/ul>\n<p><strong>\u00d6NEML\u0130 NOT<\/strong><\/p>\n<p>Bisiklet turunun ge\u00e7i\u015f yapaca\u011f\u0131 g\u00fczerg\u00e2h bilgisi payla\u015f\u0131lm\u0131\u015f olup, kapat\u0131lacak yollara ili\u015fkin il ve il\u00e7e emniyet m\u00fcd\u00fcrl\u00fcklerinin duyurular\u0131n\u0131n takip edilmesi \u00f6nem arz etmektedir. S\u00fcr\u00fcc\u00fclerin belirtilen saatlerde g\u00fczerg\u00e2h\u0131 kullanmamalar\u0131, alternatif yollar\u0131 tercih etmeleri ve g\u00f6revli ekiplerin y\u00f6nlendirmelerine uymalar\u0131 \u00f6nemle rica olunur.<\/p>\n<p>\u00a0<\/p>\n<p>\u00a0<\/p>\n<p>Kaynak: (BYZHA) Beyaz Haber Ajans\u0131<\/p>\n","protected":false},"excerpt":{"rendered":"<p>T.<\/p>\n","protected":false},"author":1,"featured_media":13739,"comment_status":"open","ping_status":"open","sticky":false,"template":"","format":"standard","meta":{"footnotes":""},"categories":[24],"tags":[],"class_list":["post-13738","post","type-post","status-publish","format-standard","has-post-thumbnail","hentry","category-spor"],"_links":{"self":[{"href":"https:\/\/busondakika.com.tr\/index.php?rest_route=\/wp\/v2\/posts\/13738","targetHints":{"allow":["GET"]}}],"collection":[{"href":"https:\/\/busondakika.com.tr\/index.php?rest_route=\/wp\/v2\/posts"}],"about":[{"href":"https:\/\/busondakika.com.tr\/index.php?rest_route=\/wp\/v2\/types\/post"}],"author":[{"embeddable":true,"href":"https:\/\/busondakika.com.tr\/index.php?rest_route=\/wp\/v2\/users\/1"}],"replies":[{"embeddable":true,"href":"https:\/\/busondakika.com.tr\/index.php?rest_route=%2Fwp%2Fv2%2Fcomments&post=13738"}],"version-history":[{"count":1,"href":"https:\/\/busondakika.com.tr\/index.php?rest_route=\/wp\/v2\/posts\/13738\/revisions"}],"predecessor-version":[{"id":13740,"href":"https:\/\/busondakika.com.tr\/index.php?rest_route=\/wp\/v2\/posts\/13738\/revisions\/13740"}],"wp:featuredmedia":[{"embeddable":true,"href":"https:\/\/busondakika.com.tr\/index.php?rest_route=\/wp\/v2\/media\/13739"}],"wp:attachment":[{"href":"https:\/\/busondakika.com.tr\/index.php?rest_route=%2Fwp%2Fv2%2Fmedia&parent=13738"}],"wp:term":[{"taxonomy":"category","embeddable":true,"href":"https:\/\/busondakika.com.tr\/index.php?rest_route=%2Fwp%2Fv2%2Fcategories&post=13738"},{"taxonomy":"post_tag","embeddable":true,"href":"https:\/\/busondakika.com.tr\/index.php?rest_route=%2Fwp%2Fv2%2Ftags&post=13738"}],"curies":[{"name":"wp","href":"https:\/\/api.w.org\/{rel}","templated":true}]}}