{"id":13750,"date":"2026-04-28T16:28:32","date_gmt":"2026-04-28T16:28:32","guid":{"rendered":"https:\/\/busondakika.com.tr\/?p=13750"},"modified":"2026-04-28T16:28:33","modified_gmt":"2026-04-28T16:28:33","slug":"torbalida-satranc-soleni-208-sporcu-ayni-masada-bulustu","status":"publish","type":"post","link":"https:\/\/busondakika.com.tr\/?p=13750","title":{"rendered":"Torbal\u0131\u2019da Satran\u00e7 \u015e\u00f6leni: 208 Sporcu Ayn\u0131 Masada Bulu\u015ftu"},"content":{"rendered":"\n<p style=\"margin-bottom:11px\"><span style=\"font-size:12pt\"><span style=\"line-height:115%\"><span style=\"font-family:Calibri,sans-serif\">Torbal\u0131 Belediyesi\u2019nin d\u00fczenledi\u011fi Ulusal Egemenlik ve \u00c7ocuk Bayram\u0131 Satran\u00e7 Turnuvas\u0131, geni\u015f kat\u0131l\u0131m\u0131 ve y\u00fcksek organizasyon kalitesiyle b\u00fcy\u00fck be\u011feni toplad\u0131. \u0130zmir\u2019in il\u00e7elerinin yan\u0131 s\u0131ra Manisa, Ayd\u0131n ve Mu\u011fla\u2019dan gelen sporcular\u0131n da yer ald\u0131\u011f\u0131 turnuvada toplam 208 sporcu hamle yapt\u0131. T\u00fcrkiye\u2019nin farkl\u0131 noktalar\u0131ndan gelen sporcular\u0131n m\u00fccadele etti\u011fi turnuva hem rekabet hem de dostluk ortam\u0131yla dikkat \u00e7ekti. Torbal\u0131, bu \u00f6nemli organizasyonla bir kez daha sporun bulu\u015fma noktas\u0131 oldu.<\/span><\/span><\/span><\/p>\n<p style=\"margin-bottom:11px\"><span style=\"font-size:12pt\"><span style=\"line-height:115%\"><span style=\"font-family:Calibri,sans-serif\"><b>\u00d6D\u00dcLLER MOT\u0130VASYONU ARTIRDI<\/b><\/span><\/span><\/span><\/p>\n<p style=\"margin-bottom:11px\"><span style=\"font-size:12pt\"><span style=\"line-height:115%\"><span style=\"font-family:Calibri,sans-serif\">Genel s\u0131ralamada dereceye giren sporcular\u0131n yan\u0131 s\u0131ra en iyi yerel sporculara ve kad\u0131n sporculara kupalar verildi. Ayr\u0131ca 7 ya\u015f kategorisindeki t\u00fcm \u00e7ocuklara madalya takdim edilmesi minik sporcular\u0131n y\u00fcz\u00fcn\u00fc g\u00fcld\u00fcrd\u00fc.<\/span><\/span><\/span><\/p>\n<p style=\"margin-bottom:11px\"><span style=\"font-size:12pt\"><span style=\"line-height:115%\"><span style=\"font-family:Calibri,sans-serif\"><b>BA\u015eKAN DEM\u0130R\u2019DEN M\u00dcJDE<\/b><\/span><\/span><\/span><\/p>\n<p style=\"margin-bottom:11px\"><span style=\"font-size:12pt\"><span style=\"line-height:115%\"><span style=\"font-family:Calibri,sans-serif\">Farkl\u0131 illerden gelen kat\u0131l\u0131mc\u0131lar, Torbal\u0131\u2019daki turnuvan\u0131n b\u00f6lgenin en iyi organizasyonlar\u0131ndan biri oldu\u011funu ifade etti. Yo\u011fun ilgi \u00fczerine Torbal\u0131 Belediye Ba\u015fkan\u0131 \u00d6v\u00fcn\u00e7 Demir, 7 Eyl\u00fcl Torbal\u0131\u2019n\u0131n kurtulu\u015f \u015fenliklerinde daha geni\u015f kat\u0131l\u0131ml\u0131 bir satran\u00e7 turnuvas\u0131 d\u00fczenlenece\u011finin m\u00fcjdesini verdi.<\/span><\/span><\/span><\/p>\n<p style=\"margin-bottom:11px\"><span style=\"font-size:12pt\"><span style=\"line-height:115%\"><span style=\"font-family:Calibri,sans-serif\"><b>G\u00dcL\u015eAH DURBAY TEMASI<\/b><\/span><\/span><\/span><\/p>\n<p style=\"margin-bottom:11px\"><span style=\"font-size:12pt\"><span style=\"line-height:115%\"><span style=\"font-family:Calibri,sans-serif\">Turnuva sonunda \u00e7ocuklar, G\u00fcl\u015fah Durbay\u2019\u0131n 29 y\u0131l \u00f6nce \u00e7ekilen ve \u201c\u00c7ocuk yurdun temelidir\u201d mesaj\u0131n\u0131 ta\u015f\u0131yan anlaml\u0131 afi\u015fi e\u015fli\u011finde toplu hat\u0131ra foto\u011fraf\u0131 \u00e7ektirerek g\u00fcn\u00fc \u00f6l\u00fcms\u00fczle\u015ftirdi.<\/span><\/span><\/span><\/p>\n<p style=\"margin-bottom:11px\"><span style=\"font-size:12pt\"><span style=\"line-height:115%\"><span style=\"font-family:Calibri,sans-serif\"><b>ORGAN\u0130ZASYON SPORCU VE VEL\u0130LERDEN TAM NOT ALDI<\/b><\/span><\/span><\/span><\/p>\n<p style=\"margin-bottom:11px\"><span style=\"font-size:12pt\"><span style=\"line-height:115%\"><span style=\"font-family:Calibri,sans-serif\">\u0130ki g\u00fcn boyunca s\u00fcren turnuvada hem sporcular\u0131n hem de ailelerin konforu i\u00e7in gerekli t\u00fcm d\u00fczenlemeler ger\u00e7ekle\u015ftirildi. Turnuva boyunca kurulan Torbal\u0131 Kad\u0131n Eme\u011fi Platformu (TORKEM) stantlar\u0131 ve geni\u015f g\u00f6lgelik alanlar kat\u0131l\u0131mc\u0131lara konforlu bir ortam sundu. \u0130kram arac\u0131 ve sa\u011fl\u0131k ekipleri turnuva boyunca haz\u0131r bekledi. Organizasyonun her an\u0131n\u0131n \u00f6zel olarak d\u00fc\u015f\u00fcn\u00fcld\u00fc\u011f\u00fcn\u00fc belirten veliler, organizasyon i\u00e7in Torbal\u0131 Belediye Ba\u015fkan\u0131 \u00d6v\u00fcn\u00e7 Demir\u2019e te\u015fekk\u00fcrlerini sundu.<\/span><\/span><\/span><\/p>\n<p style=\"margin-bottom:11px\">\u00a0<\/p>\n<p style=\"margin-bottom:11px\">\u00a0<\/p>\n<p>Kaynak: (BYZHA) Beyaz Haber Ajans\u0131<\/p>\n","protected":false},"excerpt":{"rendered":"<p>Torbal\u0131 Belediyesi\u2019nin d\u00fczenledi\u011fi Ulusal Egemenlik ve \u00c7ocuk Bayram\u0131 Satran\u00e7 Turnuvas\u0131, geni\u015f kat\u0131l\u0131m\u0131 ve y\u00fcksek organizasyon kalitesiyle b\u00fcy\u00fck be\u011feni toplad\u0131.<\/p>\n","protected":false},"author":1,"featured_media":13751,"comment_status":"open","ping_status":"open","sticky":false,"template":"","format":"standard","meta":{"footnotes":""},"categories":[24],"tags":[],"class_list":["post-13750","post","type-post","status-publish","format-standard","has-post-thumbnail","hentry","category-spor"],"_links":{"self":[{"href":"https:\/\/busondakika.com.tr\/index.php?rest_route=\/wp\/v2\/posts\/13750","targetHints":{"allow":["GET"]}}],"collection":[{"href":"https:\/\/busondakika.com.tr\/index.php?rest_route=\/wp\/v2\/posts"}],"about":[{"href":"https:\/\/busondakika.com.tr\/index.php?rest_route=\/wp\/v2\/types\/post"}],"author":[{"embeddable":true,"href":"https:\/\/busondakika.com.tr\/index.php?rest_route=\/wp\/v2\/users\/1"}],"replies":[{"embeddable":true,"href":"https:\/\/busondakika.com.tr\/index.php?rest_route=%2Fwp%2Fv2%2Fcomments&post=13750"}],"version-history":[{"count":1,"href":"https:\/\/busondakika.com.tr\/index.php?rest_route=\/wp\/v2\/posts\/13750\/revisions"}],"predecessor-version":[{"id":13752,"href":"https:\/\/busondakika.com.tr\/index.php?rest_route=\/wp\/v2\/posts\/13750\/revisions\/13752"}],"wp:featuredmedia":[{"embeddable":true,"href":"https:\/\/busondakika.com.tr\/index.php?rest_route=\/wp\/v2\/media\/13751"}],"wp:attachment":[{"href":"https:\/\/busondakika.com.tr\/index.php?rest_route=%2Fwp%2Fv2%2Fmedia&parent=13750"}],"wp:term":[{"taxonomy":"category","embeddable":true,"href":"https:\/\/busondakika.com.tr\/index.php?rest_route=%2Fwp%2Fv2%2Fcategories&post=13750"},{"taxonomy":"post_tag","embeddable":true,"href":"https:\/\/busondakika.com.tr\/index.php?rest_route=%2Fwp%2Fv2%2Ftags&post=13750"}],"curies":[{"name":"wp","href":"https:\/\/api.w.org\/{rel}","templated":true}]}}