{"id":13756,"date":"2026-04-28T19:38:15","date_gmt":"2026-04-28T19:38:15","guid":{"rendered":"https:\/\/busondakika.com.tr\/?p=13756"},"modified":"2026-04-28T19:38:16","modified_gmt":"2026-04-28T19:38:16","slug":"bakirkoyde-egemenlik-turnuvasi-coskusu","status":"publish","type":"post","link":"https:\/\/busondakika.com.tr\/?p=13756","title":{"rendered":"Bak\u0131rk\u00f6y\u2019de Egemenlik Turnuvas\u0131 Co\u015fkusu"},"content":{"rendered":"<p> Bak\u0131rk\u00f6y Belediyesi taraf\u0131ndan 23 Nisan Ulusal Egemenlik ve \u00c7ocuk Bayram\u0131 kapsam\u0131nda d\u00fczenlenen Egemenlik Turnuvas\u0131, il\u00e7edeki okullardan \u00f6\u011frencilerin yo\u011fun kat\u0131l\u0131m\u0131yla ger\u00e7ekle\u015fti. Farkl\u0131 bran\u015flarda d\u00fczenlenen m\u00fcsabakalar, gen\u00e7lerin enerjisi ve tak\u0131m ruhuyla sporseverlere heyecan dolu anlar ya\u015fatt\u0131.<\/p>\n<p>Bak\u0131rk\u00f6y Belediyesi\u2019nin 23 Nisan Ulusal Egemenlik ve \u00c7ocuk Bayram\u0131 kapsam\u0131nda il\u00e7edeki okullardan \u00f6\u011frencilerin kat\u0131l\u0131m\u0131yla d\u00fczenledi\u011fi Egemenlik Turnuvas\u0131, b\u00fcy\u00fck bir co\u015fku ve heyecanla tamamland\u0131. Sporun farkl\u0131 bran\u015flar\u0131nda m\u00fccadele eden \u00f6\u011frenciler, yeteneklerini sergileme f\u0131rsat\u0131 buldu. Voleybol, basketbol, tenis, y\u00fczme ve bocce bran\u015flar\u0131nda ger\u00e7ekle\u015ftirilen turnuvada \u00f6\u011frenciler k\u0131yas\u0131ya rekabet etti. Fair-play ruhunun \u00f6n planda oldu\u011fu m\u00fcsabakalarda, gen\u00e7 sporcular hem bireysel performanslar\u0131yla hem de tak\u0131m oyunlar\u0131yla dikkat \u00e7ekti. Trib\u00fcnlerde yerini alan aileler, \u00f6\u011fretmenler ve arkada\u015flar\u0131, sporculara destek vererek turnuvan\u0131n atmosferini daha da renklendirdi. \u00d6\u011frencilerin sahaya yans\u0131tt\u0131\u011f\u0131 azim, m\u00fccadele ve dayan\u0131\u015fma duygusu izleyenlerden alk\u0131\u015f ald\u0131.<\/p>\n<p>\u00a0<\/p>\n<p>Kaynak: (BYZHA) Beyaz Haber Ajans\u0131<\/p>\n","protected":false},"excerpt":{"rendered":"<p>Bak\u0131rk\u00f6y Belediyesi taraf\u0131ndan 23 Nisan Ulusal Egemenlik ve \u00c7ocuk Bayram\u0131 kapsam\u0131nda d\u00fczenlenen Egemenlik Turnuvas\u0131, il\u00e7edeki okullardan \u00f6\u011frencilerin yo\u011fun kat\u0131l\u0131m\u0131yla ger\u00e7ekle\u015fti.<\/p>\n","protected":false},"author":1,"featured_media":13757,"comment_status":"open","ping_status":"open","sticky":false,"template":"","format":"standard","meta":{"footnotes":""},"categories":[24],"tags":[],"class_list":["post-13756","post","type-post","status-publish","format-standard","has-post-thumbnail","hentry","category-spor"],"_links":{"self":[{"href":"https:\/\/busondakika.com.tr\/index.php?rest_route=\/wp\/v2\/posts\/13756","targetHints":{"allow":["GET"]}}],"collection":[{"href":"https:\/\/busondakika.com.tr\/index.php?rest_route=\/wp\/v2\/posts"}],"about":[{"href":"https:\/\/busondakika.com.tr\/index.php?rest_route=\/wp\/v2\/types\/post"}],"author":[{"embeddable":true,"href":"https:\/\/busondakika.com.tr\/index.php?rest_route=\/wp\/v2\/users\/1"}],"replies":[{"embeddable":true,"href":"https:\/\/busondakika.com.tr\/index.php?rest_route=%2Fwp%2Fv2%2Fcomments&post=13756"}],"version-history":[{"count":1,"href":"https:\/\/busondakika.com.tr\/index.php?rest_route=\/wp\/v2\/posts\/13756\/revisions"}],"predecessor-version":[{"id":13758,"href":"https:\/\/busondakika.com.tr\/index.php?rest_route=\/wp\/v2\/posts\/13756\/revisions\/13758"}],"wp:featuredmedia":[{"embeddable":true,"href":"https:\/\/busondakika.com.tr\/index.php?rest_route=\/wp\/v2\/media\/13757"}],"wp:attachment":[{"href":"https:\/\/busondakika.com.tr\/index.php?rest_route=%2Fwp%2Fv2%2Fmedia&parent=13756"}],"wp:term":[{"taxonomy":"category","embeddable":true,"href":"https:\/\/busondakika.com.tr\/index.php?rest_route=%2Fwp%2Fv2%2Fcategories&post=13756"},{"taxonomy":"post_tag","embeddable":true,"href":"https:\/\/busondakika.com.tr\/index.php?rest_route=%2Fwp%2Fv2%2Ftags&post=13756"}],"curies":[{"name":"wp","href":"https:\/\/api.w.org\/{rel}","templated":true}]}}