{"id":13759,"date":"2026-04-28T19:48:32","date_gmt":"2026-04-28T19:48:32","guid":{"rendered":"https:\/\/busondakika.com.tr\/?p=13759"},"modified":"2026-04-28T19:48:33","modified_gmt":"2026-04-28T19:48:33","slug":"ko-mekten-izmitte-buyuleyen-yil-sonu-sergisi","status":"publish","type":"post","link":"https:\/\/busondakika.com.tr\/?p=13759","title":{"rendered":"KO-MEK\u2019ten \u0130zmit\u2019te b\u00fcy\u00fcleyen y\u0131l sonu sergisi"},"content":{"rendered":"<p> KO-MEK y\u0131l sonu sergilerinin alt\u0131nc\u0131s\u0131 \u0130zmit\u2019te a\u00e7\u0131ld\u0131. Kocaeli B\u00fcy\u00fck\u015fehir Belediye Ba\u015fkan\u0131 Tahir B\u00fcy\u00fckak\u0131n bu \u00f6nemli g\u00fcnde kursiyerleri yaln\u0131z b\u0131rakmazken, y\u0131l boyunca emek verilerek haz\u0131rlanan eserler b\u00fcy\u00fck be\u011feni toplad\u0131.<\/p>\n<p><b>SERG\u0130LENEN ESERLER D\u0130KKAT \u00c7EKT\u0130<\/b><\/p>\n<p>Kocaeli B\u00fcy\u00fck\u015fehir Belediyesi Meslek ve Sanat E\u011fitim Kurslar\u0131 (KO-MEK), \u201cBiz Birlikte T\u00fcrkiye\u2019yiz\u201d temas\u0131yla d\u00fczenledi\u011fi il\u00e7e sergilerinin alt\u0131nc\u0131s\u0131n\u0131 \u0130zmit\u2019te a\u00e7t\u0131. Birbirinden farkl\u0131 bran\u015flarda haz\u0131rlanan \u00fcr\u00fcnlerin yer ald\u0131\u011f\u0131 sergide, geleneksel el sanatlar\u0131ndan modern tasar\u0131mlara kadar bir\u00e7ok \u00e7al\u0131\u015fma dikkat \u00e7ekti. Vatanda\u015flar\u0131n yo\u011fun ilgi g\u00f6sterdi\u011fi sergide, kursiyerlerin y\u0131l boyunca emek vererek haz\u0131rlad\u0131\u011f\u0131 eserler b\u00fcy\u00fck be\u011feni toplad\u0131.<\/p>\n<p><b>A\u00c7ILI\u015eA KATILIM YO\u011eUN OLDU<\/b><\/p>\n<p>Kocaeli Kongre Merkezi\u2019nde ge\u00e7ekle\u015ftirilen sergi a\u00e7\u0131l\u0131\u015f\u0131na Kocaeli B\u00fcy\u00fck\u015fehir Belediye Ba\u015fkan\u0131 Tahir B\u00fcy\u00fckak\u0131n, Kocaeli \u00dcniversitesi Rekt\u00f6r\u00fc Prof.Dr. Nuh Zafer Cant\u00fcrk, Kocaeli B\u00fcy\u00fck\u015fehir Belediyesi Ba\u015fkan Vekili Berna Abi\u015f, MHP Kocaeli \u0130l Sekreteri Semih T\u00fcreyen, MHP \u0130zmit \u0130l\u00e7e Ba\u015fkan\u0131 \u0130lker Kazan, \u0130l Milli E\u011fitim M\u00fcd\u00fcr\u00fc Emrullah Ayd\u0131n, Halk E\u011fitim Merkezi yetkilileri, sivil toplum kurulu\u015flar\u0131n\u0131n temsilcileri, muhtarlar ve \u00e7ok say\u0131da vatanda\u015f kat\u0131ld\u0131.<\/p>\n<p><b>FAT\u0130H\u2019\u0130N S\u00d6ZLER\u0130 \u0130LE BA\u015eLADI<\/b><\/p>\n<p>Konu\u015fmas\u0131na, Fatih Sultan Mehmed\u2019in \u201cH\u00fcner, bir \u015fehir kurmakt\u0131r. Halk\u0131n mutlulu\u011funu sa\u011flamakt\u0131r\u201d s\u00f6zleri ile ba\u015flayan Ba\u015fkan B\u00fcy\u00fckak\u0131n, \u201cBiz Mutlu \u015eehir derken asl\u0131nda O\u2019nun \u00e7izgisinde ilerliyoruz. Belediyeler, o \u015fehirde ya\u015fayan insanlar\u0131n ortak ihtiya\u00e7lar\u0131n\u0131 kar\u015f\u0131lamak \u00fczere var. O zaman yapt\u0131\u011f\u0131m\u0131z her i\u015fi, halk\u0131n r\u0131zas\u0131n\u0131 alarak yapmal\u0131y\u0131z. Biz de o yoldan y\u00fcr\u00fcmeye \u00e7al\u0131\u015f\u0131yoruz. Varl\u0131k sebebimiz bu \u015fehrin insan\u0131n\u0131 raz\u0131 etmekse, onu mutlu etmekse bu \u015fehrin \u00e7ocuklar\u0131 var, onlar mutlu olacaklar. Gen\u00e7ler mutlu olacak. Ya\u015fl\u0131lar, kad\u0131nlar mutlu olacak. Onun i\u00e7in hepsine dokunman\u0131z laz\u0131m\u201d dedi.<\/p>\n<p><b>\u201cBURASI B\u0130R REHAB\u0130L\u0130TASYON MERKEZ\u0130\u201d<\/b><\/p>\n<p>Ba\u015fkan B\u00fcy\u00fckak\u0131n, Sayg\u0131nlar Kul\u00fcb\u00fc, Lokomotif \u00c7ocuk K\u00f6y\u00fc ve Akademi Lise projeleri ile toplumun her kesimine hizmet verdiklerinin alt\u0131n\u0131 \u00e7izerek \u015funlar\u0131 s\u00f6yledi: \u201cKO-MEK de uzunca bir s\u00fcredir bu \u015fehirde kad\u0131nlar\u0131m\u0131z i\u00e7in adeta rehabilitasyon, \u015fehre tutunma, hayata yeni yeniden sar\u0131lma, kendini ifade etme merkezi i\u015flevi g\u00f6r\u00fcyor. Di\u011fer yandan da komeksepeti ile ev ekonomilerine katk\u0131 sa\u011fl\u0131yorlar. Bunlarla beraber Anne \u015eehir projesine ba\u015flad\u0131k. Orada bir yandan spor yap\u0131yorlar, bir yandan rehabilitasyon hizmetlerinden yararlan\u0131yorlar. Kad\u0131nlar\u0131m\u0131z mutlu olunca aileler huzur buluyor. Aileleri huzur bulunca topluma huzur geliyor.<\/p>\n<p><b>\u201c500 B\u0130N KADINA ULA\u015eMI\u015eIZ\u201d<\/b><\/p>\n<p>Topyek\u00fbn bir b\u00fct\u00fcnle\u015fik iyile\u015fme projesi hayata ge\u00e7iriyoruz, her kesime dokunuyoruz. KO-MEK kurslar\u0131ndan e\u011fitim alan kad\u0131nlar\u0131n say\u0131s\u0131 1 milyon oldu. Bir ki\u015fi 2 kez kursa gitmi\u015f olsa, 500 bin eder. Yani bu kentteki her 2 kad\u0131ndan birinin yolu KO-MEK\u2019ten ge\u00e7mi\u015f. Kaynaklar\u0131m\u0131z\u0131n \u00e7ok \u00f6nemli bir k\u0131sm\u0131n\u0131 buna ay\u0131r\u0131yoruz. Olsun, bunlar\u0131 yapmaya devam edece\u011fiz. Bunlar\u0131n say\u0131s\u0131 artacak, toplumun dokunulmayan hi\u00e7bir kesimi kalmayacak. \u00c7\u00fcnk\u00fc biz hep Beraber Kocaeli\u2019yiz, biz hep beraber T\u00fcrkiye&#8217;yiz. Birlikte oldu\u011fumuzda g\u00fc\u00e7l\u00fcy\u00fcz. O zaman bu bayrak dalgalanmaya devam edecek. \u00c7ocuklar\u0131m\u0131zdaki bu ruh oldu\u011fu m\u00fcddet\u00e7e, bizler bir ve beraber oldu\u011fumuz m\u00fcddet\u00e7e, bu \u00fclke mutlu bir \u015fekilde yoluna devam edecek.\u201d<\/p>\n<p><b>KURS\u0130YERLER TE\u015eEKK\u00dcR ETT\u0130<\/b><\/p>\n<p>Programda kursiyerler ad\u0131na, ayn\u0131 zamanda komeksepeti \u00fcreticisi olan Alev \u00d6ng\u00f6ren konu\u015ftu. Bu proje sayesinde kad\u0131nlar\u0131n kendilerine g\u00fcvenmeyi \u00f6\u011frendi\u011fini vurgulayan \u00d6ng\u00f6ren, \u201cAma en g\u00fczeli, art\u0131k yaln\u0131z de\u011filiz. Bize bu imkan\u0131 sa\u011flayan, ba\u015fka Ba\u015fkan\u0131m\u0131z Tahir B\u00fcy\u00fckak\u0131n olmak \u00fczere t\u00fcm B\u00fcy\u00fck\u015fehir ailesine te\u015fekk\u00fcr ediyorum. Bir de arkada\u015flar\u0131ma \u00e7a\u011fr\u0131da bulunuyorum. K\u00fc\u00e7\u00fck de olsa ba\u015flas\u0131nlar\u201d dedi.<\/p>\n<p><b>KO-MEK BOH\u00c7ASI TAKD\u0130M ED\u0130LD\u0130<\/b><\/p>\n<p>Konu\u015fmalar\u0131n ard\u0131ndan Ba\u015fkan B\u00fcy\u00fckak\u0131n\u2019a h\u00fcsn-i hat tablosu hediye edildi. Ba\u015fkan B\u00fcy\u00fckak\u0131n da gelenek oldu\u011fu \u00fczere, s\u00f6z konusu tabloyu en yak\u0131n zamanda evlenecek bir kursiyere takdim etti. Daha sonra, geleneksel KO-MEK boh\u00e7as\u0131n\u0131 ni\u015fanl\u0131 kursiyere hediye etti. A\u00e7\u0131l\u0131\u015f kurdelesini kursiyerler ve \u00e7ocuklarla birlikte kesen protokol \u00fcyeleri, sergi alan\u0131n\u0131 gezerek el eme\u011fi g\u00f6z nuru \u00fcr\u00fcnleri inceledi. \u00dcr\u00fcnler hakk\u0131nda bilgi alan Ba\u015fkan B\u00fcy\u00fckak\u0131n, kursiyerleri kutlad\u0131.<\/p>\n<p>\u00a0<\/p>\n<p>\u00a0<\/p>\n<p>\u00a0<\/p>\n<p>Kaynak: (BYZHA) Beyaz Haber Ajans\u0131<\/p>\n","protected":false},"excerpt":{"rendered":"<p>KO-MEK y\u0131l sonu sergilerinin alt\u0131nc\u0131s\u0131 \u0130zmit\u2019te a\u00e7\u0131ld\u0131.<\/p>\n","protected":false},"author":1,"featured_media":13760,"comment_status":"open","ping_status":"open","sticky":false,"template":"","format":"standard","meta":{"footnotes":""},"categories":[20],"tags":[],"class_list":["post-13759","post","type-post","status-publish","format-standard","has-post-thumbnail","hentry","category-kultur-sanat"],"_links":{"self":[{"href":"https:\/\/busondakika.com.tr\/index.php?rest_route=\/wp\/v2\/posts\/13759","targetHints":{"allow":["GET"]}}],"collection":[{"href":"https:\/\/busondakika.com.tr\/index.php?rest_route=\/wp\/v2\/posts"}],"about":[{"href":"https:\/\/busondakika.com.tr\/index.php?rest_route=\/wp\/v2\/types\/post"}],"author":[{"embeddable":true,"href":"https:\/\/busondakika.com.tr\/index.php?rest_route=\/wp\/v2\/users\/1"}],"replies":[{"embeddable":true,"href":"https:\/\/busondakika.com.tr\/index.php?rest_route=%2Fwp%2Fv2%2Fcomments&post=13759"}],"version-history":[{"count":1,"href":"https:\/\/busondakika.com.tr\/index.php?rest_route=\/wp\/v2\/posts\/13759\/revisions"}],"predecessor-version":[{"id":13761,"href":"https:\/\/busondakika.com.tr\/index.php?rest_route=\/wp\/v2\/posts\/13759\/revisions\/13761"}],"wp:featuredmedia":[{"embeddable":true,"href":"https:\/\/busondakika.com.tr\/index.php?rest_route=\/wp\/v2\/media\/13760"}],"wp:attachment":[{"href":"https:\/\/busondakika.com.tr\/index.php?rest_route=%2Fwp%2Fv2%2Fmedia&parent=13759"}],"wp:term":[{"taxonomy":"category","embeddable":true,"href":"https:\/\/busondakika.com.tr\/index.php?rest_route=%2Fwp%2Fv2%2Fcategories&post=13759"},{"taxonomy":"post_tag","embeddable":true,"href":"https:\/\/busondakika.com.tr\/index.php?rest_route=%2Fwp%2Fv2%2Ftags&post=13759"}],"curies":[{"name":"wp","href":"https:\/\/api.w.org\/{rel}","templated":true}]}}