{"id":13768,"date":"2026-04-29T07:20:26","date_gmt":"2026-04-29T07:20:26","guid":{"rendered":"https:\/\/busondakika.com.tr\/?p=13768"},"modified":"2026-04-29T07:20:27","modified_gmt":"2026-04-29T07:20:27","slug":"alevi-bektasi-dernekleri-bornovada-bulustu","status":"publish","type":"post","link":"https:\/\/busondakika.com.tr\/?p=13768","title":{"rendered":"Alevi-Bekta\u015fi dernekleri Bornova\u2019da bulu\u015ftu"},"content":{"rendered":"<p> Bornova Belediyesi\u2019nin ev sahipli\u011finde, Dr. S\u0131rr\u0131 Aydo\u011fan K\u00fclt\u00fcr Merkezi\u2019nde d\u00fczenlenen dayan\u0131\u015fma yeme\u011finde Alevi-Bekta\u015fi dernekleri, sivil toplum temsilcileri ve yurtta\u015flar bir araya geldi. Ortakla\u015fa d\u00fczenlenen etkinlikte yap\u0131lan konu\u015fmalar; demokrasi, laiklik, do\u011fa m\u00fccadelesi ve toplumsal dayan\u0131\u015fma ekseninde g\u00fc\u00e7l\u00fc mesajlar i\u00e7erdi.Etkinlikte konu\u015fan\u00a0Bornova Belediye Ba\u015fkan\u0131\u00a0\u00d6mer E\u015fki, toplumun daha adil ve demokratik bir gelece\u011fe ula\u015fabilmesi i\u00e7in dayan\u0131\u015fman\u0131n g\u00fc\u00e7lendirilmesi ve birlikte hareket edilmesi gerekti\u011fini ifade etti.<\/p>\n<p>Bornova Belediye Ba\u015fkan\u0131 \u00d6mer E\u015fki, toplumsal haf\u0131zan\u0131n ve ortak de\u011ferlerin korunmas\u0131n\u0131n gereklili\u011fine de\u011finerek ge\u00e7mi\u015fte ya\u015fanan ac\u0131lar\u0131n unutulmamas\u0131 gerekti\u011fini, bu t\u00fcr hat\u0131rlamalar\u0131n toplumlar\u0131n gelece\u011fini \u015fekillendirmede \u00f6nemli bir rol oynad\u0131\u011f\u0131n\u0131 belirtti.<\/p>\n<p>E\u015fki, i\u00e7inde bulunulan d\u00f6nemin toplumsal a\u00e7\u0131dan \u00f6nemli bir s\u00fcre\u00e7 oldu\u011funa i\u015faret ederek, bu s\u00fcre\u00e7te bireylerin ve kurumlar\u0131n daha fazla sorumluluk almas\u0131 gerekti\u011fini s\u00f6yledi. Toplumun farkl\u0131 kesimlerinin ortak de\u011ferler etraf\u0131nda bir araya gelmesinin, daha adil, demokratik ve \u00f6zg\u00fcr bir gelecek i\u00e7in gerekli oldu\u011funu ifade etti. Bu noktada sivil toplum kurulu\u015flar\u0131n\u0131n, yerel y\u00f6netimlerin ve yurtta\u015flar\u0131n birlikte hareket etmesinin \u00f6nemine dikkat \u00e7ekti.<\/p>\n<p>Birlikte hareket etmenin ve dayan\u0131\u015fman\u0131n alt\u0131n\u0131 \u00e7izen Ba\u015fkan E\u015fki, insanlar\u0131n birbirine destek oldu\u011fu, sesini duyurabildi\u011fi ve ortak hedefler do\u011frultusunda ilerleyebildi\u011fi bir toplumsal yap\u0131n\u0131n g\u00fc\u00e7lenece\u011fini belirtti. \u0130ktidar hedefinin de alt\u0131n\u0131 \u00e7izen E\u015fki,herkesin katk\u0131 sundu\u011fu bir m\u00fccadele anlay\u0131\u015f\u0131n\u0131n, daha kapsay\u0131c\u0131 ve s\u00fcrd\u00fcr\u00fclebilir sonu\u00e7lar do\u011furaca\u011f\u0131n\u0131 dile getirdi.<\/p>\n<p><b>\u201cBirlikte m\u00fccadele etmek zorunday\u0131z\u201d<\/b><\/p>\n<p>Alevi Bekta\u015fi Federasyonu Ba\u015fkan\u0131 Mustafa Arslan konu\u015fmas\u0131nda dayan\u0131\u015fma gecelerinin anlam\u0131na dikkat \u00e7ekerek, bu bulu\u015fmalar\u0131n sadece sosyal etkinlikler olmad\u0131\u011f\u0131n\u0131 vurgulad\u0131. T\u00fcrkiye\u2019de e\u011fitimden do\u011fa talan\u0131na kadar bir\u00e7ok alanda ciddi sorunlar ya\u015fand\u0131\u011f\u0131n\u0131 ifade eden Arslan, \u00f6zellikle laik ve bilimsel e\u011fitimden uzakla\u015f\u0131ld\u0131\u011f\u0131n\u0131 dile getirdi.\u00a0Arslan, farkl\u0131 kimliklerin bir arada ya\u015famas\u0131n\u0131n \u00f6nemine de\u011finerek \u015fu \u00e7a\u011fr\u0131y\u0131 yapt\u0131: \u201c\u0130nk\u00e2rc\u0131 ve tek\u00e7i anlay\u0131\u015fa kar\u015f\u0131 \u00e7ok dilli, \u00e7ok kimlikli bir ya\u015fam\u0131 birlikte in\u015fa etmek zorunday\u0131z. M\u00fccadele sadece s\u00f6zle de\u011fil, hayat\u0131n her alan\u0131nda verilmelidir.\u201d<\/p>\n<p><b>\u201cAyn\u0131 sofrada, ayn\u0131 m\u00fccadelede\u201d<\/b><\/p>\n<p>Pir Sultan Abdal K\u00fclt\u00fcr Derne\u011fi Ba\u015fkan\u0131 Bar\u0131\u015f \u00c7elik ise etkinli\u011fin simgesel anlam\u0131na dikkat \u00e7ekti. Bu bulu\u015fman\u0131n yaln\u0131zca bir yemek organizasyonu olmad\u0131\u011f\u0131n\u0131 belirten \u00c7elik, birlik ve dayan\u0131\u015fma iradesinin alt\u0131n\u0131 \u00e7izdi. Do\u011fa talan\u0131na kar\u015f\u0131 verilen m\u00fccadeleye de\u011finen \u00c7elik, Akbelen\u2019den Dersim\u2019e uzanan direni\u015flerin ortak oldu\u011funu ifade etti. Ayr\u0131ca siyasi tutuklular\u0131n \u00f6zg\u00fcrl\u00fc\u011f\u00fcne kadar m\u00fccadelenin s\u00fcrece\u011fini belirterek, \u201cBirle\u015fe birle\u015fe kazanaca\u011f\u0131z\u201d mesaj\u0131n\u0131 verdi.<\/p>\n<p><b>\u00a0\u201cDo\u011fa, kad\u0131n ve gen\u00e7lik: \u00dc\u00e7 b\u00fcy\u00fck yara\u201d<\/b><\/p>\n<p>Dersimliler Derne\u011fi ad\u0131na konu\u015fan Bahar G\u00fcrsul, do\u011fa tahribat\u0131, kad\u0131n cinayetleri ve gen\u00e7lerin geleceksizli\u011fi konular\u0131na dikkat \u00e7ekti.Dersim\u2019in yaln\u0131zca bir co\u011frafya de\u011fil, bir k\u00fclt\u00fcr ve inan\u00e7 alan\u0131 oldu\u011funu vurgulayan G\u00fcrsul, do\u011faya y\u00f6nelik sald\u0131r\u0131lar\u0131n ayn\u0131 zamanda toplumsal haf\u0131zaya da y\u00f6neldi\u011fini ifade etti. Kad\u0131n cinayetlerinin toplumun en b\u00fcy\u00fck yaralar\u0131ndan biri oldu\u011funu belirterek, \u201cKad\u0131na y\u00f6nelen \u015fiddet insanl\u0131\u011fa y\u00f6nelmi\u015ftir\u201d dedi. Gen\u00e7lerin umutsuzlu\u011funa da de\u011finen G\u00fcrsul, mevcut e\u011fitim sisteminin sorgulamayan bireyler yeti\u015ftirdi\u011fini belirterek \u015fu s\u00f6zlerle konu\u015fmas\u0131n\u0131 tamamlad\u0131: \u201cNe de olsa k\u0131\u015f\u0131n sonu bahard\u0131r. Umudu b\u00fcy\u00fctmeye devam edece\u011fiz.\u201d<\/p>\n<p><b>\u201cBirlik ve karde\u015flik vurgusu\u201d<\/b><\/p>\n<p>Dersimliler Derne\u011fi Bornova \u015eube Ba\u015fkan\u0131 Fethi Duman ise konu\u015fmas\u0131nda kat\u0131l\u0131mc\u0131lara ve ev sahibi Bornova Belediyesi\u2019ne te\u015fekk\u00fcr ederek dayan\u0131\u015fma, birlik ve karde\u015flik mesaj\u0131 verdi.<\/p>\n<p>\u00a0<\/p>\n<p>\u00a0<\/p>\n<p>Kaynak: (BYZHA) Beyaz Haber Ajans\u0131<\/p>\n","protected":false},"excerpt":{"rendered":"<p>Bornova Belediyesi\u2019nin ev sahipli\u011finde, Dr.<\/p>\n","protected":false},"author":1,"featured_media":13769,"comment_status":"open","ping_status":"open","sticky":false,"template":"","format":"standard","meta":{"footnotes":""},"categories":[21],"tags":[],"class_list":["post-13768","post","type-post","status-publish","format-standard","has-post-thumbnail","hentry","category-gundem"],"_links":{"self":[{"href":"https:\/\/busondakika.com.tr\/index.php?rest_route=\/wp\/v2\/posts\/13768","targetHints":{"allow":["GET"]}}],"collection":[{"href":"https:\/\/busondakika.com.tr\/index.php?rest_route=\/wp\/v2\/posts"}],"about":[{"href":"https:\/\/busondakika.com.tr\/index.php?rest_route=\/wp\/v2\/types\/post"}],"author":[{"embeddable":true,"href":"https:\/\/busondakika.com.tr\/index.php?rest_route=\/wp\/v2\/users\/1"}],"replies":[{"embeddable":true,"href":"https:\/\/busondakika.com.tr\/index.php?rest_route=%2Fwp%2Fv2%2Fcomments&post=13768"}],"version-history":[{"count":1,"href":"https:\/\/busondakika.com.tr\/index.php?rest_route=\/wp\/v2\/posts\/13768\/revisions"}],"predecessor-version":[{"id":13770,"href":"https:\/\/busondakika.com.tr\/index.php?rest_route=\/wp\/v2\/posts\/13768\/revisions\/13770"}],"wp:featuredmedia":[{"embeddable":true,"href":"https:\/\/busondakika.com.tr\/index.php?rest_route=\/wp\/v2\/media\/13769"}],"wp:attachment":[{"href":"https:\/\/busondakika.com.tr\/index.php?rest_route=%2Fwp%2Fv2%2Fmedia&parent=13768"}],"wp:term":[{"taxonomy":"category","embeddable":true,"href":"https:\/\/busondakika.com.tr\/index.php?rest_route=%2Fwp%2Fv2%2Fcategories&post=13768"},{"taxonomy":"post_tag","embeddable":true,"href":"https:\/\/busondakika.com.tr\/index.php?rest_route=%2Fwp%2Fv2%2Ftags&post=13768"}],"curies":[{"name":"wp","href":"https:\/\/api.w.org\/{rel}","templated":true}]}}