{"id":13774,"date":"2026-04-29T07:20:28","date_gmt":"2026-04-29T07:20:28","guid":{"rendered":"https:\/\/busondakika.com.tr\/?p=13774"},"modified":"2026-04-29T07:20:29","modified_gmt":"2026-04-29T07:20:29","slug":"baskan-deveciler-sahadaki-calismalari-inceledi","status":"publish","type":"post","link":"https:\/\/busondakika.com.tr\/?p=13774","title":{"rendered":"Ba\u015fkan Deveciler Sahadaki \u00c7al\u0131\u015fmalar\u0131 \u0130nceledi"},"content":{"rendered":"<p> Burhaniye Belediyesi Fen \u0130\u015fleri M\u00fcd\u00fcrl\u00fc\u011f\u00fc ekipleri, il\u00e7e genelinde dokuz ayr\u0131 mahallede e\u015f zamanl\u0131 olarak program dahilinde bak\u0131m, onar\u0131m ve yap\u0131m \u00e7al\u0131\u015fmalar\u0131n\u0131 aral\u0131ks\u0131z s\u00fcrd\u00fcr\u00fcyor.<br \/>Burhaniye Belediye Ba\u015fkan\u0131 Ali Kemal Deveciler, sahada yap\u0131lan \u00e7al\u0131\u015fmalar\u0131 yerinde inceledi.<br \/>\u00c7al\u0131\u015fmalar kapsam\u0131nda, \u0130skele Mahallesi\u2019nde Mercan Caddesi ile Ayhan \u00d6zerdem Caddesi\u2019nde parke ta\u015f tamirat\u0131 ger\u00e7ekle\u015ftirilirken, \u00d6\u011fretmenler Mahallesi Turgut Caddesi\u2019nde parke ta\u015f tamirat\u0131 \u00e7al\u0131\u015fmalar\u0131 s\u00fcrd\u00fcr\u00fcl\u00fcyor. Kocacami Mahallesi Erdem Caddesi ile Geri\u015f Mahallesi Vardar Sokak\u2019ta parke ta\u015f tamirat\u0131 yap\u0131l\u0131rken; Bahad\u0131nl\u0131, Pelitk\u00f6y ve H\u00fcrriyet Mahallelerinde de parke ta\u015f tamirat\u0131 \u00e7al\u0131\u015fmalar\u0131 devam ediyor. Bah\u00e7elievler Mahallesi 2830. Cadde ve 2788. Sokak\u2019ta asfalt yama \u00e7al\u0131\u015fmalar\u0131 ger\u00e7ekle\u015ftirilirken, \u00d6ren Mahallesi Alt\u0131nyol Caddesi\u2019nde tretuvar yap\u0131m\u0131 s\u00fcr\u00fcyor.\u00a0<br \/>\u00d6ten yandan, \u00d6\u011fretmenler Mahallesi plaj b\u00f6lgesinde ta\u015f duvar imalat\u0131 devam ederken, Geri\u015f Mahallesi Bardak\u00e7\u0131lar Caddesi\u2019nde ya\u011fmur suyu menfez yap\u0131m \u00e7al\u0131\u015fmalar\u0131 da ekipler taraf\u0131ndan titizlikle y\u00fcr\u00fct\u00fcl\u00fcyor. Pelitk\u00f6y Mahallesi sahil mevkiinde ve Kovukdere Caddesi&#8217;nde yol bak\u0131m ve onar\u0131m \u00e7al\u0131\u015fmalar\u0131 s\u00fcrerken, Ahmet Ak\u0131n K\u00fclt\u00fcr Merkezi\u2019nde konferans salonuna y\u00f6nelik \u00e7al\u0131\u015fmalar da h\u0131z kesmeden devam ediyor.\u00a0<br \/>Y\u00fcr\u00fct\u00fclen \u00e7al\u0131\u015fmalar\u0131 yerinde takip eden Burhaniye Belediye Ba\u015fkan\u0131 Ali Kemal Deveciler s\u0131k s\u0131k ger\u00e7ekle\u015ftirdi\u011fi saha ziyaretleri esnas\u0131nda a\u00e7\u0131klamalarda bulunarak, \u201c\u0130l\u00e7emizin dokuz ayr\u0131 mahallesinde e\u015f zamanl\u0131 olarak ihtiya\u00e7 duyulan noktalarda planl\u0131 ve programl\u0131 \u015fekilde \u00e7al\u0131\u015fmalar\u0131m\u0131z\u0131 s\u00fcrd\u00fcr\u00fcyoruz. Ekiplerimiz sahada b\u00fcy\u00fck bir \u00f6zveriyle g\u00f6rev yap\u0131yor. Ula\u015f\u0131m konforunu art\u0131rmak ad\u0131na t\u00fcm mahallelerimizde ihtiya\u00e7lar\u0131 \u00f6ncelik s\u0131ras\u0131na g\u00f6re ele al\u0131yoruz. Vatanda\u015flar\u0131m\u0131zdan gelen talepleri de dikkate alarak hizmetlerimizi e\u015fit \u015fekilde kesintisiz s\u00fcrd\u00fcr\u00fcyoruz. Amac\u0131m\u0131z, Burhaniye&#8217;mizde ya\u015fayan t\u00fcm hem\u015fehrilerimizin daha g\u00fcvenli, d\u00fczenli ve konforlu bir ya\u015fam alan\u0131na kavu\u015fmas\u0131n\u0131 sa\u011flamak\u201d dedi.<\/p>\n<p>\u00a0<\/p>\n<p>Kaynak: (BYZHA) Beyaz Haber Ajans\u0131<\/p>\n","protected":false},"excerpt":{"rendered":"<p>Burhaniye Belediyesi Fen \u0130\u015fleri M\u00fcd\u00fcrl\u00fc\u011f\u00fc ekipleri, il\u00e7e genelinde dokuz ayr\u0131 mahallede e\u015f zamanl\u0131 olarak program dahilinde bak\u0131m, onar\u0131m ve yap\u0131m \u00e7al\u0131\u015fmalar\u0131n\u0131 aral\u0131ks\u0131z s\u00fcrd\u00fcr\u00fcyor.<\/p>\n","protected":false},"author":1,"featured_media":13775,"comment_status":"open","ping_status":"open","sticky":false,"template":"","format":"standard","meta":{"footnotes":""},"categories":[21],"tags":[],"class_list":["post-13774","post","type-post","status-publish","format-standard","has-post-thumbnail","hentry","category-gundem"],"_links":{"self":[{"href":"https:\/\/busondakika.com.tr\/index.php?rest_route=\/wp\/v2\/posts\/13774","targetHints":{"allow":["GET"]}}],"collection":[{"href":"https:\/\/busondakika.com.tr\/index.php?rest_route=\/wp\/v2\/posts"}],"about":[{"href":"https:\/\/busondakika.com.tr\/index.php?rest_route=\/wp\/v2\/types\/post"}],"author":[{"embeddable":true,"href":"https:\/\/busondakika.com.tr\/index.php?rest_route=\/wp\/v2\/users\/1"}],"replies":[{"embeddable":true,"href":"https:\/\/busondakika.com.tr\/index.php?rest_route=%2Fwp%2Fv2%2Fcomments&post=13774"}],"version-history":[{"count":1,"href":"https:\/\/busondakika.com.tr\/index.php?rest_route=\/wp\/v2\/posts\/13774\/revisions"}],"predecessor-version":[{"id":13776,"href":"https:\/\/busondakika.com.tr\/index.php?rest_route=\/wp\/v2\/posts\/13774\/revisions\/13776"}],"wp:featuredmedia":[{"embeddable":true,"href":"https:\/\/busondakika.com.tr\/index.php?rest_route=\/wp\/v2\/media\/13775"}],"wp:attachment":[{"href":"https:\/\/busondakika.com.tr\/index.php?rest_route=%2Fwp%2Fv2%2Fmedia&parent=13774"}],"wp:term":[{"taxonomy":"category","embeddable":true,"href":"https:\/\/busondakika.com.tr\/index.php?rest_route=%2Fwp%2Fv2%2Fcategories&post=13774"},{"taxonomy":"post_tag","embeddable":true,"href":"https:\/\/busondakika.com.tr\/index.php?rest_route=%2Fwp%2Fv2%2Ftags&post=13774"}],"curies":[{"name":"wp","href":"https:\/\/api.w.org\/{rel}","templated":true}]}}