{"id":13777,"date":"2026-04-29T07:20:30","date_gmt":"2026-04-29T07:20:30","guid":{"rendered":"https:\/\/busondakika.com.tr\/?p=13777"},"modified":"2026-04-29T07:20:30","modified_gmt":"2026-04-29T07:20:30","slug":"kocaeli-buyuksehir-belediyesi-golkayparktaki-goleti-temizledi","status":"publish","type":"post","link":"https:\/\/busondakika.com.tr\/?p=13777","title":{"rendered":"Kocaeli B\u00fcy\u00fck\u015fehir Belediyesi, G\u00f6lkaypark\u2019taki g\u00f6leti temizledi"},"content":{"rendered":"<p> Kocaeli B\u00fcy\u00fck\u015fehir Belediyesi, \u0130zmit K\u00f6rfezi ba\u015fta olmak \u00fczere ilimizdeki sulak alanlar\u0131n korunmas\u0131 ve temizli\u011fine y\u00f6nelik \u00e7al\u0131\u015fmalar\u0131na b\u00fcy\u00fck bir titizlikle devam ediyor. Bu kapsamda, \u0130zmit Sepet\u00e7i Mahallesi\u2019nde bulunan G\u00f6lkaypark\u2019taki B\u0131\u00e7k\u0131dere G\u00f6leti \u00f6zel amfibi ara\u00e7lar ile temizlendi.<\/p>\n<p><b>G\u00d6LKAYPARK\u2019TA DO\u011eAYA NEFES ALDIRAN TEM\u0130ZL\u0130K<\/b><\/p>\n<p>Kocaeli B\u00fcy\u00fck\u015fehir Belediyesi, ba\u015fta \u0130zmit K\u00f6rfezi olmak \u00fczere il genelindeki g\u00f6l, g\u00f6let ve akarsular\u0131n korunmas\u0131 ve temiz tutulmas\u0131na b\u00fcy\u00fck \u00f6nem veriyor. Bu do\u011frultuda \u00e7al\u0131\u015fmalar\u0131n\u0131 titizlikle s\u00fcrd\u00fcren belediye ekipleri, \u00e7evre sa\u011fl\u0131\u011f\u0131n\u0131 korumaya y\u00f6nelik faaliyetlerine aral\u0131ks\u0131z devam ediyor. Kocaeli B\u00fcy\u00fck\u015fehir Belediyesi \u00c7evre Koruma ve Kontrol Dairesi Ba\u015fkanl\u0131\u011f\u0131\u2019na ba\u011fl\u0131 ekipler, son olarak \u0130zmit Sepet\u00e7i Mahallesi\u2019nde yer alan G\u00f6lkaypark\u2019taki B\u0131\u00e7k\u0131dere G\u00f6leti\u2019nde \u00e7\u00f6p ve bitkisel at\u0131k temizli\u011fi yapt\u0131.<\/p>\n<p><b>TOPLAM 40 HEKTAR ALAN TEM\u0130ZLEND\u0130<\/b><\/p>\n<p>G\u00f6lkaypark\u2019ta 3 g\u00fcn s\u00fcren \u00e7al\u0131\u015fmalar kapsam\u0131nda, \u00f6zel amfibi ara\u00e7lar kullan\u0131larak hem su y\u00fczeyinde hem de g\u00f6let k\u0131y\u0131s\u0131nda kapsaml\u0131 bir temizlik ger\u00e7ekle\u015ftirildi. Toplam 40 hektarl\u0131k alan\u0131 ve 2 bin 988 metre \u00e7evre uzunlu\u011funu kapsayan g\u00f6lette y\u00fcr\u00fct\u00fclen \u00e7al\u0131\u015fmalar sonucunda 15 metrek\u00fcp \u00e7al\u0131, \u00e7\u00fcr\u00fcm\u00fc\u015f bitki \u00f6rt\u00fcs\u00fc ve \u00e7e\u015fitli at\u0131k ortamdan uzakla\u015ft\u0131r\u0131ld\u0131. Bu sayede temizlenen G\u00f6lkaypark, daha d\u00fczenli ve temiz bir g\u00f6r\u00fcn\u00fcm kazand\u0131.<\/p>\n<p>\u00a0<\/p>\n<p>Kaynak: (BYZHA) Beyaz Haber Ajans\u0131<\/p>\n","protected":false},"excerpt":{"rendered":"<p>Kocaeli B\u00fcy\u00fck\u015fehir Belediyesi, \u0130zmit K\u00f6rfezi ba\u015fta olmak \u00fczere ilimizdeki sulak alanlar\u0131n korunmas\u0131 ve temizli\u011fine y\u00f6nelik \u00e7al\u0131\u015fmalar\u0131na b\u00fcy\u00fck bir titizlikle devam ediyor.<\/p>\n","protected":false},"author":1,"featured_media":13778,"comment_status":"open","ping_status":"open","sticky":false,"template":"","format":"standard","meta":{"footnotes":""},"categories":[21],"tags":[],"class_list":["post-13777","post","type-post","status-publish","format-standard","has-post-thumbnail","hentry","category-gundem"],"_links":{"self":[{"href":"https:\/\/busondakika.com.tr\/index.php?rest_route=\/wp\/v2\/posts\/13777","targetHints":{"allow":["GET"]}}],"collection":[{"href":"https:\/\/busondakika.com.tr\/index.php?rest_route=\/wp\/v2\/posts"}],"about":[{"href":"https:\/\/busondakika.com.tr\/index.php?rest_route=\/wp\/v2\/types\/post"}],"author":[{"embeddable":true,"href":"https:\/\/busondakika.com.tr\/index.php?rest_route=\/wp\/v2\/users\/1"}],"replies":[{"embeddable":true,"href":"https:\/\/busondakika.com.tr\/index.php?rest_route=%2Fwp%2Fv2%2Fcomments&post=13777"}],"version-history":[{"count":1,"href":"https:\/\/busondakika.com.tr\/index.php?rest_route=\/wp\/v2\/posts\/13777\/revisions"}],"predecessor-version":[{"id":13779,"href":"https:\/\/busondakika.com.tr\/index.php?rest_route=\/wp\/v2\/posts\/13777\/revisions\/13779"}],"wp:featuredmedia":[{"embeddable":true,"href":"https:\/\/busondakika.com.tr\/index.php?rest_route=\/wp\/v2\/media\/13778"}],"wp:attachment":[{"href":"https:\/\/busondakika.com.tr\/index.php?rest_route=%2Fwp%2Fv2%2Fmedia&parent=13777"}],"wp:term":[{"taxonomy":"category","embeddable":true,"href":"https:\/\/busondakika.com.tr\/index.php?rest_route=%2Fwp%2Fv2%2Fcategories&post=13777"},{"taxonomy":"post_tag","embeddable":true,"href":"https:\/\/busondakika.com.tr\/index.php?rest_route=%2Fwp%2Fv2%2Ftags&post=13777"}],"curies":[{"name":"wp","href":"https:\/\/api.w.org\/{rel}","templated":true}]}}