{"id":13786,"date":"2026-04-29T07:29:18","date_gmt":"2026-04-29T07:29:18","guid":{"rendered":"https:\/\/busondakika.com.tr\/?p=13786"},"modified":"2026-04-29T07:29:19","modified_gmt":"2026-04-29T07:29:19","slug":"maltepenin-tarihi-mirasi-feyzullah-efendi-cesmesi-yenileniyor","status":"publish","type":"post","link":"https:\/\/busondakika.com.tr\/?p=13786","title":{"rendered":"Maltepe\u2019nin tarihi miras\u0131 \u201cFeyzullah Efendi \u00c7e\u015fmesi\u201d yenileniyor"},"content":{"rendered":"<p> Maltepe\u2019nin sembol yap\u0131lar\u0131ndan biri olan tarihi Feyzullah Efendi \u00c7e\u015fmesi, \u0130stanbul B\u00fcy\u00fck\u015fehir Belediyesi ve Maltepe Belediyesi i\u015f birli\u011fiyle restore ediliyor.<\/p>\n<p>\u0130stanbul B\u00fcy\u00fck\u015fehir Belediyesi (\u0130BB) ve Maltepe Belediyesi i\u015f birli\u011fiyle, il\u00e7enin tarihi miraslar\u0131ndan olan ve 1728 y\u0131l\u0131nda in\u015fa edilen Feyzullah Efendi \u00c7e\u015fmesi yenileniyor. 18. y\u00fczy\u0131ldan g\u00fcn\u00fcm\u00fcze ula\u015fan ve b\u00f6lgenin haf\u0131zas\u0131nda \u00f6nemli bir yer tutan Feyzullah Efendi \u00c7e\u015fmesi\u2019nde y\u00fcr\u00fct\u00fclen \u00e7al\u0131\u015fmalar, yap\u0131n\u0131n tarihi dokusuna sad\u0131k kal\u0131narak titizlikle ger\u00e7ekle\u015ftiriliyor.<\/p>\n<p><b>BA\u015eKAN K\u00d6YMEN \u00c7ALI\u015eMALARI YER\u0130NDE \u0130NCELED\u0130<\/b><\/p>\n<p>\u0130BB Miras ekipleri taraf\u0131ndan y\u00fcr\u00fct\u00fclen restorasyon kapsam\u0131nda \u00e7e\u015fmenin bak\u0131m onar\u0131m\u0131, kitabelerinin alt\u0131n varakla yaz\u0131m\u0131n\u0131n ger\u00e7ekle\u015ftirilmesi ve su ba\u011flant\u0131lar\u0131 yap\u0131ld\u0131. Maltepe Belediye Ba\u015fkan\u0131 Mimar Esin K\u00f6ymen de \u00e7e\u015fmede y\u00fcr\u00fct\u00fclen \u00e7al\u0131\u015fmalar\u0131 yerinde inceleyerek yetkililerden bilgi ald\u0131. Maltepe\u2019nin tarihi ve k\u00fclt\u00fcrel eserlerini korumak i\u00e7in \u00e7al\u0131\u015fmalar\u0131n devam edece\u011fini belirten Ba\u015fkan K\u00f6ymen, \u201c\u0130BB Miras ekiplerimizin \u00e7al\u0131\u015fmalar\u0131yla bu k\u0131ymetli miras\u0131, tarihi dokusunu koruyarak ger\u00e7ekle\u015ftirilen bak\u0131m ve onar\u0131m \u00e7al\u0131\u015fmalar\u0131yla yeniden kent ya\u015fam\u0131na kazand\u0131r\u0131yoruz. Ge\u00e7mi\u015fimizin izlerini gelece\u011fe ta\u015f\u0131maya, k\u00fclt\u00fcrel miras\u0131m\u0131za sahip \u00e7\u0131kmaya devam edece\u011fiz. Eme\u011fi ge\u00e7en t\u00fcm \u0130BB Miras ekibine ve \u00e7al\u0131\u015fma arkada\u015flar\u0131m\u0131za te\u015fekk\u00fcr ediyorum\u201d diye konu\u015ftu.\u00a0<\/p>\n<p>\u00a0<\/p>\n<p>\u00a0<\/p>\n<p>Kaynak: (BYZHA) Beyaz Haber Ajans\u0131<\/p>\n","protected":false},"excerpt":{"rendered":"<p>Maltepe\u2019nin sembol yap\u0131lar\u0131ndan biri olan tarihi Feyzullah Efendi \u00c7e\u015fmesi, \u0130stanbul B\u00fcy\u00fck\u015fehir Belediyesi ve Maltepe Belediyesi i\u015f birli\u011fiyle restore ediliyor.<\/p>\n","protected":false},"author":1,"featured_media":13787,"comment_status":"open","ping_status":"open","sticky":false,"template":"","format":"standard","meta":{"footnotes":""},"categories":[21],"tags":[],"class_list":["post-13786","post","type-post","status-publish","format-standard","has-post-thumbnail","hentry","category-gundem"],"_links":{"self":[{"href":"https:\/\/busondakika.com.tr\/index.php?rest_route=\/wp\/v2\/posts\/13786","targetHints":{"allow":["GET"]}}],"collection":[{"href":"https:\/\/busondakika.com.tr\/index.php?rest_route=\/wp\/v2\/posts"}],"about":[{"href":"https:\/\/busondakika.com.tr\/index.php?rest_route=\/wp\/v2\/types\/post"}],"author":[{"embeddable":true,"href":"https:\/\/busondakika.com.tr\/index.php?rest_route=\/wp\/v2\/users\/1"}],"replies":[{"embeddable":true,"href":"https:\/\/busondakika.com.tr\/index.php?rest_route=%2Fwp%2Fv2%2Fcomments&post=13786"}],"version-history":[{"count":1,"href":"https:\/\/busondakika.com.tr\/index.php?rest_route=\/wp\/v2\/posts\/13786\/revisions"}],"predecessor-version":[{"id":13788,"href":"https:\/\/busondakika.com.tr\/index.php?rest_route=\/wp\/v2\/posts\/13786\/revisions\/13788"}],"wp:featuredmedia":[{"embeddable":true,"href":"https:\/\/busondakika.com.tr\/index.php?rest_route=\/wp\/v2\/media\/13787"}],"wp:attachment":[{"href":"https:\/\/busondakika.com.tr\/index.php?rest_route=%2Fwp%2Fv2%2Fmedia&parent=13786"}],"wp:term":[{"taxonomy":"category","embeddable":true,"href":"https:\/\/busondakika.com.tr\/index.php?rest_route=%2Fwp%2Fv2%2Fcategories&post=13786"},{"taxonomy":"post_tag","embeddable":true,"href":"https:\/\/busondakika.com.tr\/index.php?rest_route=%2Fwp%2Fv2%2Ftags&post=13786"}],"curies":[{"name":"wp","href":"https:\/\/api.w.org\/{rel}","templated":true}]}}