{"id":13801,"date":"2026-04-29T07:57:56","date_gmt":"2026-04-29T07:57:56","guid":{"rendered":"https:\/\/busondakika.com.tr\/?p=13801"},"modified":"2026-04-29T07:57:57","modified_gmt":"2026-04-29T07:57:57","slug":"balkan-ve-rumeli-dernekleri-konakta-bulustu-birlik-ve-dayanisma-vurgusu","status":"publish","type":"post","link":"https:\/\/busondakika.com.tr\/?p=13801","title":{"rendered":"Balkan ve Rumeli dernekleri Konak\u2019ta bulu\u015ftu: Birlik ve dayan\u0131\u015fma vurgusu"},"content":{"rendered":"<p> <b>Cumhuriyet Halk Partisi Genel Ba\u015fkan Yard\u0131mc\u0131s\u0131 Bihlun Tamayl\u0131gil\u2019in kat\u0131l\u0131m\u0131yla d\u00fczenlenen Rumeli, Balkan ve Ada T\u00fcrkleri Dernekleri Bulu\u015fmas\u0131 Konak\u2019ta yo\u011fun kat\u0131l\u0131mla ger\u00e7ekle\u015fti. \u0130zmir Milletvekili Y\u00fccel, \u0130l Ba\u015fkan\u0131 G\u00fc\u00e7, Konak Belediye Ba\u015fkan\u0131 Mutlu ve \u0130l\u00e7e Ba\u015fkan\u0131 Kalmaz\u2019\u0131n da yer ald\u0131\u011f\u0131 toplant\u0131da birlik ve dayan\u0131\u015fma mesajlar\u0131 \u00f6ne \u00e7\u0131kt\u0131.<\/b><\/p>\n<p>Konak Belediye Ba\u015fkan\u0131 Nil\u00fcfer \u00c7\u0131narl\u0131 Mutlu, Cumhuriyet Halk Partisi Genel Ba\u015fkan Yard\u0131mc\u0131s\u0131 Bihlun Tamayl\u0131gil\u2019in kat\u0131l\u0131m\u0131yla ger\u00e7ekle\u015fen Rumeli, Balkan ve Ada T\u00fcrkleri Dernekleri Bulu\u015fmas\u0131\u2019na kat\u0131ld\u0131. \u0130zmir \u0130l Ba\u015fkanl\u0131\u011f\u0131 taraf\u0131ndan Alsancak\u2019taki T\u00fcrkan Saylan K\u00fclt\u00fcr Merkezi\u2019nde d\u00fczenlenen bulu\u015fmaya, Genel Ba\u015fkan Yard\u0131mc\u0131s\u0131 Tamayl\u0131gil ve Ba\u015fkan Mutlu\u2019nun yan\u0131 s\u0131ra PM \u00dcyesi ve \u0130zmir Milletvekili Deniz Y\u00fccel, \u0130l Ba\u015fkan\u0131 \u00c7a\u011fatay G\u00fc\u00e7, \u0130l\u00e7e Ba\u015fkan\u0131 Serkan Kalmaz, Ge\u00e7mi\u015f D\u00f6nem \u0130zmir Milletvekili Sabri Erg\u00fcl, il ve il\u00e7e y\u00f6neticileri, meclis \u00fcyeleri, ge\u00e7mi\u015f d\u00f6nem il\u00e7e ba\u015fkanlar\u0131, partililer, Rumeli ve Balkan derneklerinin temsilcileri ile muhtarlar kat\u0131ld\u0131. Birlik ve dayan\u0131\u015fma vurgusunun \u00f6n plana \u00e7\u0131kt\u0131\u011f\u0131 toplant\u0131, talep ve g\u00f6r\u00fc\u015flerin dinlenmesinin ard\u0131ndan hat\u0131ra foto\u011fraf\u0131 \u00e7ekilmesiyle son buldu.<\/p>\n<p><b>Tamayl\u0131gil: Nil\u00fcfer Ba\u015fkan\u0131m\u0131n ba\u015far\u0131lar\u0131 gurur kayna\u011f\u0131m\u0131z<\/b><\/p>\n<p>Kat\u0131l\u0131mc\u0131lar\u0131n g\u00fc\u00e7l\u00fc alk\u0131\u015flar\u0131 e\u015fli\u011finde konu\u015fmas\u0131na ba\u015flayan Cumhuriyet Halk Partisi Genel Ba\u015fkan Yard\u0131mc\u0131s\u0131 Bihlun Tamayl\u0131gil, \u201cCumhuriyet Halk Partisi, \u00fclkemizin kurucusu ve kurtulu\u015fun mimar\u0131 Mustafa Kemal Atat\u00fcrk\u2019\u00fcn partisi. Ne mutlu ki onun hem\u015fehrisiyiz ve sonuna kadar onun ruhuyla m\u00fccadeleye devam edece\u011fiz. Birileri ne yapmaya \u00e7al\u0131\u015f\u0131rsa \u00e7al\u0131\u015fs\u0131n Atam\u0131z\u0131n ne izini ne de ismini silebilir. Cumhuriyet Halk Partisi\u2019nin genel ba\u015fkan\u0131 da Makedonyal\u0131, bir Balkan g\u00f6\u00e7meni. Birlikte toplant\u0131lara kat\u0131l\u0131yoruz, \u2018Akrabalar\u0131m, karde\u015flerim ben geldim\u2019 diyerek s\u00f6ze ba\u015fl\u0131yor. \u00c7ok \u015fansl\u0131y\u0131m; partimin kurucusu da genel ba\u015fkan\u0131 da Balkanl\u0131. Anneannem \u00e7ocukken bize masal yerine nas\u0131l geldiklerini anlat\u0131rd\u0131 ve g\u00f6\u00e7 yolundaki ac\u0131lar\u0131n nas\u0131l burada g\u00f6zya\u015f\u0131 ile beraber berekete d\u00f6nd\u00fc\u011f\u00fcn\u00fc onlarla ya\u015fad\u0131k. Biz kendimize inan\u0131yoruz ama en \u00e7ok da size inan\u0131yoruz. T\u00fcrkiye\u2019yi bug\u00fcnk\u00fc kara talihinden \u00e7evirmemiz, sizlerin deste\u011fi ve beraber \u00e7al\u0131\u015fmam\u0131zla olacak. Biz hi\u00e7bir zaman g\u00f6\u00e7men diye tabir edilecek bir s\u0131fatta olmad\u0131k. Biz T\u00fcrkiye\u2019nin kurucu unsurlar\u0131y\u0131z, sevdal\u0131s\u0131y\u0131z. Sizlerle bir araya gelmekten b\u00fcy\u00fck mutluluk duydum, umar\u0131m en k\u0131sa zamanda tekrar bulu\u015furuz. Bir k\u0131z karde\u015fim burada, Konak\u2019\u0131n ba\u015f\u0131nda. Onun ba\u015far\u0131lar\u0131 her zaman gurur kayna\u011f\u0131m\u0131z olmaya devam edecek\u201d dedi.<\/p>\n<p><b>Y\u00fccel: Balkan ve Rumeli k\u00f6kenli karde\u015flerimizin k\u0131rm\u0131z\u0131 \u00e7izgileri Atat\u00fcrk\u2019t\u00fcr<\/b><\/p>\n<p>\u201cBalkan g\u00f6\u00e7meni, Makedonya g\u00f6\u00e7meni bir ailenin ferdi olarak bug\u00fcn aran\u0131za kat\u0131ld\u0131m\u201d diyen CHP PM \u00dcyesi ve \u0130zmir Milletvekili Deniz Y\u00fccel, konu\u015fmas\u0131n\u0131 \u015f\u00f6yle s\u00fcrd\u00fcrd\u00fc: \u201cBizleri bulu\u015fturan genel ba\u015fkan yard\u0131mc\u0131m\u0131za, il ba\u015fkan\u0131m\u0131za, il\u00e7e ba\u015fkan\u0131m\u0131za ve belediye ba\u015fkan\u0131m\u0131za \u00e7ok te\u015fekk\u00fcr ediyorum. \u00dclke olarak zor bir s\u00fcre\u00e7ten ge\u00e7iyoruz. \u00d6nemli tarihi, kritik bir se\u00e7im yakla\u015f\u0131yor. Bu salonda Cumhuriyet Halk Partili olmayan arkada\u015flar\u0131m\u0131z da olabilir. Ama biz \u015funu biliyoruz ki, Balkan ve Rumeli k\u00f6kenli karde\u015flerimizin k\u0131rm\u0131z\u0131 \u00e7izgileri Mustafa Kemal Atat\u00fcrk\u2019t\u00fcr, Cumhuriyet\u2019tir, vatan\u0131m\u0131z\u0131n ve milletimizin b\u00f6l\u00fcnmez b\u00fct\u00fcnl\u00fc\u011f\u00fcd\u00fcr.\u201d<\/p>\n<p><b>G\u00fc\u00e7: Bug\u00fcn s\u00f6z\u00fc size veriyoruz<\/b><\/p>\n<p>Farkl\u0131 il\u00e7elerde de ger\u00e7ekle\u015fen bulu\u015fmalar sayesinde Balkan ve Rumeli dernek temsilcilerinin beklentilerini dinleme f\u0131rsat\u0131 bulduklar\u0131n\u0131 kaydeden CHP \u0130zmir \u0130l Ba\u015fkan\u0131 \u00c7a\u011fatay G\u00fc\u00e7, \u015funlar\u0131 s\u00f6yledi: \u201cBug\u00fcn, s\u00f6z\u00fc biz dernek temsilcilerimize veriyoruz. Onlar \u015fehrimizi gelecek ve bizlerle ilgili beklentilerini bizlere dile getiriyorlar. Genel Ba\u015fkan Yard\u0131mc\u0131m\u0131z da parti program\u0131m\u0131z\u0131 anlat\u0131yor. Hepinize geldi\u011finiz i\u00e7in \u00e7ok te\u015fekk\u00fcr ediyoruz. Biz \u0130zmir\u2019de b\u00fcy\u00fck bir aileyiz. Cumhuriyet Halk Partisi, T\u00fcrkiye\u2019nin birinci ve kurucu partisidir. Bizler bu olgunlukta davranmaya, ahlakl\u0131 ve d\u00fcr\u00fcst siyaset yapmaya devam edece\u011fiz.\u201d<\/p>\n<p><b>Mutlu: Konak\u2019\u0131n her k\u00f6\u015fesinde bu k\u00f6klerin izini s\u00fcrmek m\u00fcmk\u00fcn<\/b><\/p>\n<p>Toplant\u0131da dile getirilen g\u00f6r\u00fc\u015f ve \u00f6nerilerin kendileri i\u00e7in \u00f6nemli bir yol haritas\u0131 olaca\u011f\u0131n\u0131 ifade eden Konak Belediye Ba\u015fkan\u0131 Nil\u00fcfer \u00c7\u0131narl\u0131 Mutlu, \u201cBug\u00fcn bu toplant\u0131 benim i\u00e7in farkl\u0131 bir anlam ifade ediyor. Ben Balkanlardan, Yunanistan\u2019\u0131n Serez kentinden gelen bir ailenin \u00e7ocu\u011fuyum. M\u00fcbadele son derece h\u00fcz\u00fcnl\u00fc bir s\u00fcre\u00e7 olsa da, bu topraklara gelenler ta\u015f\u0131d\u0131klar\u0131 birikim ve de\u011ferlerle T\u00fcrkiye Cumhuriyeti\u2019nin laik ve demokratik bir hukuk devleti olarak in\u015fa edilmesinde b\u00fcy\u00fck bir m\u00fccadele vermi\u015flerdir. Biz Konak\u2019ta bu kadim k\u00fclt\u00fcr\u00fc unutturmadan, bu gelenekleri ve getirilen birikimi gelecek ku\u015faklara da ula\u015ft\u0131rarak bir belediyecilik yapmay\u0131 hedefledik. Bug\u00fcn Konak\u2019\u0131n her k\u00f6\u015fesinde m\u00fcbadelenin ve bu k\u00f6klerin izini s\u00fcrmek m\u00fcmk\u00fcn. Bu zenginli\u011fimizi, me\u015fhur Balkan kom\u015fulu\u011funu, sofralardaki bereketi Konak\u2019\u0131n her mahallesine yans\u0131tmaya \u00e7al\u0131\u015f\u0131yoruz. Buradan eminim ki hep birlikte daha g\u00fc\u00e7l\u00fc Konak, \u0130zmir ve T\u00fcrkiye i\u00e7in birlikte hareket ederek \u00e7\u0131kaca\u011f\u0131z\u201d dedi.<\/p>\n<p><b>Kalmaz: Ayn\u0131 ge\u00e7mi\u015fin ve duygunun insanlar\u0131y\u0131z<\/b><\/p>\n<p>Balkan co\u011frafyas\u0131n\u0131n ac\u0131lar\u0131n ve hasretin oldu\u011fu kadar direni\u015fin ve karde\u015fli\u011fin de ad\u0131 oldu\u011funu belirten CHP Konak \u0130l\u00e7e Ba\u015fkan\u0131 Serkan Kalmaz, \u201c\u0130zmir\u2019imizin t\u00fcm il\u00e7elerinde ve Konak\u2019ta ya\u015fayan Bo\u015fnak, Arnavut, Makedon, Rum ve Balkan k\u00f6kenli t\u00fcm hem\u015fehrilerimiz bu \u015fehrin k\u00fclt\u00fcr\u00fcne, ruhuna ve dayan\u0131\u015fma anlay\u0131\u015f\u0131na b\u00fcy\u00fck katk\u0131lar sunmaktad\u0131r. Farkl\u0131 \u015fehirlerden, farkl\u0131 zamanlarda gelmi\u015f olsak da ayn\u0131 k\u00fclt\u00fcr\u00fcn ayn\u0131 ge\u00e7mi\u015fin ve ayn\u0131 duygunun insanlar\u0131y\u0131z. Konak \u0130l\u00e7e Ba\u015fkanl\u0131\u011f\u0131 olarak bizler de bu birlikteli\u011fin her zaman yan\u0131nda olmaya, sizlerle bu k\u00fclt\u00fcr\u00fc ya\u015fatmaya ve her zaman g\u00fc\u00e7lendirmeye devam edece\u011fiz\u201d ifadelerini kulland\u0131.<\/p>\n<p>\u00a0<\/p>\n<p>\u00a0<\/p>\n<p>Kaynak: (BYZHA) Beyaz Haber Ajans\u0131<\/p>\n","protected":false},"excerpt":{"rendered":"<p>Cumhuriyet Halk Partisi Genel Ba\u015fkan Yard\u0131mc\u0131s\u0131 Bihlun Tamayl\u0131gil\u2019in kat\u0131l\u0131m\u0131yla d\u00fczenlenen Rumeli, Balkan ve Ada T\u00fcrkleri Dernekleri Bulu\u015fmas\u0131 Konak\u2019ta yo\u011fun kat\u0131l\u0131mla ger\u00e7ekle\u015fti.<\/p>\n","protected":false},"author":1,"featured_media":13802,"comment_status":"open","ping_status":"open","sticky":false,"template":"","format":"standard","meta":{"footnotes":""},"categories":[21],"tags":[],"class_list":["post-13801","post","type-post","status-publish","format-standard","has-post-thumbnail","hentry","category-gundem"],"_links":{"self":[{"href":"https:\/\/busondakika.com.tr\/index.php?rest_route=\/wp\/v2\/posts\/13801","targetHints":{"allow":["GET"]}}],"collection":[{"href":"https:\/\/busondakika.com.tr\/index.php?rest_route=\/wp\/v2\/posts"}],"about":[{"href":"https:\/\/busondakika.com.tr\/index.php?rest_route=\/wp\/v2\/types\/post"}],"author":[{"embeddable":true,"href":"https:\/\/busondakika.com.tr\/index.php?rest_route=\/wp\/v2\/users\/1"}],"replies":[{"embeddable":true,"href":"https:\/\/busondakika.com.tr\/index.php?rest_route=%2Fwp%2Fv2%2Fcomments&post=13801"}],"version-history":[{"count":1,"href":"https:\/\/busondakika.com.tr\/index.php?rest_route=\/wp\/v2\/posts\/13801\/revisions"}],"predecessor-version":[{"id":13803,"href":"https:\/\/busondakika.com.tr\/index.php?rest_route=\/wp\/v2\/posts\/13801\/revisions\/13803"}],"wp:featuredmedia":[{"embeddable":true,"href":"https:\/\/busondakika.com.tr\/index.php?rest_route=\/wp\/v2\/media\/13802"}],"wp:attachment":[{"href":"https:\/\/busondakika.com.tr\/index.php?rest_route=%2Fwp%2Fv2%2Fmedia&parent=13801"}],"wp:term":[{"taxonomy":"category","embeddable":true,"href":"https:\/\/busondakika.com.tr\/index.php?rest_route=%2Fwp%2Fv2%2Fcategories&post=13801"},{"taxonomy":"post_tag","embeddable":true,"href":"https:\/\/busondakika.com.tr\/index.php?rest_route=%2Fwp%2Fv2%2Ftags&post=13801"}],"curies":[{"name":"wp","href":"https:\/\/api.w.org\/{rel}","templated":true}]}}