{"id":13807,"date":"2026-04-29T07:58:02","date_gmt":"2026-04-29T07:58:02","guid":{"rendered":"https:\/\/busondakika.com.tr\/?p=13807"},"modified":"2026-04-29T07:58:03","modified_gmt":"2026-04-29T07:58:03","slug":"ege-maden-ihracatcilari-birliginde-yeni-donem-start-aldi","status":"publish","type":"post","link":"https:\/\/busondakika.com.tr\/?p=13807","title":{"rendered":"Ege Maden \u0130hracat\u00e7\u0131lar\u0131 Birli\u011fi\u2019nde yeni d\u00f6nem start ald\u0131"},"content":{"rendered":"<p> Ege Maden \u0130hracat\u00e7\u0131lar\u0131 Birli\u011fi 13 Nisan 2026 tarihinde ger\u00e7ekle\u015fen genel kurul toplant\u0131s\u0131 sonras\u0131nda yeni d\u00f6nemin ilk y\u00f6netim kurulu toplant\u0131s\u0131n\u0131 ger\u00e7ekle\u015ftirdi ve 2 milyar dolar ihracat hedefine ula\u015fmak i\u00e7in projelere start verdi.<\/p>\n<p>2030 y\u0131l\u0131 i\u00e7in belirledikleri 2 milyar dolar ihracat hedefi i\u00e7in 2026\u20132030 d\u00f6nemi i\u00e7in yol haritas\u0131n\u0131 olu\u015fturduklar\u0131n\u0131 dile getiren Ege Maden \u0130hracat\u00e7\u0131lar\u0131 Birli\u011fi Ba\u015fkan\u0131 \u0130brahim Alimo\u011flu, \u00f6n\u00fcm\u00fczdeki d\u00f6rt y\u0131ll\u0131k d\u00f6nemde odaklanacaklar\u0131 ana ba\u015fl\u0131klar\u0131 belirlediklerini payla\u015ft\u0131.<\/p>\n<p>T\u00fcrk do\u011fal ta\u015f sekt\u00f6r\u00fcn\u00fcn k\u00fcresel g\u00fcc\u00fcn\u00fc art\u0131rmak i\u00e7in 4 y\u0131ll\u0131k g\u00f6rev s\u00fcresinde \u0130ngiltere, Kazakistan, \u00d6zbekistan, Birle\u015fik Arap Emirlikleri, Kenya ve Meksika ba\u015fta olmak \u00fczere bir\u00e7ok \u00fclkeye ticaret heyetleri d\u00fczenlediklerini dile getiren Alimo\u011flu; \u201cYeni d\u00f6nemde Sekt\u00f6rel d\u0131\u015f ticaret heyetlerimize, yeni hedef pazarlar do\u011frultusunda planlanmas\u0131n\u0131 yapaca\u011f\u0131z. \u00a02026 y\u0131l\u0131nda Rusya, \u00d6zbekistan, Kazakistan ve Tacikistan sekt\u00f6rel ticaret heyeti ger\u00e7ekle\u015ftirmek i\u00e7in \u00e7al\u0131\u015fmalar\u0131m\u0131z\u0131 ba\u015flatt\u0131k\u201d \u015feklinde konu\u015ftu.<\/p>\n<p>Ege Maden \u0130hracat\u00e7\u0131lar\u0131 Birli\u011fi\u2019nin uzun y\u0131llard\u0131r \u00c7in Xiamen Do\u011falta\u015f Fuar\u0131\u2019n\u0131n T\u00fcrkiye Milli Kat\u0131l\u0131m Organizasyonuna imza att\u0131\u011f\u0131n\u0131 hat\u0131rlatan Ba\u015fkan Alimo\u011flu, yeni d\u00f6nemde Xiamen Fuar\u0131\u2019n\u0131n daha verimli ve s\u00fcrd\u00fcr\u00fclebilir \u015fekilde geli\u015ftirilmesine y\u00f6nelik \u00e7al\u0131\u015fmalar yapma konusunda irade ortaya koyacaklar\u0131n\u0131n alt\u0131n\u0131 \u00e7izdi.<\/p>\n<p><strong>TURQUALITY ve AMORF Tasar\u0131m Yar\u0131\u015fmalar\u0131na devam edecek<\/strong><\/p>\n<p>Ticaret Bakanl\u0131\u011f\u0131\u2019nen deste\u011fiyle s\u00fcren TURQUALITY Projeleri ve Tasar\u0131m Yar\u0131\u015fmalar\u0131na yeni d\u00f6nemde devam edeceklerini vurgulayan EM\u0130B Ba\u015fkan\u0131 \u0130brahim Alimo\u011flu, \u201cTurquality projelerinde daha etkin ve verimli sonu\u00e7lar almak ad\u0131na komite olu\u015fturaca\u011f\u0131z. 4 y\u0131ll\u0131k stratejik plan yapaca\u011f\u0131z. Ayn\u0131 \u015fekilde bu y\u0131l 6\u2019nc\u0131s\u0131 d\u00fczenlenecek Amorf Tasar\u0131m Yar\u0131\u015fmas\u0131\u2019n\u0131n kapsaml\u0131 \u015fekilde planlanmas\u0131 ve geli\u015ftirilmesi i\u00e7in komitemiz g\u00f6rev ba\u015f\u0131nda olacak\u201d ifadelerini kulland\u0131.<\/p>\n<p><strong>Enerji Bakanl\u0131\u011f\u0131 ve Orman Bakanl\u0131\u011f\u0131yla \u00e7\u00f6z\u00fcm odakl\u0131 bir i\u015f birli\u011fi i\u00e7inde olunacak<\/strong><\/p>\n<p>Enerji Bakanl\u0131\u011f\u0131 ve Orman Bakanl\u0131\u011f\u0131 nezdinde madencilik sekt\u00f6r\u00fcn\u00fcn ya\u015fad\u0131\u011f\u0131 sorunlar\u0131n ele al\u0131nmas\u0131 ve \u00e7\u00f6z\u00fcme kavu\u015fturulmas\u0131 i\u00e7in bir komitenin g\u00f6rev yapaca\u011f\u0131n\u0131 aktaran Alimo\u011flu s\u00f6zlerini \u015f\u00f6yle tamamlad\u0131; \u201c2026-30 d\u00f6neminde \u00fcyelerimizle daha g\u00fc\u00e7l\u00fc ileti\u015fim kurulmas\u0131 ve yap\u0131lan faaliyetlerin daha sa\u011fl\u0131kl\u0131 ve h\u0131zl\u0131 \u015fekilde payla\u015f\u0131lmas\u0131n\u0131n sa\u011flanmas\u0131 i\u00e7in \u00dcye \u0130li\u015fkileri Komitesi\u2019nin kuraca\u011f\u0131z. Kat\u0131l\u0131mc\u0131 Y\u00f6netim Kurulumuzla 2030 y\u0131l\u0131 i\u00e7in belirledi\u011fimiz 2 milyar dolar hedefine ula\u015fmak i\u00e7in 4 y\u0131l boyunca 7 g\u00fcn 24 saat \u00e7al\u0131\u015faca\u011f\u0131z. Yeni d\u00f6nemin sekt\u00f6r\u00fcm\u00fcz ve \u00fclkemiz i\u00e7in hay\u0131rl\u0131 olmas\u0131n\u0131 diliyoruz; belirledi\u011fimiz hedefler do\u011frultusunda, ihracat\u0131m\u0131z\u0131 daha ileri seviyelere ta\u015f\u0131mak i\u00e7in hep birlikte \u00e7al\u0131\u015fmaya devam edece\u011fiz.\u201d<\/p>\n<p>Ege Maden \u0130hracat\u00e7\u0131lar\u0131 Birli\u011fi \u0130brahim Alimo\u011flu Ba\u015fkanl\u0131\u011f\u0131ndaki ilk toplant\u0131s\u0131nda Ba\u015fkan Yard\u0131mc\u0131l\u0131klar\u0131na; \u0130brahim Alt\u0131np\u0131nar ve Faik Tokatl\u0131o\u011flu se\u00e7ildi. Sekt\u00f6r Kurulu\u2019nda; \u0130brahim Alimo\u011flu, \u0130brahim Alt\u0131np\u0131nar, Mehmet Serter ve Onur Demir EM\u0130B\u2019i temsil edecek. Leyla T\u00fcrk T\u0130M Delegesi se\u00e7ilirken, EM\u0130B Y\u00f6netim Kurulu\u2019ndaki di\u011fer kad\u0131n ihracat\u00e7\u0131 Reyhan Sezgin T\u00dcMMER Temsilcisi olarak belirlendi. TOBB Madeclik Meclisi\u2019nde EM\u0130B\u2019in temsilcisi Serdar S\u00f6kelen olurken, TARGEV\u2019e Ak\u0131n Ye\u015filkaya g\u00f6revlendirildi.<\/p>\n<p>\u00a0<\/p>\n<p>Kaynak: (BYZHA) Beyaz Haber Ajans\u0131<\/p>\n","protected":false},"excerpt":{"rendered":"<p>Ege Maden \u0130hracat\u00e7\u0131lar\u0131 Birli\u011fi 13 Nisan 2026 tarihinde ger\u00e7ekle\u015fen genel kurul toplant\u0131s\u0131 sonras\u0131nda yeni d\u00f6nemin ilk y\u00f6netim kurulu toplant\u0131s\u0131n\u0131 ger\u00e7ekle\u015ftirdi ve 2 milyar dolar ihracat hedefine ula\u015fmak i\u00e7in projelere start verdi.<\/p>\n","protected":false},"author":1,"featured_media":13808,"comment_status":"open","ping_status":"open","sticky":false,"template":"","format":"standard","meta":{"footnotes":""},"categories":[22],"tags":[],"class_list":["post-13807","post","type-post","status-publish","format-standard","has-post-thumbnail","hentry","category-ekonomi"],"_links":{"self":[{"href":"https:\/\/busondakika.com.tr\/index.php?rest_route=\/wp\/v2\/posts\/13807","targetHints":{"allow":["GET"]}}],"collection":[{"href":"https:\/\/busondakika.com.tr\/index.php?rest_route=\/wp\/v2\/posts"}],"about":[{"href":"https:\/\/busondakika.com.tr\/index.php?rest_route=\/wp\/v2\/types\/post"}],"author":[{"embeddable":true,"href":"https:\/\/busondakika.com.tr\/index.php?rest_route=\/wp\/v2\/users\/1"}],"replies":[{"embeddable":true,"href":"https:\/\/busondakika.com.tr\/index.php?rest_route=%2Fwp%2Fv2%2Fcomments&post=13807"}],"version-history":[{"count":1,"href":"https:\/\/busondakika.com.tr\/index.php?rest_route=\/wp\/v2\/posts\/13807\/revisions"}],"predecessor-version":[{"id":13809,"href":"https:\/\/busondakika.com.tr\/index.php?rest_route=\/wp\/v2\/posts\/13807\/revisions\/13809"}],"wp:featuredmedia":[{"embeddable":true,"href":"https:\/\/busondakika.com.tr\/index.php?rest_route=\/wp\/v2\/media\/13808"}],"wp:attachment":[{"href":"https:\/\/busondakika.com.tr\/index.php?rest_route=%2Fwp%2Fv2%2Fmedia&parent=13807"}],"wp:term":[{"taxonomy":"category","embeddable":true,"href":"https:\/\/busondakika.com.tr\/index.php?rest_route=%2Fwp%2Fv2%2Fcategories&post=13807"},{"taxonomy":"post_tag","embeddable":true,"href":"https:\/\/busondakika.com.tr\/index.php?rest_route=%2Fwp%2Fv2%2Ftags&post=13807"}],"curies":[{"name":"wp","href":"https:\/\/api.w.org\/{rel}","templated":true}]}}