{"id":13825,"date":"2026-04-29T08:14:32","date_gmt":"2026-04-29T08:14:32","guid":{"rendered":"https:\/\/busondakika.com.tr\/?p=13825"},"modified":"2026-04-29T08:14:33","modified_gmt":"2026-04-29T08:14:33","slug":"bas-donmesi-vertigo-kisiyi-eve-hapsedebiliyor","status":"publish","type":"post","link":"https:\/\/busondakika.com.tr\/?p=13825","title":{"rendered":"Ba\u015f d\u00f6nmesi (vertigo) ki\u015fiyi eve hapsedebiliyor!"},"content":{"rendered":"<p> \u00dclkemizde her 10 ki\u015fiden birinde g\u00f6r\u00fclen vertigo (ba\u015f d\u00f6nmesi) son y\u0131llarda h\u0131zla yayg\u0131nla\u015f\u0131yor. G\u00fcn\u00fcm\u00fczde yanl\u0131\u015f ya\u015fam al\u0131\u015fkanl\u0131klar\u0131n\u0131n etkisiyle gen\u00e7lerde de s\u0131k rastlanan vertigonun bir hastal\u0131k de\u011fil, \u00f6nemli bir belirti oldu\u011funu vurgulayan\u00a0<strong>Ac\u0131badem Ata\u015fehir Hastanesi Kulak, Burun ve Bo\u011faz Hastal\u0131klar\u0131 (KBB) Uzman\u0131 Do\u00e7. Dr. Mehmet S\u00fcrmeli<\/strong>, \u201cVertigo, ki\u015finin kendisinin ya da \u00e7evresindeki nesnelerin d\u00f6nd\u00fc\u011f\u00fcn\u00fc, salland\u0131\u011f\u0131n\u0131 veya hareket etti\u011fini hissetmesidir. Bu durum tek ba\u015f\u0131na bir hastal\u0131k de\u011fil, altta yatan ba\u015fka bir sa\u011fl\u0131k sorununun habercisidir\u201d diyor. KBB Uzman\u0131 Do\u00e7. Dr. S\u00fcrmeli, g\u00fcnl\u00fck ya\u015fant\u0131y\u0131 olumsuz etkileyen hatta ki\u015fiyi eve hapsedebilen vertigoyu tetikleyen hatalar\u0131 anlatt\u0131, \u00f6nemli uyar\u0131lar ve \u00f6nerilerde bulundu.\u00a0<\/p>\n<p><strong>Y\u00fczde 85 i\u00e7 kulaktan kaynaklan\u0131yor ama!<\/strong><\/p>\n<p>Halk aras\u0131nda ba\u015f d\u00f6nmesi olarak bilinen vertigo y\u00fczde 85 i\u00e7 kulaktan kaynaklan\u0131rken, y\u00fczde 15\u2019i beyinle ilgili hastal\u0131klar\u0131n (migren, inme, t\u00fcm\u00f6rler, MS vb) belirtisi olabiliyor. Ancak ba\u015f d\u00f6nmesi durumunda pek \u00e7ok hasta, \u00e7o\u011fu zaman hastanede hangi bran\u015fa ba\u015fvuraca\u011f\u0131n\u0131 bilemeyerek zaman kaybedebiliyor.\u00a0<strong>Ac\u0131badem Ata\u015fehir Hastanesi KBB Uzman\u0131 Do\u00e7. Dr. Mehmet S\u00fcrmeli\u00a0<\/strong>bu konuda \u015f\u00f6yle konu\u015fuyor: \u201cBa\u015f d\u00f6nmesi ba\u015f hareketleriyle tetikleniyorsa, kulak \u00e7\u0131nlamas\u0131, i\u015fitme kayb\u0131 veya kulakta dolgunluk hissi e\u015flik ediyorsa \u00f6ncelikle KBB (Kulak Burun Bo\u011faz) uzman\u0131na ba\u015fvurulmal\u0131d\u0131r. \u00a0\u00c7\u00fcnk\u00fc bu belirtiler i\u00e7 kulak kaynakl\u0131 bir soruna i\u015faret eder. Ancak ba\u015f d\u00f6nmesi \u015fiddetli ba\u015f a\u011fr\u0131s\u0131yla geliyor, kolda-bacakta uyu\u015fma\/g\u00fc\u00e7s\u00fczl\u00fck, \u00e7ift g\u00f6rme, konu\u015fma bozuklu\u011fu, yutma g\u00fc\u00e7l\u00fc\u011f\u00fc gibi belirtiler e\u015flik ediyorsa zaman kaybetmeden N\u00f6roloji uzman\u0131na ba\u015fvurulmal\u0131d\u0131r.\u201d<\/p>\n<p><strong>Tan\u0131 koymada gecikme ya\u015fanabiliyor, \u00e7\u00fcnk\u00fc\u2026\u00a0<\/strong><\/p>\n<p>\u00dclkemizde her 10 ki\u015fiden birinde vertigo g\u00f6r\u00fcld\u00fc\u011f\u00fcn\u00fc, ancak vertigonun her hastada ayn\u0131 \u015fekilde ortaya \u00e7\u0131kmad\u0131\u011f\u0131n\u0131 belirten Do\u00e7. Dr. S\u00fcrmeli, bu durumun tan\u0131y\u0131 zorla\u015ft\u0131ran en \u00f6nemli fakt\u00f6rlerden birisi oldu\u011funu s\u00f6yl\u00fcyor. Do\u00e7. Dr. S\u00fcrmeli \u015f\u00f6yle diyor: \u201cHastalar \u015fikayetlerini \u00e7o\u011fu zaman \u2018her \u015fey d\u00f6n\u00fcyor\u2019, \u2018y\u00fcr\u00fcrken savruluyorum\u2019, \u2018yer aya\u011f\u0131m\u0131n alt\u0131ndan kay\u0131yor\u2019 ya da \u2018sarho\u015f gibiyim\u2019 \u015feklinde ifade ediyor. Baz\u0131 hastalarda ise sadece sersemlik hissi, g\u00f6z kararmas\u0131 veya dengesizlik \u00f6n planda olabiliyor. Bu nedenle her ba\u015f d\u00f6nmesi ayn\u0131 de\u011fildir ve detayl\u0131 de\u011ferlendirme gerektirir.\u201d Vertigonun \u00e7o\u011funlukla tedavi edilebilir ve y\u00f6netilebilir bir durum oldu\u011funu belirten Do\u00e7. Dr. Mehmet S\u00fcrmeli \u201cDo\u011fru tan\u0131, d\u00fczenli takip, \u00f6nerilen egzersizlerin yap\u0131lmas\u0131 ve sa\u011fl\u0131kl\u0131 ya\u015fam al\u0131\u015fkanl\u0131klar\u0131 ile vertigo ataklar\u0131n\u0131 en aza indirmek m\u00fcmk\u00fcnd\u00fcr. Ancak vertigoyla birlikte n\u00f6rolojik bulgular (uyu\u015fma, g\u00fc\u00e7s\u00fczl\u00fck, bilin\u00e7 kayb\u0131, bay\u0131lma, konu\u015fma bozuklu\u011fu, \u00e7ift g\u00f6rme, \u015fiddetli ve hi\u00e7 ge\u00e7meyen ba\u015f d\u00f6nmesi) e\u015flik ediyorsa, ani ve tek tarafl\u0131 i\u015fitme kayb\u0131yla geliyorsa, ileri ya\u015fta ilk kez ortaya \u00e7\u0131kt\u0131ysa, hipertansiyon, diyabet hastal\u0131\u011f\u0131 varsa, zaman kaybetmeden N\u00f6roloji uzman\u0131na ba\u015fvurulmal\u0131d\u0131r\u201d diyor.\u00a0<\/p>\n<p><strong>Vertigoyu tetikleyen 10 hata!<\/strong><\/p>\n<p>\u201cKlinik g\u00f6zlemler ve ara\u015ft\u0131rmalar; son y\u0131llarda vertigo \u015fikayetiyle sa\u011fl\u0131k kurulu\u015flar\u0131na ba\u015fvuran ki\u015fi say\u0131s\u0131nda belirgin bir art\u0131\u015f oldu\u011funa i\u015faret etmektedir\u201d diyen KBB Uzman\u0131 Do\u00e7. Dr. Mehmet S\u00fcrmeli, g\u00fcnl\u00fck ya\u015famda yap\u0131lan baz\u0131 hatal\u0131 davran\u0131\u015flar\u0131n da vertigoyu tetikledi\u011fini vurguluyor. Do\u00e7. Dr. S\u00fcrmeli vertigoyu tetikleyen 10 hatal\u0131 davran\u0131\u015f\u0131 \u015f\u00f6yle s\u0131ral\u0131yor;<\/p>\n<ul>\n<li>Yataktan h\u0131zla kalkmak<\/li>\n<li>Ba\u015f\u0131 ani \u00e7evirmek veya yukar\u0131-a\u015fa\u011f\u0131 sallamak<\/li>\n<li>A\u015f\u0131r\u0131 tuz t\u00fcketmek<\/li>\n<li>Yetersiz su i\u00e7mek<\/li>\n<li>Uzun s\u00fcre ekran ba\u015f\u0131nda hareketsiz kalmak<\/li>\n<li>Yeterli ve kaliteli uyumamak\u00a0<\/li>\n<li>D\u00fczensiz ve hareketsiz ya\u015fam tarz\u0131<\/li>\n<li>Stresi kontrol edememek ve anksiyete<\/li>\n<li>D\u00fczensiz ve sa\u011fl\u0131ks\u0131z beslenme, \u00f6\u011f\u00fcn atlama<\/li>\n<li>A\u015f\u0131r\u0131 kafein ve alkol t\u00fcketmek\u00a0<\/li>\n<\/ul>\n<p>\u00a0<\/p>\n<p>Kaynak: (BYZHA) Beyaz Haber Ajans\u0131<\/p>\n","protected":false},"excerpt":{"rendered":"<p>\u00dclkemizde her 10 ki\u015fiden birinde g\u00f6r\u00fclen vertigo (ba\u015f d\u00f6nmesi) son y\u0131llarda h\u0131zla yayg\u0131nla\u015f\u0131yor.<\/p>\n","protected":false},"author":1,"featured_media":13826,"comment_status":"open","ping_status":"open","sticky":false,"template":"","format":"standard","meta":{"footnotes":""},"categories":[23],"tags":[],"class_list":["post-13825","post","type-post","status-publish","format-standard","has-post-thumbnail","hentry","category-saglik"],"_links":{"self":[{"href":"https:\/\/busondakika.com.tr\/index.php?rest_route=\/wp\/v2\/posts\/13825","targetHints":{"allow":["GET"]}}],"collection":[{"href":"https:\/\/busondakika.com.tr\/index.php?rest_route=\/wp\/v2\/posts"}],"about":[{"href":"https:\/\/busondakika.com.tr\/index.php?rest_route=\/wp\/v2\/types\/post"}],"author":[{"embeddable":true,"href":"https:\/\/busondakika.com.tr\/index.php?rest_route=\/wp\/v2\/users\/1"}],"replies":[{"embeddable":true,"href":"https:\/\/busondakika.com.tr\/index.php?rest_route=%2Fwp%2Fv2%2Fcomments&post=13825"}],"version-history":[{"count":1,"href":"https:\/\/busondakika.com.tr\/index.php?rest_route=\/wp\/v2\/posts\/13825\/revisions"}],"predecessor-version":[{"id":13827,"href":"https:\/\/busondakika.com.tr\/index.php?rest_route=\/wp\/v2\/posts\/13825\/revisions\/13827"}],"wp:featuredmedia":[{"embeddable":true,"href":"https:\/\/busondakika.com.tr\/index.php?rest_route=\/wp\/v2\/media\/13826"}],"wp:attachment":[{"href":"https:\/\/busondakika.com.tr\/index.php?rest_route=%2Fwp%2Fv2%2Fmedia&parent=13825"}],"wp:term":[{"taxonomy":"category","embeddable":true,"href":"https:\/\/busondakika.com.tr\/index.php?rest_route=%2Fwp%2Fv2%2Fcategories&post=13825"},{"taxonomy":"post_tag","embeddable":true,"href":"https:\/\/busondakika.com.tr\/index.php?rest_route=%2Fwp%2Fv2%2Ftags&post=13825"}],"curies":[{"name":"wp","href":"https:\/\/api.w.org\/{rel}","templated":true}]}}