{"id":13831,"date":"2026-04-29T08:27:33","date_gmt":"2026-04-29T08:27:33","guid":{"rendered":"https:\/\/busondakika.com.tr\/?p=13831"},"modified":"2026-04-29T08:27:35","modified_gmt":"2026-04-29T08:27:35","slug":"gaziemirin-tarihi-cift-cesmesi-aslina-uygun-sekilde-yenileniyor","status":"publish","type":"post","link":"https:\/\/busondakika.com.tr\/?p=13831","title":{"rendered":"Gaziemir\u2019in tarihi \u00c7ift \u00c7e\u015fme\u2019si asl\u0131na uygun \u015fekilde yenileniyor"},"content":{"rendered":"<p> Gaziemir Belediyesi, hayata ge\u00e7irdi\u011fi restorasyon \u00e7al\u0131\u015fmas\u0131yla il\u00e7enin ge\u00e7mi\u015fine tan\u0131kl\u0131k eden tarihi \u00c7ift \u00c7e\u015fme\u2019yi asl\u0131na uygun \u015fekilde yenileyerek gelecek ku\u015faklara aktar\u0131yor.<\/p>\n<p>Gaziemir Belediyesi, y\u00fcr\u00fctt\u00fc\u011f\u00fc restorasyon projesi kapsam\u0131nda, kentin en eski yap\u0131lar\u0131ndan biri olan ve yurtta\u015flar\u0131n hat\u0131ralar\u0131nda \u00f6nemli bir yer tutan tarihi \u00c7ift \u00c7e\u015fme\u2019yi yeniden aya\u011fa kald\u0131r\u0131yor. \u00d6zg\u00fcn mimari dokunun korunaca\u011f\u0131 proje kapsam\u0131nda, yap\u0131n\u0131n y\u0131pranan b\u00f6l\u00fcmleri onar\u0131lacak, tarihi kimli\u011fi yeniden g\u00f6r\u00fcn\u00fcr hale getirilecek. \u00c7e\u015fme, ar\u015fiv belgelerinde yer alan ve yap\u0131da yap\u0131lan incelemeler sonucunda elde edilen bilgiler \u0131\u015f\u0131\u011f\u0131nda, in\u015fa edildi\u011fi d\u00f6nemin mimari \u00f6zelliklerine uygun \u015fekilde onar\u0131l\u0131yor. \u0130l\u00e7enin tarihi ve k\u00fclt\u00fcrel miras\u0131n\u0131n \u00f6nemli par\u00e7alar\u0131ndan biri olan \u00c7ift \u00c7e\u015fme\u2019nin, restorasyon projesiyle korunarak ya\u015fat\u0131lmas\u0131 ve gelecek ku\u015faklara aktar\u0131lmas\u0131 hedefleniyor.<\/p>\n<p>\u201c\u0130l\u00e7emizin tarihi ve k\u00fclt\u00fcrel miras\u0131na sahip \u00e7\u0131kmak i\u00e7in \u00f6nemli bir projeyi hayata ge\u00e7irdik\u201d diyen Gaziemir Belediye Ba\u015fkan\u0131 \u00dcnal I\u015f\u0131k, \u201cSeydik\u00f6y\u2019den bug\u00fcne uzanan kent belle\u011fimizin \u00f6nemli simgelerinden biri olan \u00c7ift \u00c7e\u015fme\u2019yi restore ederek tarihimize, k\u00fclt\u00fcr\u00fcm\u00fcze ve ortak haf\u0131zam\u0131za sahip \u00e7\u0131k\u0131yoruz. \u00c7ift \u00c7e\u015fme, il\u00e7emizin ge\u00e7mi\u015fine tan\u0131kl\u0131k eden \u00e7ok k\u0131ymetli bir miras. Restorasyon \u00e7al\u0131\u015fmam\u0131zla tarihi yap\u0131y\u0131 koruyarak gelece\u011fe ta\u015f\u0131yacak, kentimizin haf\u0131zas\u0131nda ya\u015fatmay\u0131 s\u00fcrd\u00fcrece\u011fiz\u201d diye konu\u015ftu.<\/p>\n<p><b>Gaziemir\u2019in tarihine tan\u0131kl\u0131k eden yap\u0131<\/b><br \/>Seydik\u00f6y\u2019\u00fcn tarihsel belle\u011fini bug\u00fcne ta\u015f\u0131yan \u00f6nemli k\u00fclt\u00fcr varl\u0131klar\u0131ndan biri olan tarihi \u00c7ift \u00c7e\u015fme, uzun y\u0131llard\u0131r b\u00f6lgenin ya\u015fam\u0131na tan\u0131kl\u0131k ediyor. Y\u00fcr\u00fct\u00fclen restorasyon \u00e7al\u0131\u015fmas\u0131yla, kaderine terk edilen ve y\u0131k\u0131lmaya y\u00fcz tutan tarihi yap\u0131 yeniden aya\u011fa kald\u0131r\u0131lacak. \u00c7al\u0131\u015fman\u0131n tamamlanmas\u0131yla \u00c7ift \u00c7e\u015fme, ge\u00e7mi\u015f ile bug\u00fcn aras\u0131nda ba\u011f kuran \u00f6nemli bir k\u00fclt\u00fcr miras\u0131 olarak varl\u0131\u011f\u0131n\u0131 s\u00fcrd\u00fcrmeye devam edecek.<\/p>\n<p>\u00a0<\/p>\n<p>\u00a0<\/p>\n<p>Kaynak: (BYZHA) Beyaz Haber Ajans\u0131<\/p>\n","protected":false},"excerpt":{"rendered":"<p>Gaziemir Belediyesi, hayata ge\u00e7irdi\u011fi restorasyon \u00e7al\u0131\u015fmas\u0131yla il\u00e7enin ge\u00e7mi\u015fine tan\u0131kl\u0131k eden tarihi \u00c7ift \u00c7e\u015fme\u2019yi asl\u0131na uygun \u015fekilde yenileyerek gelecek ku\u015faklara aktar\u0131yor.<\/p>\n","protected":false},"author":1,"featured_media":13832,"comment_status":"open","ping_status":"open","sticky":false,"template":"","format":"standard","meta":{"footnotes":""},"categories":[21],"tags":[],"class_list":["post-13831","post","type-post","status-publish","format-standard","has-post-thumbnail","hentry","category-gundem"],"_links":{"self":[{"href":"https:\/\/busondakika.com.tr\/index.php?rest_route=\/wp\/v2\/posts\/13831","targetHints":{"allow":["GET"]}}],"collection":[{"href":"https:\/\/busondakika.com.tr\/index.php?rest_route=\/wp\/v2\/posts"}],"about":[{"href":"https:\/\/busondakika.com.tr\/index.php?rest_route=\/wp\/v2\/types\/post"}],"author":[{"embeddable":true,"href":"https:\/\/busondakika.com.tr\/index.php?rest_route=\/wp\/v2\/users\/1"}],"replies":[{"embeddable":true,"href":"https:\/\/busondakika.com.tr\/index.php?rest_route=%2Fwp%2Fv2%2Fcomments&post=13831"}],"version-history":[{"count":1,"href":"https:\/\/busondakika.com.tr\/index.php?rest_route=\/wp\/v2\/posts\/13831\/revisions"}],"predecessor-version":[{"id":13833,"href":"https:\/\/busondakika.com.tr\/index.php?rest_route=\/wp\/v2\/posts\/13831\/revisions\/13833"}],"wp:featuredmedia":[{"embeddable":true,"href":"https:\/\/busondakika.com.tr\/index.php?rest_route=\/wp\/v2\/media\/13832"}],"wp:attachment":[{"href":"https:\/\/busondakika.com.tr\/index.php?rest_route=%2Fwp%2Fv2%2Fmedia&parent=13831"}],"wp:term":[{"taxonomy":"category","embeddable":true,"href":"https:\/\/busondakika.com.tr\/index.php?rest_route=%2Fwp%2Fv2%2Fcategories&post=13831"},{"taxonomy":"post_tag","embeddable":true,"href":"https:\/\/busondakika.com.tr\/index.php?rest_route=%2Fwp%2Fv2%2Ftags&post=13831"}],"curies":[{"name":"wp","href":"https:\/\/api.w.org\/{rel}","templated":true}]}}