{"id":13837,"date":"2026-04-29T08:27:41","date_gmt":"2026-04-29T08:27:41","guid":{"rendered":"https:\/\/busondakika.com.tr\/?p=13837"},"modified":"2026-04-29T08:27:43","modified_gmt":"2026-04-29T08:27:43","slug":"universite-sanayi-is-birliginin-guclu-ornegi-thinkpack","status":"publish","type":"post","link":"https:\/\/busondakika.com.tr\/?p=13837","title":{"rendered":"\u00dcniversite-Sanayi \u0130\u015f Birli\u011finin G\u00fc\u00e7l\u00fc \u00d6rne\u011fi: ThinkPack"},"content":{"rendered":"<p> Ege Mobilya K\u00e2\u011f\u0131t ve Orman \u00dcr\u00fcnleri \u0130hracat\u00e7\u0131lar\u0131 Birli\u011fi, Ya\u015far \u00dcniversitesi Sanat ve Tasar\u0131m Fak\u00fcltesi End\u00fcstriyel Tasar\u0131m B\u00f6l\u00fcm\u00fc ve 4.12 Design Hub i\u015f birli\u011fiyle d\u00fczenlenen \u201cThinkPack Ambalaj\u0131n Gelece\u011fi Paneli\u201dnde; sekt\u00f6r temsilcileri, akademisyenler, profesyoneller ve \u00f6\u011frenciler bir araya gelerek ambalaj sekt\u00f6r\u00fcn\u00fcn bug\u00fcn\u00fc ve gelece\u011fini de\u011ferlendirdi.<\/p>\n<p>Ege \u0130hracat\u00e7\u0131 Birlikleri Koordinat\u00f6r Ba\u015fkan\u0131 Jak Eskinazi, Adalet ve Kalk\u0131nma Partisi \u0130zmir Milletvekili Ceyda B\u00f6l\u00fcnmez \u00c7ank\u0131r\u0131, Ya\u015far \u00dcniversitesi Rekt\u00f6r\u00fc Prof. Dr. Levent Kandiller\u2019in a\u00e7\u0131l\u0131\u015f konu\u015fmalar\u0131nda \u00fcniversite-sanayi i\u015f birli\u011fi, katma de\u011ferli \u00fcretim, tasar\u0131m odakl\u0131 ihracat ve s\u00fcrd\u00fcr\u00fclebilir d\u00f6n\u00fc\u015f\u00fcm ba\u015fl\u0131klar\u0131 \u00f6ne \u00e7\u0131kt\u0131. Panel program\u0131na Ege Mobilya Ka\u011f\u0131t ve Orman \u00dcr\u00fcnleri \u0130hracat\u00e7\u0131lar\u0131 Birli\u011fi Y\u00f6netim Kurulu Ba\u015fkan Yard\u0131mc\u0131s\u0131 Hikmet G\u00fcng\u00f6r ve \u00dcyesi Mustafa Yurteri de kat\u0131ld\u0131.<\/p>\n<p><strong>Akademinin yarat\u0131c\u0131l\u0131\u011f\u0131 ile sanayinin ger\u00e7ek ihtiya\u00e7lar\u0131 ayn\u0131 masada bulu\u015ftu<\/strong><\/p>\n<p>Ege \u0130hracat\u00e7\u0131 Birlikleri Koordinat\u00f6r Ba\u015fkan\u0131 Jak Eskinazi, \u201cAmbalaj; markala\u015fman\u0131n, s\u00fcrd\u00fcr\u00fclebilirli\u011fin, kullan\u0131c\u0131 deneyiminin ve ihracat rekabet\u00e7ili\u011finin en stratejik unsurlar\u0131ndan biridir. 28 \u015eubat \u2013 1 Mart tarihlerinde Birli\u011fimiz \u00e7at\u0131s\u0131 alt\u0131nda ger\u00e7ekle\u015ftirdi\u011fimiz ThinkPack Ambalaj Tasar\u0131m \u00c7al\u0131\u015ftay\u0131 da bunun somut \u00f6rne\u011fidir. 16 end\u00fcstriyel tasar\u0131m \u00f6\u011frencimiz, 4 de\u011ferli ment\u00f6r\u00fcm\u00fcz ve sekt\u00f6r\u00fcm\u00fczden 4 firmam\u0131z iki g\u00fcn boyunca birlikte \u00e7al\u0131\u015ft\u0131. Akademinin yarat\u0131c\u0131l\u0131\u011f\u0131 ile sanayinin ger\u00e7ek ihtiya\u00e7lar\u0131 ayn\u0131 masada bulu\u015ftu. Bunun sonucunda firmalar\u0131m\u0131z\u0131n de\u011ferlendirmeleri do\u011frultusunda 8 uygulanabilir ambalaj tasar\u0131m\u0131 ortaya \u00e7\u0131kt\u0131.\u201d dedi.\u00a0<\/p>\n<p><strong>\u00dcniversite s\u0131ralar\u0131nda geli\u015ftirilen fikirlerin ihra\u00e7 edilebilir \u00e7\u00f6z\u00fcmlere d\u00f6n\u00fc\u015fmesi \u00fclkemiz ad\u0131na b\u00fcy\u00fck kazan\u0131m<\/strong><\/p>\n<p>Ba\u015fkan Eskinazi, \u201cBu tablo bize \u015funu g\u00f6steriyor: Gen\u00e7lerimize f\u0131rsat verildi\u011finde, do\u011fru rehberlik sa\u011fland\u0131\u011f\u0131nda ve sekt\u00f6rle temas kurduklar\u0131nda ortaya \u00e7\u0131kan sonu\u00e7lar son derece etkileyici. \u00dcniversite s\u0131ralar\u0131nda geli\u015ftirilen fikirlerin \u00fcretilebilir, ticarile\u015febilir ve ihra\u00e7 edilebilir \u00e7\u00f6z\u00fcmlere d\u00f6n\u00fc\u015fmesi \u00fclkemiz ad\u0131na b\u00fcy\u00fck kazan\u0131md\u0131r. ThinkPack Ambalaj\u0131n Gelece\u011fi Paneli ile bu s\u00fcreci bir ad\u0131m ileri ta\u015f\u0131d\u0131k. \u00c7al\u0131\u015ftayda ortaya \u00e7\u0131kan tasar\u0131m fikirlerini kamuoyuyla payla\u015ft\u0131k. Ayn\u0131 zamanda ambalaj trendlerini, d\u00f6ng\u00fcsel ekonomiyi, s\u00fcrd\u00fcr\u00fclebilir \u00fcretimi ve sanayi-tasar\u0131m-ihracat \u00fc\u00e7geninin gelece\u011fini de\u011ferlendirdik.\u201d diye konu\u015ftu. \u00a0<\/p>\n<p><strong>\u0130hracat yapmak isteyen her firma, \u00fcr\u00fcn kadar ambalaj\u0131n\u0131 da yeniden d\u00fc\u015f\u00fcnmek zorunda<\/strong><\/p>\n<p>\u00d6zellikle Avrupa Ye\u015fil Mutabakat\u0131\u2019n\u0131n karbon d\u00fczenlemeleri, geri d\u00f6n\u00fc\u015ft\u00fcr\u00fclebilir malzeme talebi ve \u00e7evre dostu \u00fcretim anlay\u0131\u015f\u0131, ambalaj sekt\u00f6r\u00fcn\u00fc do\u011frudan d\u00f6n\u00fc\u015ft\u00fcrd\u00fc\u011f\u00fcne de\u011finen Eskinazi \u015funlar\u0131 s\u00f6yledi:\u00a0<\/p>\n<p>\u201cBug\u00fcn ihracat yapmak isteyen her firma, \u00fcr\u00fcn kadar ambalaj\u0131n\u0131 da yeniden d\u00fc\u015f\u00fcnmek zorundad\u0131r. Katma de\u011ferli \u00fcretim i\u00e7in tasar\u0131m\u0131 merkeze koymal\u0131, inovasyonu te\u015fvik etmeli, \u00fcniversite-sanayi i\u015f birliklerini art\u0131rmal\u0131 ve s\u00fcrd\u00fcr\u00fclebilirli\u011fi i\u015f modelimizin ayr\u0131lmaz par\u00e7as\u0131 haline getirmeliyiz. \u00d6zellikle mobilya, g\u0131da, tekstil, kozmetik, kimya ve e-ticaret gibi bir\u00e7ok sekt\u00f6r i\u00e7in ambalaj, do\u011frudan marka de\u011ferine etki eden bir unsurdur. Bug\u00fcn burada ger\u00e7ekle\u015ftirilen oturumlar; sekt\u00f6r\u00fcm\u00fcze yeni vizyonlar kazand\u0131rd\u0131, tasar\u0131mc\u0131lar\u0131m\u0131zla sanayicilerimizi ayn\u0131 masada bulu\u015fturdu ve yeni i\u015f birliklerine kap\u0131 aralad\u0131.\u201d<\/p>\n<p>Ya\u015far \u00dcniversitesi Rekt\u00f6r\u00fc Prof. Dr. Levent Kandiller, T\u00fcrk sanayicisinin ihracatta var olabilmesi i\u00e7in hem daha iyi nitelikte \u00fcr\u00fcnler, hem de onun aray\u00fcz\u00fc olan ambalaj\u0131 daha iyi yapmas\u0131 gerekti\u011fini ve ambalaj\u0131n d\u00f6ng\u00fcsel ekonomi a\u00e7\u0131s\u0131ndan da odaklan\u0131lmas\u0131 gereken bir konu oldu\u011funu s\u00f6yledi.\u00a0<\/p>\n<p>AK Parti \u0130zmir Milletvekili Ceyda B\u00f6l\u00fcnmez \u00c7ank\u0131r\u0131 ise k\u00fcresel ticaret sava\u015flar\u0131n\u0131n ya\u015fand\u0131\u011f\u0131 g\u00fcn\u00fcm\u00fczde, ambalaj\u0131n \u00fcr\u00fcn\u00fcn g\u00fcmr\u00fck kap\u0131lar\u0131ndan ge\u00e7i\u015fini sa\u011flayan en g\u00fc\u00e7l\u00fc diplomatik pasaportu oldu\u011funu vurgulad\u0131.\u00a0<\/p>\n<p>\u00c7al\u0131\u015ftay s\u00fcrecine katk\u0131 sunan \u00f6\u011frencilere sertifikalar\u0131 takdim edilirken, ortaya \u00e7\u0131kan yarat\u0131c\u0131 ambalaj tasar\u0131mlar\u0131 kat\u0131l\u0131mc\u0131lar\u0131n be\u011fenisine sunuldu.<\/p>\n<p>ThinkPack Ambalaj\u0131n Gelece\u011fi Paneli\u2019nin ilk oturumunda \u201cAmbalaj Trendleri\u201d konusu ele al\u0131nd\u0131. Orhan Irmak Tasar\u0131m Kurucu Ortak ve Tasar\u0131m Direkt\u00f6r\u00fc Dr. Orhan Irmak, ambalaj sekt\u00f6r\u00fcnde de\u011fi\u015fen t\u00fcketici beklentileri, tasar\u0131m\u0131n rekabetteki rol\u00fc, fonksiyonellik ve marka alg\u0131s\u0131 \u00fczerine de\u011ferlendirmelerde bulundu.<\/p>\n<p>Ambalaj profesyonellerine y\u00f6nelik networking etkinli\u011fi ger\u00e7ekle\u015ftirilirken, \u00f6\u011frenciler i\u00e7in Kahoot oyunla\u015ft\u0131rma etkinli\u011fi d\u00fczenlendi. B\u00f6ylece sekt\u00f6r profesyonelleri ile gen\u00e7 tasar\u0131mc\u0131lar aras\u0131nda etkile\u015fim ortam\u0131 olu\u015fturuldu.<\/p>\n<p>\u0130kinci oturumda \u201cAmbalajda D\u00f6ng\u00fcsel Ekonomi\u201d konusu masaya yat\u0131r\u0131ld\u0131. Ambalaj Sanayicileri Derne\u011fi S\u00fcrd\u00fcr\u00fclebilirlik, D\u00f6ng\u00fcsel Ekonomi ve Ambalaj Dan\u0131\u015fman\u0131 Asl\u0131han Ar\u0131kan, s\u00fcrd\u00fcr\u00fclebilir \u00fcretim modelleri, geri d\u00f6n\u00fc\u015f\u00fcm s\u00fcre\u00e7leri, kaynak verimlili\u011fi ve \u00e7evre dostu ambalaj uygulamalar\u0131na ili\u015fkin bilgiler payla\u015ft\u0131.<\/p>\n<p>Son oturumda ise \u201cAmbalaj\u0131n Gelece\u011finde Sanayi, Tasar\u0131m ve \u0130hracat\u0131n Rol\u00fc\u201d ba\u015fl\u0131kl\u0131 panel d\u00fczenlendi. Moderat\u00f6rl\u00fc\u011f\u00fcn\u00fc 4.12 Design Hub Kurucusu Didem Durmaz \u00c7etinkaya\u2019n\u0131n \u00fcstlendi\u011fi panelde; Ya\u015far D\u0131\u015f Ticaret Eski Ba\u015fkan Yard\u0131mc\u0131s\u0131 C\u00fcneyt Ba\u015fbakkal, Mondi Corrugated Turkey Genel M\u00fcd\u00fcr\u00fc \u0130brahim Karako\u00e7, Sun Chemical Su Bazl\u0131 \u00dcr\u00fcnler Teknik M\u00fcd\u00fcr\u00fc Caner Uzel konu\u015fmac\u0131 olarak yer ald\u0131.\u00a0<\/p>\n<p>Panelde sanayinin d\u00f6n\u00fc\u015f\u00fcm\u00fc, tasar\u0131m\u0131n \u00fcretimde stratejik \u00f6nemi, ihracatta rekabet avantaj\u0131 ve ambalaj sekt\u00f6r\u00fcn\u00fcn gelece\u011fine ili\u015fkin \u00f6ng\u00f6r\u00fcler payla\u015f\u0131ld\u0131.<\/p>\n<p>\u00a0<\/p>\n<p>Kaynak: (BYZHA) Beyaz Haber Ajans\u0131<\/p>\n","protected":false},"excerpt":{"rendered":"<p>Ege Mobilya K\u00e2\u011f\u0131t ve Orman \u00dcr\u00fcnleri \u0130hracat\u00e7\u0131lar\u0131 Birli\u011fi, Ya\u015far \u00dcniversitesi Sanat ve Tasar\u0131m Fak\u00fcltesi End\u00fcstriyel Tasar\u0131m B\u00f6l\u00fcm\u00fc ve 4.<\/p>\n","protected":false},"author":1,"featured_media":13838,"comment_status":"open","ping_status":"open","sticky":false,"template":"","format":"standard","meta":{"footnotes":""},"categories":[22],"tags":[],"class_list":["post-13837","post","type-post","status-publish","format-standard","has-post-thumbnail","hentry","category-ekonomi"],"_links":{"self":[{"href":"https:\/\/busondakika.com.tr\/index.php?rest_route=\/wp\/v2\/posts\/13837","targetHints":{"allow":["GET"]}}],"collection":[{"href":"https:\/\/busondakika.com.tr\/index.php?rest_route=\/wp\/v2\/posts"}],"about":[{"href":"https:\/\/busondakika.com.tr\/index.php?rest_route=\/wp\/v2\/types\/post"}],"author":[{"embeddable":true,"href":"https:\/\/busondakika.com.tr\/index.php?rest_route=\/wp\/v2\/users\/1"}],"replies":[{"embeddable":true,"href":"https:\/\/busondakika.com.tr\/index.php?rest_route=%2Fwp%2Fv2%2Fcomments&post=13837"}],"version-history":[{"count":1,"href":"https:\/\/busondakika.com.tr\/index.php?rest_route=\/wp\/v2\/posts\/13837\/revisions"}],"predecessor-version":[{"id":13839,"href":"https:\/\/busondakika.com.tr\/index.php?rest_route=\/wp\/v2\/posts\/13837\/revisions\/13839"}],"wp:featuredmedia":[{"embeddable":true,"href":"https:\/\/busondakika.com.tr\/index.php?rest_route=\/wp\/v2\/media\/13838"}],"wp:attachment":[{"href":"https:\/\/busondakika.com.tr\/index.php?rest_route=%2Fwp%2Fv2%2Fmedia&parent=13837"}],"wp:term":[{"taxonomy":"category","embeddable":true,"href":"https:\/\/busondakika.com.tr\/index.php?rest_route=%2Fwp%2Fv2%2Fcategories&post=13837"},{"taxonomy":"post_tag","embeddable":true,"href":"https:\/\/busondakika.com.tr\/index.php?rest_route=%2Fwp%2Fv2%2Ftags&post=13837"}],"curies":[{"name":"wp","href":"https:\/\/api.w.org\/{rel}","templated":true}]}}