{"id":13843,"date":"2026-04-29T08:27:47","date_gmt":"2026-04-29T08:27:47","guid":{"rendered":"https:\/\/busondakika.com.tr\/?p=13843"},"modified":"2026-04-29T08:27:48","modified_gmt":"2026-04-29T08:27:48","slug":"aassm-ilkbahari-sanatla-ugurluyor","status":"publish","type":"post","link":"https:\/\/busondakika.com.tr\/?p=13843","title":{"rendered":"AASSM, ilkbahar\u0131 sanatla u\u011furluyor"},"content":{"rendered":"<p> \u0130zmir B\u00fcy\u00fck\u015fehir Belediyesi Ahmed Adnan Saygun Sanat Merkezi (AASSM), may\u0131s program\u0131yla m\u00fczik, dans, at\u00f6lye ve sergilerden olu\u015fan geni\u015f bir se\u00e7ki sunuyor.\u00a0<\/p>\n<p>\u0130zmirli sanatseverler, ilkbahar\u0131 yine sanatla u\u011furluyor. \u0130zmir B\u00fcy\u00fck\u015fehir Belediyesi Ahmed Adnan Saygun Sanat Merkezi, may\u0131s ay\u0131 program\u0131yla sanat\u0131n farkl\u0131 dallar\u0131n\u0131 bir araya getiriyor. Konserler, at\u00f6lyeler, sahne performanslar\u0131, festivaller, sergiler ve Atat\u00fcrk\u2019\u00fc Anma, Gen\u00e7lik ve Spor Bayram\u0131 kutlamalar\u0131n\u0131 i\u00e7eren kapsaml\u0131 program, \u0130zmirlileri bekliyor.\u00a0<\/p>\n<p><strong>\u201cAvrupa G\u00fcn\u00fc\u201d kutlama konseri<\/strong><br \/>May\u0131s program\u0131, 5 May\u0131s saat 20.00\u2019de B\u00fcy\u00fck Salon\u2019daki \u201c9 May\u0131s Avrupa G\u00fcn\u00fc\u201d kutlama konseriyle a\u00e7\u0131l\u0131yor. Tolga Bilgin Septet\u2019in sahne alaca\u011f\u0131 geceye, Zeynep Casalini ve Evrim \u00d6zkaynak da vokal olarak e\u015flik edecek. \u201cMediterranean Harmonies\u201d ba\u015fl\u0131\u011f\u0131yla izleyiciyle bulu\u015facak konser, Akdeniz\u2019in \u00e7ok k\u00fclt\u00fcrl\u00fc m\u00fczikal miras\u0131n\u0131 caz ve modern t\u0131n\u0131larla bir araya getirecek.\u00a0<\/p>\n<p><strong>\u0130zmir Oda Orkestras\u0131\u2019ndan \u00f6zel repertuvar<\/strong><br \/>\u0130zmir Oda Orkestras\u0131 konseri ise 6 May\u0131s saat 20.00\u2019de B\u00fcy\u00fck Salon\u2019da sanatseverlerle bulu\u015fuyor. 1991 y\u0131l\u0131nda Berlin\u2019de kurulan Kuss Quartet\u2019in birinci keman sanat\u00e7\u0131s\u0131 Jana Kuss ile viyola sanat\u00e7\u0131s\u0131 William Coleman\u2019\u0131n liderli\u011finde yap\u0131lacak konserde, oda m\u00fczi\u011finin se\u00e7kin eserlerinden olu\u015fan \u00f6zel bir repertuvar seslendirilecek. Biletler, kultursanatbilet.izmir.bel.tr \u00fczerinden ve AASSM ba\u015fta olmak \u00fczere belirli gi\u015felerden temin edilebiliyor.<\/p>\n<p><strong>\u201cHarman\u201d performans\u0131 sanatseverlerle bulu\u015facak\u00a0<\/strong><br \/>7 May\u0131s\u2019ta, \u00e7a\u011fda\u015f dans ve m\u00fczi\u011fi do\u011fa\u00e7lama bir anlat\u0131mla bir araya getiren \u201cHarman\u201d performans\u0131 sanatseverlerle bulu\u015facak. B\u00fcy\u00fck Salon\u2019da saat 20.30\u2019daki etkinlikte, dans\u00e7\u0131 Cansu Ergin\u2019in sahnedeki performans\u0131na m\u00fczisyenler Salih Korkut Peker, Arslan Hazreti, Derya T\u00fcrkan ve Sami Hosseini\u2019nin canl\u0131 m\u00fczikleriyle e\u015flik edecek. Hareket ve sesin anl\u0131k etkile\u015fimle \u015fekillendi\u011fi bu \u00f6zel performans, izleyicilere \u00f6zg\u00fcn ve dinamik bir sahne deneyimi sunmay\u0131 hedefliyor. Etkinlik \u00fccretsiz ger\u00e7ekle\u015ftirilecek.<\/p>\n<p><strong>\u00c7ocuklara \u201cNota Ressamlar\u0131\u201d at\u00f6lyesi\u00a0<\/strong><br \/>\u00c7ocuklara y\u00f6nelik yarat\u0131c\u0131 etkinlikler de may\u0131s program\u0131nda yer al\u0131yor. 9 May\u0131s\u2019ta saat 15.30 ve 17.00\u2019de d\u00fczenlenecek \u201cNota Ressamlar\u0131\u201d at\u00f6lyesi, minik sanatseverleri m\u00fczik ve sanat\u0131n i\u00e7 i\u00e7e ge\u00e7ti\u011fi e\u011flenceli bir deneyime davet ediyor. At\u00f6lye, e\u011fitmen \u0130lknur Diyar e\u015fli\u011finde \u00e7ocuklara hem \u00f6\u011fretici hem de keyifli bir ortam sunacak. At\u00f6lyenin 20 ki\u015filik kontenjan\u0131 bulunuyor. 4 May\u0131s saat 10.00\u2019da AASSM web sayfas\u0131ndaki form \u00fczerinden ba\u015fvuru yap\u0131labilecek.\u00a0<\/p>\n<p><strong>\u201cYeni D\u00fcnyan\u0131n Sesleri\u201d\u00a0<\/strong><br \/>K\u00fc\u00e7\u00fck Salon\u2019da yap\u0131lacak \u00fccretsiz etkinlikler aras\u0131nda, 11 May\u0131s\u2019ta arp sanat\u00e7\u0131s\u0131 Zeynep Duru G\u00fcle\u00e7\u2019in resitali \u00f6ne \u00e7\u0131k\u0131yor. Saat 20.00\u2019deki \u201cYeni D\u00fcnyan\u0131n Sesleri\u201d ba\u015fl\u0131kl\u0131 konserde, John Cage, Yann Tiersen, Aram Khachaturian ve Arvo P\u00e4rt gibi 20. ve 21. y\u00fczy\u0131l\u0131n yenilik\u00e7i bestecilerinin \u00e7a\u011fda\u015f, modern ve minimalist eserleri yer alacak.\u00a0<\/p>\n<p><strong>Kerem G\u00f6rsev Trio<\/strong><br \/>12 May\u0131s saat 20.00\u2019de Kerem G\u00f6rsev Trio, B\u00fcy\u00fck Salon\u2019da sahne alacak. Sanat\u00e7\u0131n\u0131n uzun y\u0131llara yay\u0131lan kariyerinden beslenen \u00f6zg\u00fcn caz repertuvar\u0131 dinleyiciyle bulu\u015facak. Programda a\u011f\u0131rl\u0131kl\u0131 olarak Kerem G\u00f6rsev\u2019in besteleri ve modern caz t\u0131n\u0131lar\u0131 yer al\u0131rken, trio formunun g\u00fc\u00e7l\u00fc do\u011fa\u00e7lama dili \u00f6n plana \u00e7\u0131kacak.\u00a0<\/p>\n<p><strong>Faz\u0131l Say\u2019dan iki \u00f6zel konser<\/strong><br \/>May\u0131s ay\u0131n\u0131n dikkat \u00e7eken etkinliklerinden biri ise d\u00fcnyaca \u00fcnl\u00fc piyanist Faz\u0131l Say\u2019\u0131n 13 May\u0131s\u2019ta verece\u011fi iki \u00f6zel konser olacak. \u201c\u00c7\u0131lg\u0131n Nar A\u011fac\u0131\u201d turnesi kapsam\u0131nda yap\u0131lacak konserlerde sanat\u00e7\u0131, solo piyano eserlerinin yan\u0131 s\u0131ra yeni bestelerinden ve edebi metinlerden ilhamla olu\u015fturdu\u011fu \u00f6zel bir repertuvar sunacak. T\u00fcrk ve d\u00fcnya edebiyat\u0131ndan \u015fiirlerle harmanlanan m\u00fcziklerin de yer alaca\u011f\u0131 program, saat 17.00 ve 20.30 olmak \u00fczere iki seans olarak izleyicilerle bulu\u015facak. 13 May\u0131s saat 20.00\u2019de K\u00fc\u00e7\u00fck Salon\u2019da ise Dokuz Eyl\u00fcl \u00dcniversitesi Devlet Konservatuvar\u0131 M\u00fczik B\u00f6l\u00fcm\u00fc konseri yap\u0131lacak.<\/p>\n<p><strong>\u201cGodowsky Timeless\u201d konseri<\/strong><br \/>18 May\u0131s saat 20.00\u2019de K\u00fc\u00e7\u00fck Salon\u2019da ger\u00e7ekle\u015fecek \u201cGodowsky Timeless\u201d konseri, keman sanat\u00e7\u0131s\u0131 Sara Dragan ile piyanist Kenny Broberg\u2019i \u0130zmirli sanatseverlerle bulu\u015fturacak. Program, Leopold Godowsky\u2019nin eserleri \u00fczerinden \u015fekillenen ve transkripsiyon temas\u0131n\u0131 merkezine alan \u00f6zel bir se\u00e7ki sunuyor. Biletler 30 Nisan saat 10.00 itibar\u0131yla kultursanatbilet.izmir.bel.tr \u00fczerinden ve AASSM, \u0130smet \u0130n\u00f6n\u00fc Sanat Merkezi ile Konak Vapur \u0130skelesi gi\u015felerinden sat\u0131\u015fa sunulacak.<\/p>\n<p><strong>\u201cGen\u00e7ler! Sahne Sizin 2026\u201d\u00a0<\/strong><br \/>19 May\u0131s Gen\u00e7lik ve Spor Bayram\u0131 kapsam\u0131nda Ahmed Adnan Saygun Sanat Merkezi sahnesi bu y\u0131l da gen\u00e7 yeteneklere ev sahipli\u011fi yap\u0131yor. \u201cGen\u00e7ler! Sahne Sizin 2026\u201d ba\u015fl\u0131\u011f\u0131yla ger\u00e7ekle\u015ftirilecek \u00f6zel etkinlikte, 14-20 ya\u015f aral\u0131\u011f\u0131ndaki gen\u00e7 m\u00fczisyenler sahne performanslar\u0131n\u0131 izleyiciyle bulu\u015fturacak. Saat 19.00\u2019da B\u00fcy\u00fck Salon\u2019daki programda, se\u00e7ilen gen\u00e7 sanat\u00e7\u0131lar akustik performanslar\u0131yla sahne alacak. Kat\u0131l\u0131m \u00fccretsiz. Ba\u015fvurular\u00a0<a href=\"\/cdn-cgi\/l\/email-protection\" class=\"__cf_email__\" data-cfemail=\"f5c4cc98948c9c8692909b96999087b59298949c99db969a98\">[email&#160;protected]<\/a>\u00a0adresi \u00fczerinden yap\u0131l\u0131yor. Son ba\u015fvuru tarihi ise 4 May\u0131s. Bilgi i\u00e7in\u00a00232 293 38 19\u00a0numaral\u0131 telefon aranabiliyor.\u00a0<\/p>\n<p><strong>\u0130zmir Uluslararas\u0131 \u00c7oksesli Korolar Festivali\u00a0<\/strong><br \/>Bu y\u0131l 5. kez d\u00fczenlenecek \u0130zmir Uluslararas\u0131 \u00c7oksesli Korolar Festivali, 21-24 May\u0131s tarihleri aras\u0131nda \u0130zmir\u2019de m\u00fczikseverlerle bulu\u015facak. \u0130zmir B\u00fcy\u00fck\u015fehir Belediyesi ve T\u00fcrkiye Polifonik Korolar Derne\u011fi \u0130zmir \u015eubesi i\u015f birli\u011fiyle ger\u00e7ekle\u015ftirilecek festivalde, 75 koro ve binlerce korist sahne alarak kentin d\u00f6rt g\u00fcn boyunca \u00e7ok sesli m\u00fczikle bulu\u015fmas\u0131n\u0131 sa\u011flayacak.\u00a0<\/p>\n<p><strong>\u0130zmir Devlet Senfoni Orkestras\u0131 konserleri<\/strong><br \/>8 May\u0131s\u2019ta saat 20.00\u2019de B\u00fcy\u00fck Salon\u2019da \u0130zmir Devlet Senfoni Orkestras\u0131 sahnesinde klasik m\u00fczi\u011fin se\u00e7kin eserleri sanatseverlerle bulu\u015facak. Nil Venditti \u015fefli\u011finde ger\u00e7ekle\u015fecek konserde solist Burcu Karada\u011f olacak. Kanunda Hakan G\u00fcng\u00f6r, perk\u00fcsyonda ise Aykut K\u00f6selerli yer alacak. 15 May\u0131s\u2019ta B\u00fcy\u00fck Salon\u2019da saat 20.00\u2019de ise \u201c19 May\u0131s Gen\u00e7lik ve Spor Bayram\u0131\u201d konseri, Kutay Maktay \u015fefli\u011finde gen\u00e7 solistleri sahneye ta\u015f\u0131yacak. Orkestra, 22 May\u0131s\u2019ta da B\u00fcy\u00fck Salon\u2019da ger\u00e7ekle\u015ftirilecek kapan\u0131\u015f konseriyle sanatseverlerle bulu\u015facak. Alessandro Cedrone \u015fefli\u011finde d\u00fczenlenecek konserde solist Krzysztof Meisinger olacak.\u00a0<\/p>\n<p><strong>May\u0131s ay\u0131 sergi program\u0131<\/strong><br \/>AASSM, konserlerin yan\u0131 s\u0131ra may\u0131s ay\u0131 boyunca bir\u00e7ok sergiye de ev sahipli\u011fi yap\u0131yor. 27 Mart-3 May\u0131s tarihleri aras\u0131nda Akg\u00fcn Akova \u201cM\u00fczi\u011fin Bavulu\u201d foto\u011fraf sergisi giri\u015f galerilerde, 27 Nisan-3 May\u0131s tarihleri aras\u0131nda Geleneksel Sanatlarda K\u00fclt\u00fcrel S\u00fcreklilik Tekstil, Dokuma, Tezhib, Minyat\u00fcr karma sergisi \u00fcst kat do\u011fu galeride, 28 Nisan-28 May\u0131s tarihleri aras\u0131nda \u0130zmir-Azerbaycan G\u00fcnleri resim sergisi \u00fcst kat bat\u0131 galeride, 30 Nisan-7 May\u0131s tarihleri aras\u0131nda Sadettin Tezcan \u00d6zel E\u011fitim Meslek Okulu Y\u0131l Sonu Sanat Sergisi alt kat galeride, 5-31 May\u0131s G\u00f6ztepe Rotary Kul\u00fcb\u00fc &amp; \u0130fod 12. Uluslararas\u0131 Foto\u011fraf Yar\u0131\u015fmas\u0131 sergisi giri\u015f kat bat\u0131 galeride, 6-31 May\u0131s tarihleri aras\u0131nda G\u00fcne\u015fe Ko\u015f Retrospesifik Bir Sergi giri\u015f kat ve \u00fcst kat do\u011fu galeride, 11-15 May\u0131s tarihleri aras\u0131nda I\u015f\u0131lay Sayg\u0131n G\u00fczel Sanatlar Lisesi Y\u0131l Sonu Sergisi alt kat galeride, 19 May\u0131s-30 Haziran tarihleri aras\u0131nda I\u015f\u0131kl\u0131g\u00f6l Nil\u00fcfer Adas\u0131 foto\u011fraf sergisi alt kat galeride sanatseverlerle bulu\u015facak.\u00a0<\/p>\n<p>\u00a0<\/p>\n<p>\u00a0<\/p>\n<p>Kaynak: (BYZHA) Beyaz Haber Ajans\u0131<\/p>\n","protected":false},"excerpt":{"rendered":"<p>\u0130zmir B\u00fcy\u00fck\u015fehir Belediyesi Ahmed Adnan Saygun Sanat Merkezi (AASSM), may\u0131s program\u0131yla m\u00fczik, dans, at\u00f6lye ve sergilerden olu\u015fan geni\u015f bir se\u00e7ki sunuyor.<\/p>\n","protected":false},"author":1,"featured_media":13844,"comment_status":"open","ping_status":"open","sticky":false,"template":"","format":"standard","meta":{"footnotes":""},"categories":[20],"tags":[],"class_list":["post-13843","post","type-post","status-publish","format-standard","has-post-thumbnail","hentry","category-kultur-sanat"],"_links":{"self":[{"href":"https:\/\/busondakika.com.tr\/index.php?rest_route=\/wp\/v2\/posts\/13843","targetHints":{"allow":["GET"]}}],"collection":[{"href":"https:\/\/busondakika.com.tr\/index.php?rest_route=\/wp\/v2\/posts"}],"about":[{"href":"https:\/\/busondakika.com.tr\/index.php?rest_route=\/wp\/v2\/types\/post"}],"author":[{"embeddable":true,"href":"https:\/\/busondakika.com.tr\/index.php?rest_route=\/wp\/v2\/users\/1"}],"replies":[{"embeddable":true,"href":"https:\/\/busondakika.com.tr\/index.php?rest_route=%2Fwp%2Fv2%2Fcomments&post=13843"}],"version-history":[{"count":1,"href":"https:\/\/busondakika.com.tr\/index.php?rest_route=\/wp\/v2\/posts\/13843\/revisions"}],"predecessor-version":[{"id":13845,"href":"https:\/\/busondakika.com.tr\/index.php?rest_route=\/wp\/v2\/posts\/13843\/revisions\/13845"}],"wp:featuredmedia":[{"embeddable":true,"href":"https:\/\/busondakika.com.tr\/index.php?rest_route=\/wp\/v2\/media\/13844"}],"wp:attachment":[{"href":"https:\/\/busondakika.com.tr\/index.php?rest_route=%2Fwp%2Fv2%2Fmedia&parent=13843"}],"wp:term":[{"taxonomy":"category","embeddable":true,"href":"https:\/\/busondakika.com.tr\/index.php?rest_route=%2Fwp%2Fv2%2Fcategories&post=13843"},{"taxonomy":"post_tag","embeddable":true,"href":"https:\/\/busondakika.com.tr\/index.php?rest_route=%2Fwp%2Fv2%2Ftags&post=13843"}],"curies":[{"name":"wp","href":"https:\/\/api.w.org\/{rel}","templated":true}]}}