{"id":13855,"date":"2026-04-29T08:45:58","date_gmt":"2026-04-29T08:45:58","guid":{"rendered":"https:\/\/busondakika.com.tr\/?p=13855"},"modified":"2026-04-29T08:45:59","modified_gmt":"2026-04-29T08:45:59","slug":"ekonomik-guven-endeksi-nisan-2026","status":"publish","type":"post","link":"https:\/\/busondakika.com.tr\/?p=13855","title":{"rendered":"Ekonomik G\u00fcven Endeksi, Nisan 2026"},"content":{"rendered":"<p> <strong>Ekonomik g\u00fcven endeksi 96,4 oldu<\/strong><\/p>\n<p>Ekonomik g\u00fcven endeksi Mart ay\u0131nda 97,9 iken, Nisan ay\u0131nda %1,5 oran\u0131nda azalarak 96,4 de\u011ferini ald\u0131.<\/p>\n<p>Bir \u00f6nceki aya g\u00f6re Nisan ay\u0131nda t\u00fcketici g\u00fcven endeksi %0,5 oran\u0131nda artarak 85,5 de\u011ferini, reel kesim (imalat sanayi) g\u00fcven endeksi %1,4 oran\u0131nda azalarak 98,6 de\u011ferini, hizmet sekt\u00f6r\u00fc g\u00fcven endeksi %3,1 oran\u0131nda azalarak 109,7 de\u011ferini, perakende ticaret sekt\u00f6r\u00fc g\u00fcven endeksi %1,8 oran\u0131nda azalarak 111,6 de\u011ferini, in\u015faat sekt\u00f6r\u00fc g\u00fcven endeksi %3,6 oran\u0131nda artarak 83,6 de\u011ferini ald\u0131.<\/p>\n<p><strong>Ekonomik g\u00fcven endeksi, Nisan 2026<\/strong><img loading=\"lazy\" decoding=\"async\" height=\"800\" src=\"https:\/\/www.beyazhaberajansi.com\/images\/files\/2026\/04\/69f1c4cc5a04e.png\" width=\"1830\" \/><\/p>\n<p><strong>Ekonomik g\u00fcven endeksi, g\u00fcven endeksleri ve de\u011fi\u015fim oranlar\u0131, Nisan 2026<\/strong><\/p>\n<table>\n<thead>\n<tr>\n<th>\u00a0<\/th>\n<th colspan=\"2\">Endeks<\/th>\n<th colspan=\"2\">Bir \u00f6nceki aya g\u00f6re<br \/>de\u011fi\u015fim oran\u0131 (%)<\/th>\n<\/tr>\n<tr>\n<th>\u00a0<\/th>\n<th>Mart<\/th>\n<th>Nisan<\/th>\n<th>Mart<\/th>\n<th>Nisan<\/th>\n<\/tr>\n<\/thead>\n<tbody>\n<tr>\n<td><b>Ekonomik g\u00fcven endeksi<\/b><\/td>\n<td>97,9<\/td>\n<td>96,4<\/td>\n<td>-2,8<\/td>\n<td>-1,5<\/td>\n<\/tr>\n<tr>\n<td>T\u00fcketici g\u00fcven endeksi<\/td>\n<td>85,0<\/td>\n<td>85,5<\/td>\n<td>-0,8<\/td>\n<td>0,5<\/td>\n<\/tr>\n<tr>\n<td>Reel kesim g\u00fcven endeksi<\/td>\n<td>100,0<\/td>\n<td>98,6<\/td>\n<td>-3,9<\/td>\n<td>-1,4<\/td>\n<\/tr>\n<tr>\n<td>Hizmet sekt\u00f6r\u00fc g\u00fcven endeksi<\/td>\n<td>113,2<\/td>\n<td>109,7<\/td>\n<td>-0,5<\/td>\n<td>-3,1<\/td>\n<\/tr>\n<tr>\n<td>Perakende ticaret sekt\u00f6r\u00fc g\u00fcven endeksi<\/td>\n<td>113,6<\/td>\n<td>111,6<\/td>\n<td>-2,0<\/td>\n<td>-1,8<\/td>\n<\/tr>\n<tr>\n<td>\u0130n\u015faat sekt\u00f6r\u00fc g\u00fcven endeksi<\/td>\n<td>80,6<\/td>\n<td>83,6<\/td>\n<td>-3,9<\/td>\n<td>3,6<\/td>\n<\/tr>\n<\/tbody>\n<\/table>\n<p><small>Endeks de\u011ferleri mevsim etkilerinden ar\u0131nd\u0131r\u0131lm\u0131\u015f de\u011ferlerdir. T\u00fcketici g\u00fcven endeksinde mevsim etkisi bulunmamaktad\u0131r.<\/small><\/p>\n<p>\u00a0<\/p>\n<p>Kaynak: (BYZHA) Beyaz Haber Ajans\u0131<\/p>\n","protected":false},"excerpt":{"rendered":"<p>Ekonomik g\u00fcven endeksi 96,4 oldu    Ekonomik g\u00fcven endeksi Mart ay\u0131nda 97,9 iken, Nisan ay\u0131nda %1,5 oran\u0131nda azalarak 96,4 de\u011ferini ald\u0131.<\/p>\n","protected":false},"author":1,"featured_media":13856,"comment_status":"open","ping_status":"open","sticky":false,"template":"","format":"standard","meta":{"footnotes":""},"categories":[22],"tags":[],"class_list":["post-13855","post","type-post","status-publish","format-standard","has-post-thumbnail","hentry","category-ekonomi"],"_links":{"self":[{"href":"https:\/\/busondakika.com.tr\/index.php?rest_route=\/wp\/v2\/posts\/13855","targetHints":{"allow":["GET"]}}],"collection":[{"href":"https:\/\/busondakika.com.tr\/index.php?rest_route=\/wp\/v2\/posts"}],"about":[{"href":"https:\/\/busondakika.com.tr\/index.php?rest_route=\/wp\/v2\/types\/post"}],"author":[{"embeddable":true,"href":"https:\/\/busondakika.com.tr\/index.php?rest_route=\/wp\/v2\/users\/1"}],"replies":[{"embeddable":true,"href":"https:\/\/busondakika.com.tr\/index.php?rest_route=%2Fwp%2Fv2%2Fcomments&post=13855"}],"version-history":[{"count":1,"href":"https:\/\/busondakika.com.tr\/index.php?rest_route=\/wp\/v2\/posts\/13855\/revisions"}],"predecessor-version":[{"id":13857,"href":"https:\/\/busondakika.com.tr\/index.php?rest_route=\/wp\/v2\/posts\/13855\/revisions\/13857"}],"wp:featuredmedia":[{"embeddable":true,"href":"https:\/\/busondakika.com.tr\/index.php?rest_route=\/wp\/v2\/media\/13856"}],"wp:attachment":[{"href":"https:\/\/busondakika.com.tr\/index.php?rest_route=%2Fwp%2Fv2%2Fmedia&parent=13855"}],"wp:term":[{"taxonomy":"category","embeddable":true,"href":"https:\/\/busondakika.com.tr\/index.php?rest_route=%2Fwp%2Fv2%2Fcategories&post=13855"},{"taxonomy":"post_tag","embeddable":true,"href":"https:\/\/busondakika.com.tr\/index.php?rest_route=%2Fwp%2Fv2%2Ftags&post=13855"}],"curies":[{"name":"wp","href":"https:\/\/api.w.org\/{rel}","templated":true}]}}