{"id":13891,"date":"2026-04-29T09:19:10","date_gmt":"2026-04-29T09:19:10","guid":{"rendered":"https:\/\/busondakika.com.tr\/?p=13891"},"modified":"2026-04-29T09:19:11","modified_gmt":"2026-04-29T09:19:11","slug":"inciraltinda-denetimler-suruyor","status":"publish","type":"post","link":"https:\/\/busondakika.com.tr\/?p=13891","title":{"rendered":"\u0130nciralt\u0131\u2019nda denetimler s\u00fcr\u00fcyor"},"content":{"rendered":"<p> \u0130nciralt\u0131 sahilinde fahi\u015f fiyat uygulamalar\u0131yla g\u00fcndeme gelen seyyar sat\u0131c\u0131lara kar\u015f\u0131 \u0130zmir B\u00fcy\u00fck\u015fehir Belediyesi zab\u0131ta ekipleri kapsaml\u0131 bir denetim ger\u00e7ekle\u015ftirdi.\u00a0<\/p>\n<p>\u0130zmir\u2019in Bal\u00e7ova il\u00e7esi s\u0131n\u0131rlar\u0131ndaki \u0130nciralt\u0131 sahilinde fahi\u015f fiyat uygulad\u0131klar\u0131 y\u00f6n\u00fcndeki iddialarla zaman zaman g\u00fcndeme gelen gelen seyyar sat\u0131c\u0131l\u0131k faaliyetlerine ge\u00e7it verilmiyor. Sosyal medyada payla\u015f\u0131lan \u201c\u0130nciralt\u0131 sahilinde ate\u015f paras\u0131 al\u0131n\u0131yor\u201d \u015fik\u00e2yetleri \u00fczerine harekete ge\u00e7en ekipler, izinsiz sat\u0131\u015f yapan seyyar sat\u0131c\u0131lara y\u00f6nelik i\u015flem yapt\u0131. Zab\u0131ta ekiplerinin \u00e7al\u0131\u015fmas\u0131nda ate\u015f kazan\u0131, semaver, sandalye, masa ve \u00e7e\u015fitli malzemelere\u00a0 el konuldu. Yetkililer, kamusal alanlarda izinsiz faaliyet g\u00f6steren ve yurtta\u015flar\u0131 ma\u011fdur eden uygulamalara kar\u015f\u0131 denetimlerin aral\u0131ks\u0131z s\u00fcrece\u011fini vurgulad\u0131.<\/p>\n<p>\u00a0<\/p>\n<p>\u00a0<\/p>\n<p>Kaynak: (BYZHA) Beyaz Haber Ajans\u0131<\/p>\n","protected":false},"excerpt":{"rendered":"<p>\u0130nciralt\u0131 sahilinde fahi\u015f fiyat uygulamalar\u0131yla g\u00fcndeme gelen seyyar sat\u0131c\u0131lara kar\u015f\u0131 \u0130zmir B\u00fcy\u00fck\u015fehir Belediyesi zab\u0131ta ekipleri kapsaml\u0131 bir denetim ger\u00e7ekle\u015ftirdi.<\/p>\n","protected":false},"author":1,"featured_media":13892,"comment_status":"open","ping_status":"open","sticky":false,"template":"","format":"standard","meta":{"footnotes":""},"categories":[21],"tags":[],"class_list":["post-13891","post","type-post","status-publish","format-standard","has-post-thumbnail","hentry","category-gundem"],"_links":{"self":[{"href":"https:\/\/busondakika.com.tr\/index.php?rest_route=\/wp\/v2\/posts\/13891","targetHints":{"allow":["GET"]}}],"collection":[{"href":"https:\/\/busondakika.com.tr\/index.php?rest_route=\/wp\/v2\/posts"}],"about":[{"href":"https:\/\/busondakika.com.tr\/index.php?rest_route=\/wp\/v2\/types\/post"}],"author":[{"embeddable":true,"href":"https:\/\/busondakika.com.tr\/index.php?rest_route=\/wp\/v2\/users\/1"}],"replies":[{"embeddable":true,"href":"https:\/\/busondakika.com.tr\/index.php?rest_route=%2Fwp%2Fv2%2Fcomments&post=13891"}],"version-history":[{"count":1,"href":"https:\/\/busondakika.com.tr\/index.php?rest_route=\/wp\/v2\/posts\/13891\/revisions"}],"predecessor-version":[{"id":13893,"href":"https:\/\/busondakika.com.tr\/index.php?rest_route=\/wp\/v2\/posts\/13891\/revisions\/13893"}],"wp:featuredmedia":[{"embeddable":true,"href":"https:\/\/busondakika.com.tr\/index.php?rest_route=\/wp\/v2\/media\/13892"}],"wp:attachment":[{"href":"https:\/\/busondakika.com.tr\/index.php?rest_route=%2Fwp%2Fv2%2Fmedia&parent=13891"}],"wp:term":[{"taxonomy":"category","embeddable":true,"href":"https:\/\/busondakika.com.tr\/index.php?rest_route=%2Fwp%2Fv2%2Fcategories&post=13891"},{"taxonomy":"post_tag","embeddable":true,"href":"https:\/\/busondakika.com.tr\/index.php?rest_route=%2Fwp%2Fv2%2Ftags&post=13891"}],"curies":[{"name":"wp","href":"https:\/\/api.w.org\/{rel}","templated":true}]}}