{"id":13894,"date":"2026-04-29T09:19:12","date_gmt":"2026-04-29T09:19:12","guid":{"rendered":"https:\/\/busondakika.com.tr\/?p=13894"},"modified":"2026-04-29T09:19:13","modified_gmt":"2026-04-29T09:19:13","slug":"izmirde-itfaiyenin-hizli-mudahalesi-faciayi-onledi","status":"publish","type":"post","link":"https:\/\/busondakika.com.tr\/?p=13894","title":{"rendered":"\u0130zmir\u2019de itfaiyenin h\u0131zl\u0131 m\u00fcdahalesi faciay\u0131 \u00f6nledi"},"content":{"rendered":"<p> \u0130zmir\u2019in Kar\u015f\u0131yaka il\u00e7esi Bostanl\u0131 Mahallesi Cengiz Topel Caddesi\u2019nde bir restoran\u0131n \u00e7at\u0131 k\u0131sm\u0131nda \u00e7\u0131kan yang\u0131n, k\u0131sa s\u00fcrede b\u00fcy\u00fcyerek \u00e7evredeki yap\u0131lara s\u0131\u00e7rad\u0131. \u0130hbar \u00fczerine \u0130zmir B\u00fcy\u00fck\u015fehir Belediyesi \u0130tfaiye Dairesi Ba\u015fkanl\u0131\u011f\u0131 ekipleri olay yerine sevk edildi. \u0130tfaiye ekiplerinin yo\u011fun m\u00fcdahalesi ile yang\u0131n b\u00fcy\u00fcmeden kontrol alt\u0131na al\u0131nd\u0131.\u00a0<\/p>\n<p>\u0130zmir\u2019in Kar\u015f\u0131yaka il\u00e7esi Bostanl\u0131 Mahallesi Cengiz Topel Caddesi\u2019nde bulunan bir restoran\u0131n \u00e7at\u0131 k\u0131sm\u0131nda \u00e7\u0131kan yang\u0131n korku yaratt\u0131. Yang\u0131n, r\u00fczg\u00e2r\u0131n da etkisiyle biti\u015fikte bulunan eve s\u0131\u00e7rad\u0131. \u0130hbar \u00fczerine \u0130zmir B\u00fcy\u00fck\u015fehir Belediyesi \u0130tfaiye Dairesi Ba\u015fkanl\u0131\u011f\u0131 ekipleri h\u0131zla olay yerine sevk edildi. Saat 05.50\u2019de ilk arac\u0131n \u00e7\u0131k\u0131\u015f yapt\u0131\u011f\u0131, 05.55\u2019te ise olay yerine ula\u015f\u0131ld\u0131\u011f\u0131, ayr\u0131ca ilk m\u00fcdahalenin ard\u0131ndan Bostanl\u0131 ve Kar\u015f\u0131yaka\u2019dan sevk edilen ekiplerle birlikte yang\u0131na toplam 11 ara\u00e7la m\u00fcdahale edildi\u011fi bildirildi. Belediyeye ait 2 su tankerinin de deste\u011fiyle alevleri kontrol alt\u0131na almak i\u00e7in yo\u011fun \u00e7aba harcand\u0131.<br \/>Koordineli \u00e7al\u0131\u015fma sonucu yang\u0131n tamamen kontrol alt\u0131na al\u0131nd\u0131. \u0130zmir B\u00fcy\u00fck\u015fehir Belediyesi \u0130tfaiye Dairesi Ba\u015fkanl\u0131\u011f\u0131 ekiplerinin h\u0131zl\u0131 \u00e7al\u0131\u015fmas\u0131, yang\u0131n\u0131n daha geni\u015f bir alana yay\u0131lmas\u0131n\u0131 \u00f6nledi.<\/p>\n<p>\u00a0<\/p>\n<p>Kaynak: (BYZHA) Beyaz Haber Ajans\u0131<\/p>\n","protected":false},"excerpt":{"rendered":"<p>\u0130zmir\u2019in Kar\u015f\u0131yaka il\u00e7esi Bostanl\u0131 Mahallesi Cengiz Topel Caddesi\u2019nde bir restoran\u0131n \u00e7at\u0131 k\u0131sm\u0131nda \u00e7\u0131kan yang\u0131n, k\u0131sa s\u00fcrede b\u00fcy\u00fcyerek \u00e7evredeki yap\u0131lara s\u0131\u00e7rad\u0131.<\/p>\n","protected":false},"author":1,"featured_media":13895,"comment_status":"open","ping_status":"open","sticky":false,"template":"","format":"standard","meta":{"footnotes":""},"categories":[21],"tags":[],"class_list":["post-13894","post","type-post","status-publish","format-standard","has-post-thumbnail","hentry","category-gundem"],"_links":{"self":[{"href":"https:\/\/busondakika.com.tr\/index.php?rest_route=\/wp\/v2\/posts\/13894","targetHints":{"allow":["GET"]}}],"collection":[{"href":"https:\/\/busondakika.com.tr\/index.php?rest_route=\/wp\/v2\/posts"}],"about":[{"href":"https:\/\/busondakika.com.tr\/index.php?rest_route=\/wp\/v2\/types\/post"}],"author":[{"embeddable":true,"href":"https:\/\/busondakika.com.tr\/index.php?rest_route=\/wp\/v2\/users\/1"}],"replies":[{"embeddable":true,"href":"https:\/\/busondakika.com.tr\/index.php?rest_route=%2Fwp%2Fv2%2Fcomments&post=13894"}],"version-history":[{"count":1,"href":"https:\/\/busondakika.com.tr\/index.php?rest_route=\/wp\/v2\/posts\/13894\/revisions"}],"predecessor-version":[{"id":13896,"href":"https:\/\/busondakika.com.tr\/index.php?rest_route=\/wp\/v2\/posts\/13894\/revisions\/13896"}],"wp:featuredmedia":[{"embeddable":true,"href":"https:\/\/busondakika.com.tr\/index.php?rest_route=\/wp\/v2\/media\/13895"}],"wp:attachment":[{"href":"https:\/\/busondakika.com.tr\/index.php?rest_route=%2Fwp%2Fv2%2Fmedia&parent=13894"}],"wp:term":[{"taxonomy":"category","embeddable":true,"href":"https:\/\/busondakika.com.tr\/index.php?rest_route=%2Fwp%2Fv2%2Fcategories&post=13894"},{"taxonomy":"post_tag","embeddable":true,"href":"https:\/\/busondakika.com.tr\/index.php?rest_route=%2Fwp%2Fv2%2Ftags&post=13894"}],"curies":[{"name":"wp","href":"https:\/\/api.w.org\/{rel}","templated":true}]}}