{"id":13903,"date":"2026-04-29T10:27:58","date_gmt":"2026-04-29T10:27:58","guid":{"rendered":"https:\/\/busondakika.com.tr\/?p=13903"},"modified":"2026-04-29T10:28:00","modified_gmt":"2026-04-29T10:28:00","slug":"asattan-elmalida-asfalt-oncesi-altyapi-yatirimi","status":"publish","type":"post","link":"https:\/\/busondakika.com.tr\/?p=13903","title":{"rendered":"ASAT\u2019tan Elmal\u0131\u2019da asfalt \u00f6ncesi altyap\u0131 yat\u0131r\u0131m\u0131"},"content":{"rendered":"<p> \u00a0<\/p>\n<p class=\"MsoNoSpacing\"><span style=\"font-size:12pt\"><span style=\"font-family:Cambria,serif\"><span style=\",serif\">Antalya B\u00fcy\u00fck\u015fehir Belediyesi ASAT Genel M\u00fcd\u00fcrl\u00fc\u011f\u00fc, Elmal\u0131 il\u00e7esinde planlanan s\u0131cak asfalt \u00e7al\u0131\u015fmas\u0131 \u00f6ncesinde kurumlar aras\u0131 i\u015f birli\u011fi g\u00f6zeterek sanayi \u00e7ar\u015f\u0131s\u0131na ula\u015f\u0131m\u0131 sa\u011flayan <\/span><\/span><\/span><\/p>\n<p class=\"MsoNoSpacing\"><span style=\"font-size:12pt\"><span style=\"font-family:Cambria,serif\"><span style=\",serif\">g\u00fczergah\u0131n i\u00e7me suyu altyap\u0131s\u0131n\u0131 yeniliyor. <\/span><\/span><\/span><\/p>\n<p class=\"MsoNoSpacing\"><span style=\"font-size:12pt\"><span style=\"font-family:Cambria,serif\"><span style=\",serif\">ASAT Genel M\u00fcd\u00fcrl\u00fc\u011f\u00fc, Elmal\u0131\u2019da eski Finike Caddesi olarak bilinen ve sanayi \u00e7ar\u015f\u0131s\u0131na ula\u015f\u0131m\u0131 sa\u011flayan g\u00fczergahta, Elmal\u0131 Belediyesi taraf\u0131ndan yap\u0131lacak s\u0131cak asfalt \u00e7al\u0131\u015fmas\u0131 \u00f6ncesi ASAT ekipleri harekete ge\u00e7ti. B\u00f6lgede yeni i\u015f yerleri ve in\u015faat faaliyetlerinin artmas\u0131 nedeniyle, ilerleyen s\u00fcre\u00e7te yap\u0131labilecek kaz\u0131 \u00e7al\u0131\u015fmalar\u0131n\u0131n \u00f6n\u00fcne ge\u00e7mek amac\u0131yla i\u00e7me suyu \u015febeke hatt\u0131 imalat\u0131na ba\u015fland\u0131.<\/span><\/span><\/span><\/p>\n<p class=\"MsoNoSpacing\"><span style=\"font-size:12pt\"><span style=\"font-family:Cambria,serif\"><span style=\",serif\">ALTYAPI G\u00dc\u00c7LEN\u0130YOR, GELECEK KORUNUYOR<\/span><\/span><\/span><\/p>\n<p class=\"MsoNoSpacing\"><span style=\"font-size:12pt\"><span style=\"font-family:Cambria,serif\"><span style=\",serif\">Toplam 1.900 metre uzunlu\u011fundaki hat \u00e7al\u0131\u015fmas\u0131n\u0131n yakla\u015f\u0131k maliyetinin 1 milyon 600 bin TL oldu\u011fu belirtildi. Ger\u00e7ekle\u015ftirilen bu yat\u0131r\u0131mla, hem altyap\u0131n\u0131n g\u00fc\u00e7lendirilmesi hem de il\u00e7enin ihtiya\u00e7lar\u0131na uzun vadeli \u00e7\u00f6z\u00fcmler sunulmas\u0131 ama\u00e7lan\u0131yor. ASAT yetkilileri, planl\u0131 altyap\u0131 \u00e7al\u0131\u015fmalar\u0131yla kamu kaynaklar\u0131n\u0131n verimli kullan\u0131ld\u0131\u011f\u0131n\u0131 vurgulayarak, vatanda\u015flara daha kesintisiz ve s\u00fcrd\u00fcr\u00fclebilir hizmet sunma hedefi do\u011frultusunda \u00e7al\u0131\u015fmalar\u0131n aral\u0131ks\u0131z devam edece\u011fini ifade etti.<\/span><\/span><\/span><\/p>\n<p>\u00a0<\/p>\n<p>Kaynak: (BYZHA) Beyaz Haber Ajans\u0131<\/p>\n","protected":false},"excerpt":{"rendered":"<p>\u00a0    Antalya B\u00fcy\u00fck\u015fehir Belediyesi ASAT Genel M\u00fcd\u00fcrl\u00fc\u011f\u00fc, Elmal\u0131 il\u00e7esinde planlanan s\u0131cak asfalt \u00e7al\u0131\u015fmas\u0131 \u00f6ncesinde kurumlar aras\u0131 i\u015f birli\u011fi g\u00f6zeterek sanayi \u00e7ar\u015f\u0131s\u0131na ula\u015f\u0131m\u0131 sa\u011flayan     g\u00fczergah\u0131n i\u00e7me suyu altyap\u0131s\u0131n\u0131 yeniliyor.<\/p>\n","protected":false},"author":1,"featured_media":13904,"comment_status":"open","ping_status":"open","sticky":false,"template":"","format":"standard","meta":{"footnotes":""},"categories":[21],"tags":[],"class_list":["post-13903","post","type-post","status-publish","format-standard","has-post-thumbnail","hentry","category-gundem"],"_links":{"self":[{"href":"https:\/\/busondakika.com.tr\/index.php?rest_route=\/wp\/v2\/posts\/13903","targetHints":{"allow":["GET"]}}],"collection":[{"href":"https:\/\/busondakika.com.tr\/index.php?rest_route=\/wp\/v2\/posts"}],"about":[{"href":"https:\/\/busondakika.com.tr\/index.php?rest_route=\/wp\/v2\/types\/post"}],"author":[{"embeddable":true,"href":"https:\/\/busondakika.com.tr\/index.php?rest_route=\/wp\/v2\/users\/1"}],"replies":[{"embeddable":true,"href":"https:\/\/busondakika.com.tr\/index.php?rest_route=%2Fwp%2Fv2%2Fcomments&post=13903"}],"version-history":[{"count":1,"href":"https:\/\/busondakika.com.tr\/index.php?rest_route=\/wp\/v2\/posts\/13903\/revisions"}],"predecessor-version":[{"id":13905,"href":"https:\/\/busondakika.com.tr\/index.php?rest_route=\/wp\/v2\/posts\/13903\/revisions\/13905"}],"wp:featuredmedia":[{"embeddable":true,"href":"https:\/\/busondakika.com.tr\/index.php?rest_route=\/wp\/v2\/media\/13904"}],"wp:attachment":[{"href":"https:\/\/busondakika.com.tr\/index.php?rest_route=%2Fwp%2Fv2%2Fmedia&parent=13903"}],"wp:term":[{"taxonomy":"category","embeddable":true,"href":"https:\/\/busondakika.com.tr\/index.php?rest_route=%2Fwp%2Fv2%2Fcategories&post=13903"},{"taxonomy":"post_tag","embeddable":true,"href":"https:\/\/busondakika.com.tr\/index.php?rest_route=%2Fwp%2Fv2%2Ftags&post=13903"}],"curies":[{"name":"wp","href":"https:\/\/api.w.org\/{rel}","templated":true}]}}